{"id":181731,"date":"2025-09-07T13:47:09","date_gmt":"2025-09-07T16:47:09","guid":{"rendered":"https:\/\/cdnoticias.com\/?p=181731"},"modified":"2025-09-07T13:47:10","modified_gmt":"2025-09-07T16:47:10","slug":"la-birome-roja-y-los-fiscales-de-la-libertad-avanza","status":"publish","type":"post","link":"https:\/\/cdnoticias.com\/index.php\/2025\/09\/07\/la-birome-roja-y-los-fiscales-de-la-libertad-avanza\/","title":{"rendered":"La birome roja y los fiscales de La Libertad Avanza"},"content":{"rendered":"\n<p>Se vio una particularidad en los sobres de las votaciones de este domingo: los fiscales libertarios tienen \u201cla bajada\u201d de firmar con rojo. En Olavarr\u00eda no hubo inconvenientes, pero en otros distritos las discusiones llegaron a Junta Electoral.<\/p>\n\n\n\n<hr class=\"wp-block-separator aligncenter has-alpha-channel-opacity\"\/>\n\n\n\n<p>Un dato no pas\u00f3 inadvertido este domingo en las distintas mesas de votaci\u00f3n no s\u00f3lo en Olavarr\u00eda sino tambi\u00e9n en toda la provincia de Buenos Aires fue<strong> la birome roja que utilizaron los fiscales de la alianza La Libertad Avanza.<\/strong><\/p>\n\n\n\n<p>Una de las explicaciones para la decisi\u00f3n de<strong> usar la lapicera de color rojo es que se trata de un kit que lleg\u00f3 a cada distrito desde el \u00e1mbito provincial donde se coordin\u00f3 todo el operativo de los fiscales libertarios.<\/strong><\/p>\n\n\n\n<blockquote class=\"wp-block-quote is-layout-flow wp-block-quote-is-layout-flow\">\n<p>En Olavarr\u00eda el uso de la lapicera de color rojo no gener\u00f3 inconvenientes, aunque en otros municipios se lleg\u00f3 a consultar a la Junta Electoral sobre la decisi\u00f3n adoptada por LLA.<\/p>\n<\/blockquote>\n\n\n\n<p>Desde la Junta respondieron a la consulta:<em> &#8220;La gu\u00eda resumen de autoridades de mesa no dice color, habla solo de firmas de fiscales que deseen hacerlo. Cualquier cosa que llamen al 08006663532 y alguien le dar\u00e1 respuesta desde la secretaria, si todav\u00eda est\u00e1n con dudas. Puede llamar autoridades de mesa o delegados electorales. Tambi\u00e9n los votantes&#8221;<\/em><\/p>\n","protected":false},"excerpt":{"rendered":"<p>Se vio una particularidad en los sobres de las votaciones de este domingo: los fiscales libertarios tienen \u201cla bajada\u201d de<\/p>\n","protected":false},"author":2,"featured_media":181732,"comment_status":"closed","ping_status":"closed","sticky":false,"template":"","format":"standard","meta":{"_jetpack_memberships_contains_paid_content":false,"footnotes":""},"categories":[4,1],"tags":[],"class_list":["post-181731","post","type-post","status-publish","format-standard","has-post-thumbnail","hentry","category-politica","category-portada"],"jetpack_featured_media_url":"https:\/\/i0.wp.com\/cdnoticias.com\/wp-content\/uploads\/2025\/09\/sobre-votacion-provinciales-2025.jpeg?fit=1407%2C882&ssl=1","jetpack_sharing_enabled":true,"_links":{"self":[{"href":"https:\/\/cdnoticias.com\/index.php\/wp-json\/wp\/v2\/posts\/181731","targetHints":{"allow":["GET"]}}],"collection":[{"href":"https:\/\/cdnoticias.com\/index.php\/wp-json\/wp\/v2\/posts"}],"about":[{"href":"https:\/\/cdnoticias.com\/index.php\/wp-json\/wp\/v2\/types\/post"}],"author":[{"embeddable":true,"href":"https:\/\/cdnoticias.com\/index.php\/wp-json\/wp\/v2\/users\/2"}],"replies":[{"embeddable":true,"href":"https:\/\/cdnoticias.com\/index.php\/wp-json\/wp\/v2\/comments?post=181731"}],"version-history":[{"count":0,"href":"https:\/\/cdnoticias.com\/index.php\/wp-json\/wp\/v2\/posts\/181731\/revisions"}],"wp:featuredmedia":[{"embeddable":true,"href":"https:\/\/cdnoticias.com\/index.php\/wp-json\/wp\/v2\/media\/181732"}],"wp:attachment":[{"href":"https:\/\/cdnoticias.com\/index.php\/wp-json\/wp\/v2\/media?parent=181731"}],"wp:term":[{"taxonomy":"category","embeddable":true,"href":"https:\/\/cdnoticias.com\/index.php\/wp-json\/wp\/v2\/categories?post=181731"},{"taxonomy":"post_tag","embeddable":true,"href":"https:\/\/cdnoticias.com\/index.php\/wp-json\/wp\/v2\/tags?post=181731"}],"curies":[{"name":"wp","href":"https:\/\/api.w.org\/{rel}","templated":true}]}}