{"id":181724,"date":"2025-09-07T14:25:47","date_gmt":"2025-09-07T17:25:47","guid":{"rendered":"https:\/\/cdnoticias.com\/?p=181724"},"modified":"2025-09-10T12:51:33","modified_gmt":"2025-09-10T15:51:33","slug":"speroni-el-proceso-eleccionario-se-esta-llevando-a-cabo-con-total-normalidad-en-la-septima","status":"publish","type":"post","link":"https:\/\/cdnoticias.com\/index.php\/2025\/09\/07\/speroni-el-proceso-eleccionario-se-esta-llevando-a-cabo-con-total-normalidad-en-la-septima\/","title":{"rendered":"Speroni: \u201cel proceso eleccionario se est\u00e1 llevando a cabo con total normalidad en la s\u00e9ptima\u201d"},"content":{"rendered":"\n<p>Asimismo, el primer candidato a senador de La Libertad Avanza en la S\u00e9ptima alent\u00f3 a los vecinos de la s\u00e9ptima a que se acerquen a votar.&nbsp;<\/p>\n\n\n\n<hr class=\"wp-block-separator aligncenter has-alpha-channel-opacity\"\/>\n\n\n\n<p>El <strong>primer candidato a senador de La Libertad Avanza en la S\u00e9ptima, Alejandro Speroni <\/strong>cont\u00f3 que \u201c<strong><em>el proceso eleccionario se est\u00e1 llevando a cabo con total normalidad en la s\u00e9ptima. Veremos, todav\u00eda quedan unas cuantas horas\u201d.\u00a0<\/em><\/strong><\/p>\n\n\n\n<p><\/p>\n\n\n\n<blockquote class=\"wp-block-quote is-layout-flow wp-block-quote-is-layout-flow\">\n<p>\u201cNo hay ning\u00fan incidente, ni tampoco como he visto o he o\u00eddo que ocurre en otras secciones, que llegaron boletas que no corresponden al distrito\u201d agreg\u00f3.\u00a0<\/p>\n<\/blockquote>\n\n\n\n<p><\/p>\n\n\n\n<p>En tanto, explic\u00f3 que \u201cl<em>os fiscales tienen que estar ah\u00ed muy esclarecidos para hacer valer la voluntad del elector. Por ah\u00ed corresponden a la secci\u00f3n, pero no al distrito. Viene una boleta de la cuarta secci\u00f3n, pero votando en Jun\u00edn la del distrito de Lincoln. Ese es un voto v\u00e1lido que el elector eligi\u00f3 la boleta de la libertad avanza\u201d.\u00a0<\/em><\/p>\n\n\n\n<p><\/p>\n\n\n\n<blockquote class=\"wp-block-quote is-layout-flow wp-block-quote-is-layout-flow\">\n<p>\u201cEsas anomal\u00edas no estamos teniendo en la s\u00e9ptima, ni incidentes de ning\u00fan tipo, as\u00ed que todo se desarrolla en paz\u201d cont\u00f3.<\/p>\n<\/blockquote>\n\n\n\n<p><\/p>\n\n\n\n<p>Por \u00faltimo, subray\u00f3: <strong><em>\u201csigo alentando a los conciudadanos, a los comprovincianos y vecinos de la s\u00e9ptima que se acerquen a votar. Que aprovechen que es una gran oportunidad para tomar una decisi\u00f3n, que seguramente es perdurable para el futuro de nuestra provincia\u201d.\u00a0<\/em><\/strong><\/p>\n\n\n\n<p><\/p>\n","protected":false},"excerpt":{"rendered":"<p>Asimismo, el primer candidato a senador de La Libertad Avanza en la S\u00e9ptima alent\u00f3 a los vecinos de la s\u00e9ptima<\/p>\n","protected":false},"author":6,"featured_media":181722,"comment_status":"closed","ping_status":"closed","sticky":false,"template":"","format":"standard","meta":{"_jetpack_memberships_contains_paid_content":false,"footnotes":""},"categories":[4,1],"tags":[],"class_list":["post-181724","post","type-post","status-publish","format-standard","has-post-thumbnail","hentry","category-politica","category-portada"],"jetpack_featured_media_url":"https:\/\/i0.wp.com\/cdnoticias.com\/wp-content\/uploads\/2025\/09\/speroni-vota.jpg?fit=800%2C445&ssl=1","jetpack_sharing_enabled":true,"_links":{"self":[{"href":"https:\/\/cdnoticias.com\/index.php\/wp-json\/wp\/v2\/posts\/181724","targetHints":{"allow":["GET"]}}],"collection":[{"href":"https:\/\/cdnoticias.com\/index.php\/wp-json\/wp\/v2\/posts"}],"about":[{"href":"https:\/\/cdnoticias.com\/index.php\/wp-json\/wp\/v2\/types\/post"}],"author":[{"embeddable":true,"href":"https:\/\/cdnoticias.com\/index.php\/wp-json\/wp\/v2\/users\/6"}],"replies":[{"embeddable":true,"href":"https:\/\/cdnoticias.com\/index.php\/wp-json\/wp\/v2\/comments?post=181724"}],"version-history":[{"count":0,"href":"https:\/\/cdnoticias.com\/index.php\/wp-json\/wp\/v2\/posts\/181724\/revisions"}],"wp:featuredmedia":[{"embeddable":true,"href":"https:\/\/cdnoticias.com\/index.php\/wp-json\/wp\/v2\/media\/181722"}],"wp:attachment":[{"href":"https:\/\/cdnoticias.com\/index.php\/wp-json\/wp\/v2\/media?parent=181724"}],"wp:term":[{"taxonomy":"category","embeddable":true,"href":"https:\/\/cdnoticias.com\/index.php\/wp-json\/wp\/v2\/categories?post=181724"},{"taxonomy":"post_tag","embeddable":true,"href":"https:\/\/cdnoticias.com\/index.php\/wp-json\/wp\/v2\/tags?post=181724"}],"curies":[{"name":"wp","href":"https:\/\/api.w.org\/{rel}","templated":true}]}}