{"id":181673,"date":"2025-09-07T10:53:56","date_gmt":"2025-09-07T13:53:56","guid":{"rendered":"https:\/\/cdnoticias.com\/?p=181673"},"modified":"2025-09-07T11:40:13","modified_gmt":"2025-09-07T14:40:13","slug":"mestralet-es-importante-que-esten-registradas-todas-las-voces","status":"publish","type":"post","link":"https:\/\/cdnoticias.com\/index.php\/2025\/09\/07\/mestralet-es-importante-que-esten-registradas-todas-las-voces\/","title":{"rendered":"Mestralet: \u201ces importante que est\u00e9n registradas todas las voces\u201d"},"content":{"rendered":"\n<p>El candidato a concejal del Frente de Izquierda habl\u00f3 de \u201cun esp\u00edritu c\u00edvico quebrado\u201d y llam\u00f3 a votar alternativas.<\/p>\n\n\n\n<hr class=\"wp-block-separator has-alpha-channel-opacity\"\/>\n\n\n\n<p><strong>Agust\u00edn Mestralet, candidato a concejal por el Frente de Izquierda <\/strong>emiti\u00f3 su voto en la Escuela Primaria N\u00b0 60 pasadas las 10:30 de la ma\u00f1ana de este domingo.<\/p>\n\n\n\n<p><\/p>\n\n\n\n<p>El candidato lleg\u00f3 en su bicicleta y habl\u00f3 con los medios presentes. Destac\u00f3 que \u201cha sido una jornada con bastante contratiempo, mesas que no se hab\u00edan presentado las autoridades y que incluso se demoraron una hora y media o dos horas. Esto pas\u00f3 en l\u00edneas generales, <strong>muy pocas escuelas empezaron a horario<\/strong>\u201d.<\/p>\n\n\n\n<p><\/p>\n\n\n\n<figure class=\"wp-block-image size-full\"><img data-recalc-dims=\"1\" loading=\"lazy\" decoding=\"async\" width=\"800\" height=\"445\" src=\"https:\/\/i0.wp.com\/cdnoticias.com\/wp-content\/uploads\/2025\/09\/Diseno-sin-titulo-1-1.png?resize=800%2C445&#038;ssl=1\" alt=\"\" class=\"wp-image-181674\" srcset=\"https:\/\/i0.wp.com\/cdnoticias.com\/wp-content\/uploads\/2025\/09\/Diseno-sin-titulo-1-1.png?w=800&amp;ssl=1 800w, https:\/\/i0.wp.com\/cdnoticias.com\/wp-content\/uploads\/2025\/09\/Diseno-sin-titulo-1-1.png?resize=300%2C167&amp;ssl=1 300w, https:\/\/i0.wp.com\/cdnoticias.com\/wp-content\/uploads\/2025\/09\/Diseno-sin-titulo-1-1.png?resize=768%2C427&amp;ssl=1 768w\" sizes=\"auto, (max-width: 800px) 100vw, 800px\" \/><\/figure>\n\n\n\n<p><\/p>\n\n\n\n<p>Mestralet evalu\u00f3 que \u201cesto es una caracter\u00edstica de esta elecci\u00f3n donde se est\u00e1 registrando por lo menos hasta ahora un escaso inter\u00e9s\u201d. En ese sentido, atribuy\u00f3 que <strong>\u201chabla de un esp\u00edritu c\u00edvico bastante quebrado que obviamente es muy negativo\u201d.<\/strong><\/p>\n\n\n\n<p><br>Ante este panorama de apat\u00eda o descontento \u201ccon los mismos de siempre\u201d asegur\u00f3 que lo importante es que <strong>\u201cvayamos y pongamos otra voz, votemos otra alternativa, pero vayamos a votar. Es importante que est\u00e9n representadas todas las voces\u201d.<\/strong><\/p>\n\n\n\n<p><\/p>\n","protected":false},"excerpt":{"rendered":"<p>El candidato a concejal del Frente de Izquierda habl\u00f3 de \u201cun esp\u00edritu c\u00edvico quebrado\u201d y llam\u00f3 a votar alternativas. Agust\u00edn<\/p>\n","protected":false},"author":5,"featured_media":181675,"comment_status":"closed","ping_status":"closed","sticky":false,"template":"","format":"standard","meta":{"_jetpack_memberships_contains_paid_content":false,"footnotes":""},"categories":[4,1],"tags":[],"class_list":["post-181673","post","type-post","status-publish","format-standard","has-post-thumbnail","hentry","category-politica","category-portada"],"jetpack_featured_media_url":"https:\/\/i0.wp.com\/cdnoticias.com\/wp-content\/uploads\/2025\/09\/Diseno-sin-titulo-16.png?fit=800%2C445&ssl=1","jetpack_sharing_enabled":true,"_links":{"self":[{"href":"https:\/\/cdnoticias.com\/index.php\/wp-json\/wp\/v2\/posts\/181673","targetHints":{"allow":["GET"]}}],"collection":[{"href":"https:\/\/cdnoticias.com\/index.php\/wp-json\/wp\/v2\/posts"}],"about":[{"href":"https:\/\/cdnoticias.com\/index.php\/wp-json\/wp\/v2\/types\/post"}],"author":[{"embeddable":true,"href":"https:\/\/cdnoticias.com\/index.php\/wp-json\/wp\/v2\/users\/5"}],"replies":[{"embeddable":true,"href":"https:\/\/cdnoticias.com\/index.php\/wp-json\/wp\/v2\/comments?post=181673"}],"version-history":[{"count":0,"href":"https:\/\/cdnoticias.com\/index.php\/wp-json\/wp\/v2\/posts\/181673\/revisions"}],"wp:featuredmedia":[{"embeddable":true,"href":"https:\/\/cdnoticias.com\/index.php\/wp-json\/wp\/v2\/media\/181675"}],"wp:attachment":[{"href":"https:\/\/cdnoticias.com\/index.php\/wp-json\/wp\/v2\/media?parent=181673"}],"wp:term":[{"taxonomy":"category","embeddable":true,"href":"https:\/\/cdnoticias.com\/index.php\/wp-json\/wp\/v2\/categories?post=181673"},{"taxonomy":"post_tag","embeddable":true,"href":"https:\/\/cdnoticias.com\/index.php\/wp-json\/wp\/v2\/tags?post=181673"}],"curies":[{"name":"wp","href":"https:\/\/api.w.org\/{rel}","templated":true}]}}