{"id":181669,"date":"2025-09-07T10:38:15","date_gmt":"2025-09-07T13:38:15","guid":{"rendered":"https:\/\/cdnoticias.com\/?p=181669"},"modified":"2025-09-07T10:54:12","modified_gmt":"2025-09-07T13:54:12","slug":"nicolas-zampini-que-no-se-pierda-este-ejercicio-democratico","status":"publish","type":"post","link":"https:\/\/cdnoticias.com\/index.php\/2025\/09\/07\/nicolas-zampini-que-no-se-pierda-este-ejercicio-democratico\/","title":{"rendered":"Nicol\u00e1s Zampini: \u201cque no se pierda este ejercicio democr\u00e1tico\u201d"},"content":{"rendered":"\n<p>El candidato a concejal por La Libertad Avanza se mostr\u00f3 con \u201cexpectativas\u201d y llam\u00f3 a la ciudadan\u00eda a concurrir a votar.<\/p>\n\n\n\n<hr class=\"wp-block-separator has-alpha-channel-opacity\"\/>\n\n\n\n<p>Minutos despu\u00e9s de las 10 de la ma\u00f1ana vot\u00f3 en la<strong> Escuela N\u00b0 49 el primer candidato a concejal por La Libertad Avanza, Nicol\u00e1s Zampini.<\/strong><\/p>\n\n\n\n<p><\/p>\n\n\n\n<p>Zampini se\u00f1al\u00f3 que \u201c<strong>faltaron muchas autoridades de mesa,<\/strong> se trat\u00f3 de resolver de una manera pac\u00edfica y amistosa entre todos los fiscales pero las directoras avaladas por la Junta Electoral decidieron que no, que los fiscales no pod\u00edan ser autoridades de mesa. Se tuvo que esperar que venga alg\u00fan ciudadano a cumplir con esta obligaci\u00f3n\u201d.<\/p>\n\n\n\n<p><\/p>\n\n\n\n<figure class=\"wp-block-image size-full\"><img data-recalc-dims=\"1\" loading=\"lazy\" decoding=\"async\" width=\"800\" height=\"445\" src=\"https:\/\/i0.wp.com\/cdnoticias.com\/wp-content\/uploads\/2025\/09\/zampini-nicolas-legislativas-2025-02.png?resize=800%2C445&#038;ssl=1\" alt=\"\" class=\"wp-image-181670\" srcset=\"https:\/\/i0.wp.com\/cdnoticias.com\/wp-content\/uploads\/2025\/09\/zampini-nicolas-legislativas-2025-02.png?w=800&amp;ssl=1 800w, https:\/\/i0.wp.com\/cdnoticias.com\/wp-content\/uploads\/2025\/09\/zampini-nicolas-legislativas-2025-02.png?resize=300%2C167&amp;ssl=1 300w, https:\/\/i0.wp.com\/cdnoticias.com\/wp-content\/uploads\/2025\/09\/zampini-nicolas-legislativas-2025-02.png?resize=768%2C427&amp;ssl=1 768w\" sizes=\"auto, (max-width: 800px) 100vw, 800px\" \/><\/figure>\n\n\n\n<p><\/p>\n\n\n\n<blockquote class=\"wp-block-quote is-layout-flow wp-block-quote-is-layout-flow\">\n<p>M\u00e1s all\u00e1 de estos inconvenientes sostuvo que \u201cse pudieron abrir las mesas\u201d e insisti\u00f3 en \u201cpedirle a la gente que venga a votar, que no se pierda este ejercicio democr\u00e1tico, que tanto nos cost\u00f3 conseguir la democracia\u201d.<\/p>\n<\/blockquote>\n\n\n\n<p><\/p>\n\n\n\n<p>Por otra parte, el candidato a concejal se mostr\u00f3 <strong>\u201ccon muy buena expectativa, muy buena recepci\u00f3n de la gente,<\/strong> como siempre le digo a mi equipo de trabajo no somos responsables del resultado, pero si del proceso que atravesamos para obtener el resultado y ha sido m\u00e1s que satisfactorio\u201d.<\/p>\n\n\n\n<p><\/p>\n\n\n\n<p>Por \u00faltimo, inform\u00f3 que esperar\u00e1n los resultados en el espacio ubicado en <strong>Hornos y 9 de Julio.<\/strong><\/p>\n\n\n\n<p><\/p>\n","protected":false},"excerpt":{"rendered":"<p>El candidato a concejal por La Libertad Avanza se mostr\u00f3 con \u201cexpectativas\u201d y llam\u00f3 a la ciudadan\u00eda a concurrir a<\/p>\n","protected":false},"author":5,"featured_media":181671,"comment_status":"closed","ping_status":"closed","sticky":false,"template":"","format":"standard","meta":{"_jetpack_memberships_contains_paid_content":false,"footnotes":""},"categories":[4,1],"tags":[],"class_list":["post-181669","post","type-post","status-publish","format-standard","has-post-thumbnail","hentry","category-politica","category-portada"],"jetpack_featured_media_url":"https:\/\/i0.wp.com\/cdnoticias.com\/wp-content\/uploads\/2025\/09\/zampini-nicolas-legislativas-2025-01.png?fit=800%2C445&ssl=1","jetpack_sharing_enabled":true,"_links":{"self":[{"href":"https:\/\/cdnoticias.com\/index.php\/wp-json\/wp\/v2\/posts\/181669","targetHints":{"allow":["GET"]}}],"collection":[{"href":"https:\/\/cdnoticias.com\/index.php\/wp-json\/wp\/v2\/posts"}],"about":[{"href":"https:\/\/cdnoticias.com\/index.php\/wp-json\/wp\/v2\/types\/post"}],"author":[{"embeddable":true,"href":"https:\/\/cdnoticias.com\/index.php\/wp-json\/wp\/v2\/users\/5"}],"replies":[{"embeddable":true,"href":"https:\/\/cdnoticias.com\/index.php\/wp-json\/wp\/v2\/comments?post=181669"}],"version-history":[{"count":0,"href":"https:\/\/cdnoticias.com\/index.php\/wp-json\/wp\/v2\/posts\/181669\/revisions"}],"wp:featuredmedia":[{"embeddable":true,"href":"https:\/\/cdnoticias.com\/index.php\/wp-json\/wp\/v2\/media\/181671"}],"wp:attachment":[{"href":"https:\/\/cdnoticias.com\/index.php\/wp-json\/wp\/v2\/media?parent=181669"}],"wp:term":[{"taxonomy":"category","embeddable":true,"href":"https:\/\/cdnoticias.com\/index.php\/wp-json\/wp\/v2\/categories?post=181669"},{"taxonomy":"post_tag","embeddable":true,"href":"https:\/\/cdnoticias.com\/index.php\/wp-json\/wp\/v2\/tags?post=181669"}],"curies":[{"name":"wp","href":"https:\/\/api.w.org\/{rel}","templated":true}]}}