{"id":181656,"date":"2025-09-07T09:53:04","date_gmt":"2025-09-07T12:53:04","guid":{"rendered":"https:\/\/cdnoticias.com\/?p=181656"},"modified":"2025-09-07T10:38:31","modified_gmt":"2025-09-07T13:38:31","slug":"belen-vergel-espero-que-la-ciudadania-participe","status":"publish","type":"post","link":"https:\/\/cdnoticias.com\/index.php\/2025\/09\/07\/belen-vergel-espero-que-la-ciudadania-participe\/","title":{"rendered":"Bel\u00e9n Vergel: \u201cespero que la ciudadan\u00eda participe\u201d"},"content":{"rendered":"\n<p>La primera candidata a concejal por Somos Olavarr\u00eda emiti\u00f3 su voto en la Escuela Primaria N\u00b051.<\/p>\n\n\n\n<hr class=\"wp-block-separator has-alpha-channel-opacity\"\/>\n\n\n\n<p>La<strong> primera candidata a concejal por Somos Olavarr\u00eda, Bel\u00e9n Vergel,<\/strong> vot\u00f3 algunos minutos despu\u00e9s de las 9:30 de la ma\u00f1ana en la Mesa 35 de la Escuela Primaria N\u00b051.<\/p>\n\n\n\n<p><\/p>\n\n\n\n<p>Vergel indic\u00f3 que \u201cdesde temprano estamos recorriendo la ciudad, tenemos fiscales que est\u00e1n cubriendo todo su trabajo\u201d.<\/p>\n\n\n\n<p><\/p>\n\n\n\n<figure class=\"wp-block-image size-full\"><img data-recalc-dims=\"1\" loading=\"lazy\" decoding=\"async\" width=\"800\" height=\"445\" src=\"https:\/\/i0.wp.com\/cdnoticias.com\/wp-content\/uploads\/2025\/09\/vergel-legislativas-2025-voto-02.png?resize=800%2C445&#038;ssl=1\" alt=\"\" class=\"wp-image-181657\" srcset=\"https:\/\/i0.wp.com\/cdnoticias.com\/wp-content\/uploads\/2025\/09\/vergel-legislativas-2025-voto-02.png?w=800&amp;ssl=1 800w, https:\/\/i0.wp.com\/cdnoticias.com\/wp-content\/uploads\/2025\/09\/vergel-legislativas-2025-voto-02.png?resize=300%2C167&amp;ssl=1 300w, https:\/\/i0.wp.com\/cdnoticias.com\/wp-content\/uploads\/2025\/09\/vergel-legislativas-2025-voto-02.png?resize=768%2C427&amp;ssl=1 768w\" sizes=\"auto, (max-width: 800px) 100vw, 800px\" \/><\/figure>\n\n\n\n<p><\/p>\n\n\n\n<p>Como dato distintivo marc\u00f3 que <strong>\u201cfaltan autoridades de mesa en muchos lugares y eso dificulta el comienzo y hace que la jornada sea m\u00e1s lenta\u201d.<\/strong><\/p>\n\n\n\n<p><\/p>\n\n\n\n<p>Por \u00faltimo, manifest\u00f3 como deseo de estas legislativas 2025 que<strong> \u201cespero que la ciudadan\u00eda vote, que participe\u201d.<\/strong><\/p>\n","protected":false},"excerpt":{"rendered":"<p>La primera candidata a concejal por Somos Olavarr\u00eda emiti\u00f3 su voto en la Escuela Primaria N\u00b051. La primera candidata a<\/p>\n","protected":false},"author":5,"featured_media":181658,"comment_status":"closed","ping_status":"closed","sticky":false,"template":"","format":"standard","meta":{"_jetpack_memberships_contains_paid_content":false,"footnotes":""},"categories":[4,1],"tags":[],"class_list":["post-181656","post","type-post","status-publish","format-standard","has-post-thumbnail","hentry","category-politica","category-portada"],"jetpack_featured_media_url":"https:\/\/i0.wp.com\/cdnoticias.com\/wp-content\/uploads\/2025\/09\/vergel-legislativas-2025-voto-01.png?fit=800%2C445&ssl=1","jetpack_sharing_enabled":true,"_links":{"self":[{"href":"https:\/\/cdnoticias.com\/index.php\/wp-json\/wp\/v2\/posts\/181656","targetHints":{"allow":["GET"]}}],"collection":[{"href":"https:\/\/cdnoticias.com\/index.php\/wp-json\/wp\/v2\/posts"}],"about":[{"href":"https:\/\/cdnoticias.com\/index.php\/wp-json\/wp\/v2\/types\/post"}],"author":[{"embeddable":true,"href":"https:\/\/cdnoticias.com\/index.php\/wp-json\/wp\/v2\/users\/5"}],"replies":[{"embeddable":true,"href":"https:\/\/cdnoticias.com\/index.php\/wp-json\/wp\/v2\/comments?post=181656"}],"version-history":[{"count":0,"href":"https:\/\/cdnoticias.com\/index.php\/wp-json\/wp\/v2\/posts\/181656\/revisions"}],"wp:featuredmedia":[{"embeddable":true,"href":"https:\/\/cdnoticias.com\/index.php\/wp-json\/wp\/v2\/media\/181658"}],"wp:attachment":[{"href":"https:\/\/cdnoticias.com\/index.php\/wp-json\/wp\/v2\/media?parent=181656"}],"wp:term":[{"taxonomy":"category","embeddable":true,"href":"https:\/\/cdnoticias.com\/index.php\/wp-json\/wp\/v2\/categories?post=181656"},{"taxonomy":"post_tag","embeddable":true,"href":"https:\/\/cdnoticias.com\/index.php\/wp-json\/wp\/v2\/tags?post=181656"}],"curies":[{"name":"wp","href":"https:\/\/api.w.org\/{rel}","templated":true}]}}