{"id":181607,"date":"2025-09-06T16:24:53","date_gmt":"2025-09-06T19:24:53","guid":{"rendered":"https:\/\/cdnoticias.com\/?p=181607"},"modified":"2025-09-06T16:24:55","modified_gmt":"2025-09-06T19:24:55","slug":"juan-domingo-spinella-chango-q-e-p-d","status":"publish","type":"post","link":"https:\/\/cdnoticias.com\/index.php\/2025\/09\/06\/juan-domingo-spinella-chango-q-e-p-d\/","title":{"rendered":"Juan Domingo Spinella \u201cChango\u201d (Q.E.P.D.)"},"content":{"rendered":"\n<p>Falleci\u00f3 en Olavarr\u00eda el 6 de<strong> <\/strong>septiembre de 2025 a los 69 a\u00f1os.&nbsp;<\/p>\n\n\n\n<p>Su compa\u00f1era: Adriana Urban; sus hijos: Emmanuel y Juan; dem\u00e1s familiares y amigos participan su fallecimiento.<\/p>\n\n\n\n<p>Sin velatorio. Sin responso. Inhumaci\u00f3n: Crematorio Pinos de Paz, d\u00eda y hora a confirmar.&nbsp;<\/p>\n\n\n\n<p>Vecino de Sierra Chica.<\/p>\n\n\n\n<p>Lugar de nacimiento: Olavarr\u00eda.<\/p>\n\n\n\n<p>Actividad que desarrollaba: Jubilado Penitenciario, Corredor Martillero.<\/p>\n\n\n\n<p><\/p>\n","protected":false},"excerpt":{"rendered":"<p>Falleci\u00f3 en Olavarr\u00eda el 6 de septiembre de 2025 a los 69 a\u00f1os.&nbsp; Su compa\u00f1era: Adriana Urban; sus hijos: Emmanuel<\/p>\n","protected":false},"author":6,"featured_media":67646,"comment_status":"closed","ping_status":"closed","sticky":false,"template":"","format":"standard","meta":{"_jetpack_memberships_contains_paid_content":false,"footnotes":""},"categories":[10],"tags":[],"class_list":["post-181607","post","type-post","status-publish","format-standard","has-post-thumbnail","hentry","category-necrologicas"],"jetpack_featured_media_url":"https:\/\/i0.wp.com\/cdnoticias.com\/wp-content\/uploads\/2022\/10\/necrologicas-390-x-240.jpg?fit=390%2C240&ssl=1","jetpack_sharing_enabled":true,"_links":{"self":[{"href":"https:\/\/cdnoticias.com\/index.php\/wp-json\/wp\/v2\/posts\/181607","targetHints":{"allow":["GET"]}}],"collection":[{"href":"https:\/\/cdnoticias.com\/index.php\/wp-json\/wp\/v2\/posts"}],"about":[{"href":"https:\/\/cdnoticias.com\/index.php\/wp-json\/wp\/v2\/types\/post"}],"author":[{"embeddable":true,"href":"https:\/\/cdnoticias.com\/index.php\/wp-json\/wp\/v2\/users\/6"}],"replies":[{"embeddable":true,"href":"https:\/\/cdnoticias.com\/index.php\/wp-json\/wp\/v2\/comments?post=181607"}],"version-history":[{"count":0,"href":"https:\/\/cdnoticias.com\/index.php\/wp-json\/wp\/v2\/posts\/181607\/revisions"}],"wp:featuredmedia":[{"embeddable":true,"href":"https:\/\/cdnoticias.com\/index.php\/wp-json\/wp\/v2\/media\/67646"}],"wp:attachment":[{"href":"https:\/\/cdnoticias.com\/index.php\/wp-json\/wp\/v2\/media?parent=181607"}],"wp:term":[{"taxonomy":"category","embeddable":true,"href":"https:\/\/cdnoticias.com\/index.php\/wp-json\/wp\/v2\/categories?post=181607"},{"taxonomy":"post_tag","embeddable":true,"href":"https:\/\/cdnoticias.com\/index.php\/wp-json\/wp\/v2\/tags?post=181607"}],"curies":[{"name":"wp","href":"https:\/\/api.w.org\/{rel}","templated":true}]}}