{"id":181599,"date":"2025-09-06T14:06:22","date_gmt":"2025-09-06T17:06:22","guid":{"rendered":"https:\/\/cdnoticias.com\/?p=181599"},"modified":"2025-09-06T14:07:31","modified_gmt":"2025-09-06T17:07:31","slug":"ocho-claves-para-entender-la-importancia-de-las-elecciones-bonaerenses","status":"publish","type":"post","link":"https:\/\/cdnoticias.com\/index.php\/2025\/09\/06\/ocho-claves-para-entender-la-importancia-de-las-elecciones-bonaerenses\/","title":{"rendered":"Ocho claves para entender la importancia de las elecciones bonaerenses"},"content":{"rendered":"<p>Este domingo 14,3 millones de bonaerenses ir\u00e1n a las urnas. Ser\u00e1n elecciones clave para la conformaci\u00f3n de la Legislatura y la gobernabilidad de Axel Kicillof. Todo lo que hay que saber.<!--more--><\/p>\n<hr \/>\n<p>Las <strong>elecciones de la provincia de Buenos Aires del domingo<\/strong> ser\u00e1n clave para definir la <strong>gobernabilidad de Axel Kicillof<\/strong> en el tramo final de su mandato ya que renueva la mitad de la Legislatura. Pero tambi\u00e9n <strong>una muestra de poder hacia la interna peronista<\/strong> y servir\u00e1 como <strong>term\u00f3metro de Fuerza Patria y La Libertad Avanza pensando en octubre<\/strong>.<\/p>\n<h4>1- Qu\u00e9 votan los bonaerenses el 7 de septiembre<\/h4>\n<p>Por primera vez desde la vuelta de la democracia, habr\u00e1 una <strong>elecci\u00f3n desdoblada<\/strong> en la provincia de Buenos Aires de la nacional, que ser\u00e1 el 26 de octubre y elegir\u00e1 diputados nacionales. El domingo, en el territorio bonaerense se votar\u00e1 para definir <strong>23 senadores y 46 diputados provinciales, 1.097 de concejales y 401 consejeros escolares<\/strong> -m\u00e1s los suplentes- entre los 135 municipios.<\/p>\n<p>En la poderosa Tercera secci\u00f3n hay en juego 18 bancas de <strong>diputados<\/strong>; en la Segunda, 11; en la Sexta, 11; y en la Octava (La Plata) 6 diputados provinciales. En tanto, en la Primera, que incluye 24 municipios del conurbano norte y oeste, se eligen 8 <strong>senadores<\/strong>; en la Cuarta, 7; en la Quinta, 5; y <strong>en la S\u00e9ptima, se renuevan 3 bancas<\/strong>.<\/p>\n<h4>2- Cu\u00e1ntos bonaerenses est\u00e1n en condiciones de votar<\/h4>\n<p>La provincia de Buenos Aires es clave en el total de la cantidad de electores a nivel nacional, ya que representa <strong>m\u00e1s de un tercio del total de votos<\/strong>. Sin embargo, ese peso resalta en elecciones presidenciales. Esta vez el comicio es provincial y el territorio est\u00e1 dividido en secciones.<\/p>\n<p>Del total de<strong> 14.376.592 personas habilitadas para ir a las urnas<\/strong>, el <strong>71% corresponden a la Primera secci\u00f3n electoral<\/strong>, donde se dar\u00e1 una batalla clave, y la<strong> Tercera,<\/strong> el basti\u00f3n en el que el peronismo es casi inexpugnable. Estas dos regiones que re\u00fanen <strong>43 distritos re\u00fanen a 10.233.038 de posibles votos<\/strong>.<\/p>\n<p>La<strong> Segunda<\/strong>, que arranca en Z\u00e1rate e incluye a municipios grandes como San Nicol\u00e1s o Pergamino, suman <strong>661.721 electores<\/strong>, el 4,60% del padr\u00f3n. La <strong>Cuarta Secci\u00f3n<\/strong>, con 19 municipios del noroeste bonaerense como Jun\u00edn y Chivilcoy a la cabeza, suma <strong>547.677 electores<\/strong>, el 3,81% del padr\u00f3n.<\/p>\n<p>Por su parte, la <strong>Quinta<\/strong> (27 municipios) con epicentro en Mar del Plata, tiene <strong>1.336.787 votantes<\/strong>, el 9,29% del padr\u00f3n. La <strong>Sexta Secci\u00f3n<\/strong>, con 22 municipios del sudoeste y donde destaca Bah\u00eda Blanca, suma <strong>672.483 electores<\/strong>, lo que representa el 4,68%.<\/p>\n<blockquote><p>Mientras que la S\u00e9ptima Secci\u00f3n Electoral, que abarca solo a ocho municipios de la zona centro, tiene apenas 285.047 votantes, el 1,98% de la provincia.<\/p><\/blockquote>\n<p>La<strong> Octava<\/strong> Secci\u00f3n, s\u00f3lo La Plata, tiene<strong> 639.839 electores<\/strong>, el 4,45% del padr\u00f3n.<\/p>\n<p><img data-recalc-dims=\"1\" loading=\"lazy\" decoding=\"async\" class=\"alignnone size-full wp-image-181600 aligncenter\" src=\"https:\/\/i0.wp.com\/cdnoticias.com\/wp-content\/uploads\/2025\/09\/elecciones-correo-escrutinio.jpg?resize=800%2C533&#038;ssl=1\" alt=\"\" width=\"800\" height=\"533\" srcset=\"https:\/\/i0.wp.com\/cdnoticias.com\/wp-content\/uploads\/2025\/09\/elecciones-correo-escrutinio.jpg?w=800&amp;ssl=1 800w, https:\/\/i0.wp.com\/cdnoticias.com\/wp-content\/uploads\/2025\/09\/elecciones-correo-escrutinio.jpg?resize=300%2C200&amp;ssl=1 300w, https:\/\/i0.wp.com\/cdnoticias.com\/wp-content\/uploads\/2025\/09\/elecciones-correo-escrutinio.jpg?resize=768%2C512&amp;ssl=1 768w, https:\/\/i0.wp.com\/cdnoticias.com\/wp-content\/uploads\/2025\/09\/elecciones-correo-escrutinio.jpg?resize=272%2C182&amp;ssl=1 272w\" sizes=\"auto, (max-width: 800px) 100vw, 800px\" \/><\/p>\n<h4>3- El peso del voto \u201cextranjero\u201d<\/h4>\n<p><strong>M\u00e1s de un mill\u00f3n de extranjeros residentes<\/strong> en la provincia de Buenos Aires quedaron habilitados para participar en las elecciones legislativas, lo que marca un <strong>fuerte crecimiento en comparaci\u00f3n con el comicio de hace cuatro a\u00f1os<\/strong>.<\/p>\n<p>Seg\u00fan una resoluci\u00f3n de la Junta Electoral,<strong> el n\u00famero total es de 1.015.233<\/strong>. La cifra marca un<strong> crecimiento de 23,7%<\/strong> en relaci\u00f3n con la votaci\u00f3n legislativa de 2021, cuando eran 820.530 los que estaban en condiciones de votar. En este contexto, la Justicia electoral orden\u00f3 la<strong> constituci\u00f3n de 2401 mesas de extranjeros<\/strong> en los 135 distritos bonaerenses.<\/p>\n<h4>4- El rol del voto joven<\/h4>\n<p>La Junta Electoral bonaerense defini\u00f3 el uso del padr\u00f3n y la participaci\u00f3n de j\u00f3venes en las elecciones provinciales y aclar\u00f3 la situaci\u00f3n de<strong> aquellos que cumplan 16 a\u00f1os entre ese comicio y el nacional del 26 de octubre<\/strong>.<\/p>\n<p>Seg\u00fan la normativa vigente, los argentinos nativos y por opci\u00f3n pueden votar desde los 16 a\u00f1os, y los naturalizados a partir de los 18, siempre que est\u00e9n debidamente inscriptos en el Registro Electoral y no se encuentren inhabilitados legalmente.<\/p>\n<p>Sin embargo, como el Ejecutivo Provincial decidi\u00f3 no adherir al r\u00e9gimen de simultaneidad con las elecciones nacionales, se generar\u00e1 una diferencia clave en el universo de votantes: <strong>quienes no hayan cumplido los 16 a\u00f1os al 7 de septiembre, fecha de las elecciones provinciales, no podr\u00e1n votar en esa instancia<\/strong>, aunque s\u00ed podr\u00e1n hacerlo en los comicios nacionales del 26 de octubre, si ya han alcanzado la edad requerida.<\/p>\n<h4>5- Todos miran al ausentismo<\/h4>\n<p>Hasta el momento, <strong>los \u00edndices de participaci\u00f3n en las elecciones de 2025 se ubicaron -en promedio- en torno al 60%<\/strong>, casi veinte puntos por debajo de la media hist\u00f3rica, algo que marca un escenario in\u00e9dito e imprevisible. Sin embargo, las distintas fuerzas pol\u00edticas hacen<strong> interpretaciones diversas sobre a qui\u00e9n puede favorecer la baja participaci\u00f3n<\/strong>.<\/p>\n<p>Lo cierto es que en el territorio bonaerense, <strong>entre 2013 y 2023, el promedio de participaci\u00f3n electoral fue del 76%<\/strong>. En ambos casos fueron comicios simult\u00e1neos con los nacionales, algo que esta vez no va a suceder.<\/p>\n<h4>6- Qu\u00e9 pasa si no voto en las elecciones<\/h4>\n<p>Seg\u00fan la Ley Electoral Provincial N\u00b0 5109, <strong>los electores mayores de 18 a\u00f1os y menores de 70 a\u00f1os que figuren en el padr\u00f3n electoral tienen la obligaci\u00f3n de emitir su voto<\/strong> en las elecciones legislativas provinciales. Por lo tanto, quienes no participen de los comicios de este domingo ser\u00e1n <strong>sancionados por la justicia electoral<\/strong> provincial.<\/p>\n<p>El art\u00edculo 137 de la Ley Electoral Provincial N\u00b0 5109 establece <strong>una multa para los electores que no emitan su voto y no justifiquen su ausencia<\/strong> ante la Junta Electoral. Actualizado por este organismo, podr\u00eda salir<strong> entre $1000 y $2.000<\/strong>. Adem\u00e1s de la sanci\u00f3n econ\u00f3mica, el Gobierno provincial advierte que el infractor puede quedar registrado en el <strong>Registro de Infractores al deber de votar<\/strong>.<em> Las multas recaudadas se destinan al fomento de la educaci\u00f3n com\u00fan en los respectivos distritos.<\/em><\/p>\n<p><img data-recalc-dims=\"1\" loading=\"lazy\" decoding=\"async\" class=\"alignnone size-full wp-image-181256 aligncenter\" src=\"https:\/\/i0.wp.com\/cdnoticias.com\/wp-content\/uploads\/2025\/09\/elecciones-operativo-urnas.jpg?resize=800%2C445&#038;ssl=1\" alt=\"\" width=\"800\" height=\"445\" srcset=\"https:\/\/i0.wp.com\/cdnoticias.com\/wp-content\/uploads\/2025\/09\/elecciones-operativo-urnas.jpg?w=800&amp;ssl=1 800w, https:\/\/i0.wp.com\/cdnoticias.com\/wp-content\/uploads\/2025\/09\/elecciones-operativo-urnas.jpg?resize=300%2C167&amp;ssl=1 300w, https:\/\/i0.wp.com\/cdnoticias.com\/wp-content\/uploads\/2025\/09\/elecciones-operativo-urnas.jpg?resize=768%2C427&amp;ssl=1 768w\" sizes=\"auto, (max-width: 800px) 100vw, 800px\" \/><\/p>\n<h4>7- Cu\u00e1ndo se conocer\u00e1n los resultados<\/h4>\n<p>La Junta Electoral de la provincia de Buenos Aires (JEP) difundi\u00f3 el horario y las condiciones en las que se difundir\u00e1n <strong>los primeros resultados del escrutinio provisorio<\/strong>. Seg\u00fan indic\u00f3, la difusi\u00f3n deber\u00e1 comenzar<strong> a las 21 del domingo<\/strong> o cuando se haya cargado un porcentaje representativo que supere <strong>al menos el 30% de las mesas escrutadas en cada secci\u00f3n electoral<\/strong>.<\/p>\n<h4>8- Qu\u00e9 pasa con el voto nulo en esta elecci\u00f3n<\/h4>\n<p>Tras el desdoblamiento electoral, <strong>la provincia de Buenos Aires modific\u00f3 el sistema de conteo de votos<\/strong>, ya que en las pr\u00f3ximas elecciones se aplicar\u00e1n los lineamientos de la ley electoral provincial y no los criterios hist\u00f3ricos vinculados a los comicios nacionales.<\/p>\n<p>La normativa vigente, representada en la Ley 5.109, establece solo <strong>tres categor\u00edas de votos: afirmativos, en blanco y de identidad impugnada<\/strong>. El voto nulo no forma parte de esta clasificaci\u00f3n.<\/p>\n<p>La ley contempla distintas situaciones en el proceso de emisi\u00f3n y conteo. Seg\u00fan el Art\u00edculo 86, si se encuentran<strong> varias boletas en un mismo sobre y pertenecen al mismo partido, se contar\u00e1 solo una<\/strong>; si corresponden a <strong>listas diferentes, ese voto se considerar\u00e1 en blanco<\/strong>.<\/p>\n<p>El Art\u00edculo 87 determina que <strong>\u00fanicamente ser\u00e1n v\u00e1lidas las boletas oficializadas<\/strong>. En caso de detectarse <strong>boletas no autorizadas por la Junta Electoral<\/strong>, esos sufragios tambi\u00e9n contar\u00e1n como votos en blanco.<\/p>\n<p>En tanto, el Art\u00edculo 88 detalla que ser\u00e1n <strong>considerados votos en blanco<\/strong> aquellos sobres que contengan <strong>boletas ilegibles, sin nombres v\u00e1lidos de candidatos o con listados m\u00faltiples<\/strong> cuyo orden no pueda determinarse, as\u00ed como las papeletas que permitan identificar al votante.<\/p>\n<p>Fuente: <em>Agencia DIB<\/em><\/p>\n","protected":false},"excerpt":{"rendered":"<p>Este domingo 14,3 millones de bonaerenses ir\u00e1n a las urnas. Ser\u00e1n elecciones clave para la conformaci\u00f3n de la Legislatura y<\/p>\n","protected":false},"author":4,"featured_media":181601,"comment_status":"closed","ping_status":"closed","sticky":false,"template":"","format":"standard","meta":{"_jetpack_memberships_contains_paid_content":false,"footnotes":""},"categories":[6,1],"tags":[],"class_list":["post-181599","post","type-post","status-publish","format-standard","has-post-thumbnail","hentry","category-nacionales","category-portada"],"jetpack_featured_media_url":"https:\/\/i0.wp.com\/cdnoticias.com\/wp-content\/uploads\/2025\/09\/elecciones-urnas-correo-00.jpg?fit=800%2C534&ssl=1","jetpack_sharing_enabled":true,"_links":{"self":[{"href":"https:\/\/cdnoticias.com\/index.php\/wp-json\/wp\/v2\/posts\/181599","targetHints":{"allow":["GET"]}}],"collection":[{"href":"https:\/\/cdnoticias.com\/index.php\/wp-json\/wp\/v2\/posts"}],"about":[{"href":"https:\/\/cdnoticias.com\/index.php\/wp-json\/wp\/v2\/types\/post"}],"author":[{"embeddable":true,"href":"https:\/\/cdnoticias.com\/index.php\/wp-json\/wp\/v2\/users\/4"}],"replies":[{"embeddable":true,"href":"https:\/\/cdnoticias.com\/index.php\/wp-json\/wp\/v2\/comments?post=181599"}],"version-history":[{"count":0,"href":"https:\/\/cdnoticias.com\/index.php\/wp-json\/wp\/v2\/posts\/181599\/revisions"}],"wp:featuredmedia":[{"embeddable":true,"href":"https:\/\/cdnoticias.com\/index.php\/wp-json\/wp\/v2\/media\/181601"}],"wp:attachment":[{"href":"https:\/\/cdnoticias.com\/index.php\/wp-json\/wp\/v2\/media?parent=181599"}],"wp:term":[{"taxonomy":"category","embeddable":true,"href":"https:\/\/cdnoticias.com\/index.php\/wp-json\/wp\/v2\/categories?post=181599"},{"taxonomy":"post_tag","embeddable":true,"href":"https:\/\/cdnoticias.com\/index.php\/wp-json\/wp\/v2\/tags?post=181599"}],"curies":[{"name":"wp","href":"https:\/\/api.w.org\/{rel}","templated":true}]}}