{"id":181557,"date":"2025-09-05T20:13:18","date_gmt":"2025-09-05T23:13:18","guid":{"rendered":"https:\/\/cdnoticias.com\/?p=181557"},"modified":"2025-09-05T20:13:20","modified_gmt":"2025-09-05T23:13:20","slug":"wesner-encabezo-el-acto-por-el-dia-del-inmigrante","status":"publish","type":"post","link":"https:\/\/cdnoticias.com\/index.php\/2025\/09\/05\/wesner-encabezo-el-acto-por-el-dia-del-inmigrante\/","title":{"rendered":"Wesner encabez\u00f3 el acto por el \u201cD\u00eda del Inmigrante\u201d"},"content":{"rendered":"\n<p>Concurrieron integrantes de colectividades de Bolivia, Chile, Italia, Portugal, Eslovenia, Vascos, Libaneses, Espa\u00f1a, Alemania y Francia.<\/p>\n\n\n\n<hr class=\"wp-block-separator aligncenter has-alpha-channel-opacity\"\/>\n\n\n\n<p>Este jueves, se celebr\u00f3 el \u201c<strong>D\u00eda del Inmigrante<\/strong>\u201d, una fecha que marca no s\u00f3lo el calendario local, sino tambi\u00e9n el perfil y unos de los principales rasgos de nuestro Partido. La actividad tuvo como sede, precisamente, <strong>la plaza \u201cDe los Inmigrantes\u201d de Loma Negra<\/strong>.\u00a0<\/p>\n\n\n\n<p><\/p>\n\n\n\n<p>El evento cont\u00f3 con la participaci\u00f3n del<strong> intendente Maximiliano Wesner,<\/strong> quien concurri\u00f3 acompa\u00f1ado por integrantes de su equipo de trabajo. Estuvieron presentes adem\u00e1s referentes e integrantes de numerosas colectividades, instituciones y comunidad en general.<\/p>\n\n\n\n<p><\/p>\n\n\n\n<blockquote class=\"wp-block-quote is-layout-flow wp-block-quote-is-layout-flow\">\n<p>El acto comenz\u00f3 minutos antes de las 15, poniendo en valor una fecha que tiene por objetivo rendir un merecido reconocimiento y homenaje a quienes, persiguiendo sus sue\u00f1os, fueron parte esencial del crecimiento de cada localidad, de cada ciudad de nuestro pa\u00eds.\u00a0<\/p>\n<\/blockquote>\n\n\n\n<p><\/p>\n\n\n\n<p>Es por ello que el enfoque est\u00e1 dado en la valorizaci\u00f3n del aporte hist\u00f3rico, cultural, costumbres y tradiciones que a\u00fan persisten y enriquecen nuestra identidad nacional. <strong>Concurrieron integrantes de colectividades de Bolivia, Chile, Italia, Portugal, Eslovenia, Vascos, Libaneses, Espa\u00f1a, Alemania y Francia.<\/strong><\/p>\n\n\n\n<p><\/p>\n\n\n\n<figure class=\"wp-block-image aligncenter size-full\"><img data-recalc-dims=\"1\" loading=\"lazy\" decoding=\"async\" width=\"770\" height=\"549\" src=\"https:\/\/i0.wp.com\/cdnoticias.com\/wp-content\/uploads\/2025\/09\/dia-del-inmigrante.png?resize=770%2C549&#038;ssl=1\" alt=\"\" class=\"wp-image-181561\" srcset=\"https:\/\/i0.wp.com\/cdnoticias.com\/wp-content\/uploads\/2025\/09\/dia-del-inmigrante.png?w=770&amp;ssl=1 770w, https:\/\/i0.wp.com\/cdnoticias.com\/wp-content\/uploads\/2025\/09\/dia-del-inmigrante.png?resize=300%2C214&amp;ssl=1 300w, https:\/\/i0.wp.com\/cdnoticias.com\/wp-content\/uploads\/2025\/09\/dia-del-inmigrante.png?resize=768%2C548&amp;ssl=1 768w\" sizes=\"auto, (max-width: 770px) 100vw, 770px\" \/><\/figure>\n\n\n\n<p><\/p>\n\n\n\n<p>En la ocasi\u00f3n las palabras alusivas estuvieron a cargo de <strong>Mauro Mar\u00edn, represente de la Casa de Cultura y Turismo de Loma Negra,<\/strong> organizadores del evento junto al Municipio; y de <strong>Alberto Saitti, <\/strong>en representaci\u00f3n de inmigrantes de la localidad y de Kamen, la agrupaci\u00f3n de personas eslovenas y\/o descendientes de ese pa\u00eds.<\/p>\n\n\n\n<p><\/p>\n\n\n\n<p>De la actividad tambi\u00e9n fueron parte la jefa de Gabinete Mercedes Land\u00edvar, el secretario de Desarrollo Econ\u00f3mico y Productivo Pablo Di Uono, la subsecretaria de Cultura y Educaci\u00f3n Sof\u00eda Ar\u00e9valo, el director de Gesti\u00f3n Territorial Leonardo Yunger y el delegado municipal de Loma Negra Gabriel Suburu.&nbsp;<\/p>\n\n\n\n<p><\/p>\n\n\n\n<p>Adem\u00e1s estuvieron presentes representantes de la Uni\u00f3n de colectividades de la Ciudad de Olavarr\u00eda, de la Agrupaci\u00f3n de Veteranos de Guerra \u201c2 de Abril\u201d, del Destacamento N\u00b0 1 de Bomberos Voluntarios y banderas de ceremonia de las siguientes instituciones: Jard\u00edn de Infantes 905, Escuela Primaria N\u00b0 12, Escuela Primaria N\u00b0 79, Escuela de Educaci\u00f3n Secundaria N\u00b03, Cens N\u00b0 451, CEA N\u00b0 704 y del Centro Madre Teresa de Calcuta.<\/p>\n\n\n\n<p><\/p>\n\n\n\n<p>A la par, tambi\u00e9n acompa\u00f1aron la celebraci\u00f3n la Comisi\u00f3n Damas por la sonrisa de un ni\u00f1o, Grupo Scout Parroquia Santa Elena, Integrantes de la comisi\u00f3n del Club Loma Negra, Sociedad de fomento Villa Alfredo Fortabat, Parroquia Santa Elena y Centro de jubilados \u201cLos j\u00f3venes abuelos\u201d.<\/p>\n\n\n\n<p><\/p>\n\n\n\n<figure class=\"wp-block-image aligncenter size-full\"><img data-recalc-dims=\"1\" loading=\"lazy\" decoding=\"async\" width=\"800\" height=\"473\" src=\"https:\/\/i0.wp.com\/cdnoticias.com\/wp-content\/uploads\/2025\/09\/dia-del-inmigrante1.jpg?resize=800%2C473&#038;ssl=1\" alt=\"\" class=\"wp-image-181560\" srcset=\"https:\/\/i0.wp.com\/cdnoticias.com\/wp-content\/uploads\/2025\/09\/dia-del-inmigrante1.jpg?w=900&amp;ssl=1 900w, https:\/\/i0.wp.com\/cdnoticias.com\/wp-content\/uploads\/2025\/09\/dia-del-inmigrante1.jpg?resize=300%2C177&amp;ssl=1 300w, https:\/\/i0.wp.com\/cdnoticias.com\/wp-content\/uploads\/2025\/09\/dia-del-inmigrante1.jpg?resize=768%2C454&amp;ssl=1 768w\" sizes=\"auto, (max-width: 800px) 100vw, 800px\" \/><\/figure>\n","protected":false},"excerpt":{"rendered":"<p>Concurrieron integrantes de colectividades de Bolivia, Chile, Italia, Portugal, Eslovenia, Vascos, Libaneses, Espa\u00f1a, Alemania y Francia. Este jueves, se celebr\u00f3<\/p>\n","protected":false},"author":6,"featured_media":181559,"comment_status":"closed","ping_status":"closed","sticky":false,"template":"","format":"standard","meta":{"_jetpack_memberships_contains_paid_content":false,"footnotes":""},"categories":[5,1],"tags":[],"class_list":["post-181557","post","type-post","status-publish","format-standard","has-post-thumbnail","hentry","category-informacion-general","category-portada"],"jetpack_featured_media_url":"https:\/\/i0.wp.com\/cdnoticias.com\/wp-content\/uploads\/2025\/09\/dia-del-inmigrante2.png?fit=895%2C524&ssl=1","jetpack_sharing_enabled":true,"_links":{"self":[{"href":"https:\/\/cdnoticias.com\/index.php\/wp-json\/wp\/v2\/posts\/181557","targetHints":{"allow":["GET"]}}],"collection":[{"href":"https:\/\/cdnoticias.com\/index.php\/wp-json\/wp\/v2\/posts"}],"about":[{"href":"https:\/\/cdnoticias.com\/index.php\/wp-json\/wp\/v2\/types\/post"}],"author":[{"embeddable":true,"href":"https:\/\/cdnoticias.com\/index.php\/wp-json\/wp\/v2\/users\/6"}],"replies":[{"embeddable":true,"href":"https:\/\/cdnoticias.com\/index.php\/wp-json\/wp\/v2\/comments?post=181557"}],"version-history":[{"count":0,"href":"https:\/\/cdnoticias.com\/index.php\/wp-json\/wp\/v2\/posts\/181557\/revisions"}],"wp:featuredmedia":[{"embeddable":true,"href":"https:\/\/cdnoticias.com\/index.php\/wp-json\/wp\/v2\/media\/181559"}],"wp:attachment":[{"href":"https:\/\/cdnoticias.com\/index.php\/wp-json\/wp\/v2\/media?parent=181557"}],"wp:term":[{"taxonomy":"category","embeddable":true,"href":"https:\/\/cdnoticias.com\/index.php\/wp-json\/wp\/v2\/categories?post=181557"},{"taxonomy":"post_tag","embeddable":true,"href":"https:\/\/cdnoticias.com\/index.php\/wp-json\/wp\/v2\/tags?post=181557"}],"curies":[{"name":"wp","href":"https:\/\/api.w.org\/{rel}","templated":true}]}}