{"id":181552,"date":"2025-09-05T18:36:50","date_gmt":"2025-09-05T21:36:50","guid":{"rendered":"https:\/\/cdnoticias.com\/?p=181552"},"modified":"2025-09-05T20:58:06","modified_gmt":"2025-09-05T23:58:06","slug":"posicionamiento-de-la-mesa-multisectorial-por-memoria-verdad-y-justicia-de-tandil","status":"publish","type":"post","link":"https:\/\/cdnoticias.com\/index.php\/2025\/09\/05\/posicionamiento-de-la-mesa-multisectorial-por-memoria-verdad-y-justicia-de-tandil\/","title":{"rendered":"Posicionamiento de la Mesa Multisectorial por Memoria, Verdad y Justicia de Tandil"},"content":{"rendered":"\n<p>\u201cNo se trata solo de un tr\u00e1mite judicial: se trata de un hecho hist\u00f3rico que interpela a nuestra sociedad en su conjunto, que reconstruye la verdad frente al negacionismo y que reafirma el camino de la democracia con memoria\u201d remarcaron. <\/p>\n\n\n\n<hr class=\"wp-block-separator aligncenter has-alpha-channel-opacity\"\/>\n\n\n\n<p>La <strong>Mesa Multisectorial por Memoria, Verdad y Justicia de Tandil<\/strong> expres\u00f3 con firmeza y convicci\u00f3n que <strong>la lectura del veredicto del juicio La Huerta en Tandil constituye un triunfo colectivo de la lucha por los derechos humanos.<\/strong><\/p>\n\n\n\n<p><\/p>\n\n\n\n<p><em>\u201cDesde que se conoci\u00f3 la realizaci\u00f3n de este proceso, exigimos que se garantizara la publicidad, la local\u00eda y el acceso de la comunidad a este acto de justicia\u201d <\/em>expresaron.\u00a0<\/p>\n\n\n\n<p><\/p>\n\n\n\n<blockquote class=\"wp-block-quote is-layout-flow wp-block-quote-is-layout-flow\">\n<p>Asimismo, agregaron: \u201cNo se trata solo de un tr\u00e1mite judicial: se trata de un hecho hist\u00f3rico que interpela a nuestra sociedad en su conjunto, que reconstruye la verdad frente al negacionismo y que reafirma el camino de la democracia con memoria\u201d.\u00a0<\/p>\n<\/blockquote>\n\n\n\n<p><\/p>\n\n\n\n<p>Se indic\u00f3 que el pedido formal presentado por la Mesa<strong> fue acompa\u00f1ado por una amplia pluralidad de sectores sociales, sindicales, acad\u00e9micos, pol\u00edticos y culturales<\/strong>, incluyendo a <strong>intendentes de distintos distritos<\/strong> alcanzados por este juicio.\u00a0<\/p>\n\n\n\n<p><\/p>\n\n\n\n<blockquote class=\"wp-block-quote is-layout-flow wp-block-quote-is-layout-flow\">\n<p>\u201cEsa diversidad refleja la potencia de un reclamo que no admite dilaciones ni silencios: los cr\u00edmenes de lesa humanidad no prescriben, y su juzgamiento es un derecho irrenunciable del pueblo argentino\u201d sentenciaron.\u00a0<\/p>\n<\/blockquote>\n\n\n\n<p><\/p>\n\n\n\n<p>Por \u00faltimo, cerraron: \u201cEl pr\u00f3ximo <strong>24 de octubre<\/strong>, la<strong> lectura de la sentencia en la UNICEN ser\u00e1 un acto de justicia, pero tambi\u00e9n de comunidad. <\/strong>Estaremos all\u00ed, como estuvimos siempre, <strong>sosteniendo la memoria de las v\u00edctimas, abrazando a los sobrevivientes y reclamando c\u00e1rcel com\u00fan, perpetua y efectiva para todos los responsables del terrorismo de Estado<\/strong>. Seguiremos diciendo, una y mil veces:<strong> \u00a1Memoria, Verdad y Justicia! \u00a1Nunca M\u00e1s!<\/strong><\/p>\n\n\n\n<p><\/p>\n","protected":false},"excerpt":{"rendered":"<p>\u201cNo se trata solo de un tr\u00e1mite judicial: se trata de un hecho hist\u00f3rico que interpela a nuestra sociedad en<\/p>\n","protected":false},"author":6,"featured_media":181553,"comment_status":"closed","ping_status":"closed","sticky":false,"template":"","format":"standard","meta":{"_jetpack_memberships_contains_paid_content":false,"footnotes":""},"categories":[5,1],"tags":[],"class_list":["post-181552","post","type-post","status-publish","format-standard","has-post-thumbnail","hentry","category-informacion-general","category-portada"],"jetpack_featured_media_url":"https:\/\/i0.wp.com\/cdnoticias.com\/wp-content\/uploads\/2025\/09\/juiciolahuerta.jpg?fit=900%2C509&ssl=1","jetpack_sharing_enabled":true,"_links":{"self":[{"href":"https:\/\/cdnoticias.com\/index.php\/wp-json\/wp\/v2\/posts\/181552","targetHints":{"allow":["GET"]}}],"collection":[{"href":"https:\/\/cdnoticias.com\/index.php\/wp-json\/wp\/v2\/posts"}],"about":[{"href":"https:\/\/cdnoticias.com\/index.php\/wp-json\/wp\/v2\/types\/post"}],"author":[{"embeddable":true,"href":"https:\/\/cdnoticias.com\/index.php\/wp-json\/wp\/v2\/users\/6"}],"replies":[{"embeddable":true,"href":"https:\/\/cdnoticias.com\/index.php\/wp-json\/wp\/v2\/comments?post=181552"}],"version-history":[{"count":0,"href":"https:\/\/cdnoticias.com\/index.php\/wp-json\/wp\/v2\/posts\/181552\/revisions"}],"wp:featuredmedia":[{"embeddable":true,"href":"https:\/\/cdnoticias.com\/index.php\/wp-json\/wp\/v2\/media\/181553"}],"wp:attachment":[{"href":"https:\/\/cdnoticias.com\/index.php\/wp-json\/wp\/v2\/media?parent=181552"}],"wp:term":[{"taxonomy":"category","embeddable":true,"href":"https:\/\/cdnoticias.com\/index.php\/wp-json\/wp\/v2\/categories?post=181552"},{"taxonomy":"post_tag","embeddable":true,"href":"https:\/\/cdnoticias.com\/index.php\/wp-json\/wp\/v2\/tags?post=181552"}],"curies":[{"name":"wp","href":"https:\/\/api.w.org\/{rel}","templated":true}]}}