{"id":181542,"date":"2025-09-05T18:05:06","date_gmt":"2025-09-05T21:05:06","guid":{"rendered":"https:\/\/cdnoticias.com\/?p=181542"},"modified":"2025-09-05T18:05:07","modified_gmt":"2025-09-05T21:05:07","slug":"trabajos-de-limpieza-del-cauce-del-arroyo-tapalque","status":"publish","type":"post","link":"https:\/\/cdnoticias.com\/index.php\/2025\/09\/05\/trabajos-de-limpieza-del-cauce-del-arroyo-tapalque\/","title":{"rendered":"Trabajos de limpieza del cauce del arroyo Tapalqu\u00e9"},"content":{"rendered":"\n<p>Las tareas se desplegaron en el sector comprendido entre avenida De los Trabajadores y Ruta 226, con direcci\u00f3n hacia Sierra Chica.<\/p>\n\n\n\n<hr class=\"wp-block-separator aligncenter has-alpha-channel-opacity\"\/>\n\n\n\n<p>Se encuentran en marcha<strong> diversos trabajos de limpieza del cauce del arroyo Tapalqu\u00e9,<\/strong> labores que se ejecutan en su<strong> tramo urbano norte<\/strong>. Se trata de una labor articulada entre el Gobierno de la Provincia de Buenos Aires y el Municipio de Olavarr\u00eda.<\/p>\n\n\n\n<p><\/p>\n\n\n\n<p>Los trabajos corresponden a una licitaci\u00f3n realizada desde el <strong>Ministerio de Infraestructura bonaerense<\/strong>, para el despliegue de diversos trabajos en materia hidr\u00e1ulica en la regi\u00f3n centro de la Provincia, denominado Departamento Zona V. <\/p>\n\n\n\n<p><\/p>\n\n\n\n<blockquote class=\"wp-block-quote is-layout-flow wp-block-quote-is-layout-flow\">\n<p>Desde la Secretar\u00eda de Obras, Infraestructura y Servicios P\u00fablicos, a trav\u00e9s de la Direcci\u00f3n de Hidr\u00e1ulica y Pavimento, se coordin\u00f3 que esas labores se desplieguen en el sector comprendido entre avenida De los Trabajadores y Ruta 226, con direcci\u00f3n hacia Sierra Chica.<\/p>\n<\/blockquote>\n\n\n\n<p><\/p>\n\n\n\n<p>Vale destacar que el despliegue se inici\u00f3 d\u00edas atr\u00e1s y <strong>continuar\u00e1 durante la pr\u00f3xima semana, <\/strong>con la utilizaci\u00f3n de dos retroexcavadoras y camiones de carga. La inspecci\u00f3n de los trabajos es llevada a cabo desde la mencionada Direcci\u00f3n municipal y consiste en la <strong>limpieza de sedimentos del fondo del arroyo Tapalqu\u00e9 y la conformaci\u00f3n del cauce.<\/strong><\/p>\n\n\n\n<p><\/p>\n","protected":false},"excerpt":{"rendered":"<p>Las tareas se desplegaron en el sector comprendido entre avenida De los Trabajadores y Ruta 226, con direcci\u00f3n hacia Sierra<\/p>\n","protected":false},"author":6,"featured_media":181543,"comment_status":"closed","ping_status":"closed","sticky":false,"template":"","format":"standard","meta":{"_jetpack_memberships_contains_paid_content":false,"footnotes":""},"categories":[5,1],"tags":[],"class_list":["post-181542","post","type-post","status-publish","format-standard","has-post-thumbnail","hentry","category-informacion-general","category-portada"],"jetpack_featured_media_url":"https:\/\/i0.wp.com\/cdnoticias.com\/wp-content\/uploads\/2025\/09\/arroyo-tapalque.jpg?fit=884%2C542&ssl=1","jetpack_sharing_enabled":true,"_links":{"self":[{"href":"https:\/\/cdnoticias.com\/index.php\/wp-json\/wp\/v2\/posts\/181542","targetHints":{"allow":["GET"]}}],"collection":[{"href":"https:\/\/cdnoticias.com\/index.php\/wp-json\/wp\/v2\/posts"}],"about":[{"href":"https:\/\/cdnoticias.com\/index.php\/wp-json\/wp\/v2\/types\/post"}],"author":[{"embeddable":true,"href":"https:\/\/cdnoticias.com\/index.php\/wp-json\/wp\/v2\/users\/6"}],"replies":[{"embeddable":true,"href":"https:\/\/cdnoticias.com\/index.php\/wp-json\/wp\/v2\/comments?post=181542"}],"version-history":[{"count":0,"href":"https:\/\/cdnoticias.com\/index.php\/wp-json\/wp\/v2\/posts\/181542\/revisions"}],"wp:featuredmedia":[{"embeddable":true,"href":"https:\/\/cdnoticias.com\/index.php\/wp-json\/wp\/v2\/media\/181543"}],"wp:attachment":[{"href":"https:\/\/cdnoticias.com\/index.php\/wp-json\/wp\/v2\/media?parent=181542"}],"wp:term":[{"taxonomy":"category","embeddable":true,"href":"https:\/\/cdnoticias.com\/index.php\/wp-json\/wp\/v2\/categories?post=181542"},{"taxonomy":"post_tag","embeddable":true,"href":"https:\/\/cdnoticias.com\/index.php\/wp-json\/wp\/v2\/tags?post=181542"}],"curies":[{"name":"wp","href":"https:\/\/api.w.org\/{rel}","templated":true}]}}