{"id":181537,"date":"2025-09-05T17:31:31","date_gmt":"2025-09-05T20:31:31","guid":{"rendered":"https:\/\/cdnoticias.com\/?p=181537"},"modified":"2025-09-06T10:25:09","modified_gmt":"2025-09-06T13:25:09","slug":"sierras-bayas-avanza-la-obra-para-la-concrecion-de-la-playa-de-camiones","status":"publish","type":"post","link":"https:\/\/cdnoticias.com\/index.php\/2025\/09\/05\/sierras-bayas-avanza-la-obra-para-la-concrecion-de-la-playa-de-camiones\/","title":{"rendered":"Sierras Bayas: avanza la obra para la concreci\u00f3n de la playa de camiones\u00a0"},"content":{"rendered":"\n<p>El predio ya cuenta con las torres de iluminaci\u00f3n y avanzan las labores de suministro el\u00e9ctrico, a la par de los trabajos para culminar el cerramiento perimetral.<\/p>\n\n\n\n<hr class=\"wp-block-separator aligncenter has-alpha-channel-opacity\"\/>\n\n\n\n<p>Desde el Municipio se inform\u00f3 que <strong>avanzaron las obras de construcci\u00f3n de la playa de camiones de Sierras Bayas<\/strong>, que se encontrar\u00e1 situada sobre el acceso a la localidad serrana.\u00a0<\/p>\n\n\n\n<p><\/p>\n\n\n\n<p>Esta obra <em><strong>\u201cbrindar\u00e1 una respuesta concreta no s\u00f3lo a transportistas, sino tambi\u00e9n a vecinos y vecinas, ya que contribuir\u00e1 al ordenamiento del tr\u00e1nsito pesado y al mantenimiento de las calles internas\u201d<\/strong><\/em> expresaron.\u00a0<\/p>\n\n\n\n<p><\/p>\n\n\n\n<blockquote class=\"wp-block-quote is-layout-flow wp-block-quote-is-layout-flow\">\n<p>El predio ya cuenta con las torres de iluminaci\u00f3n y avanzan las labores de suministro el\u00e9ctrico, a la par de los trabajos para culminar el cerramiento perimetral. Asimismo, tambi\u00e9n ya se encuentran en marcha las labores para la construcci\u00f3n de la oficina de control, ubicada en el acceso al predio, y sanitarios.<\/p>\n<\/blockquote>\n\n\n\n<p><\/p>\n\n\n\n<p>Por \u00faltimo, vale mencionar que<strong> el proyecto de la obra contempla adem\u00e1s la colocaci\u00f3n de un port\u00f3n de acceso <\/strong>y la <strong>pavimentaci\u00f3n del ingreso al predio.<\/strong><\/p>\n\n\n\n<p><\/p>\n","protected":false},"excerpt":{"rendered":"<p>El predio ya cuenta con las torres de iluminaci\u00f3n y avanzan las labores de suministro el\u00e9ctrico, a la par de<\/p>\n","protected":false},"author":6,"featured_media":181540,"comment_status":"closed","ping_status":"closed","sticky":false,"template":"","format":"standard","meta":{"_jetpack_memberships_contains_paid_content":false,"footnotes":""},"categories":[5,1],"tags":[],"class_list":["post-181537","post","type-post","status-publish","format-standard","has-post-thumbnail","hentry","category-informacion-general","category-portada"],"jetpack_featured_media_url":"https:\/\/i0.wp.com\/cdnoticias.com\/wp-content\/uploads\/2025\/09\/playa-de-camiones1.png?fit=881%2C512&ssl=1","jetpack_sharing_enabled":true,"_links":{"self":[{"href":"https:\/\/cdnoticias.com\/index.php\/wp-json\/wp\/v2\/posts\/181537","targetHints":{"allow":["GET"]}}],"collection":[{"href":"https:\/\/cdnoticias.com\/index.php\/wp-json\/wp\/v2\/posts"}],"about":[{"href":"https:\/\/cdnoticias.com\/index.php\/wp-json\/wp\/v2\/types\/post"}],"author":[{"embeddable":true,"href":"https:\/\/cdnoticias.com\/index.php\/wp-json\/wp\/v2\/users\/6"}],"replies":[{"embeddable":true,"href":"https:\/\/cdnoticias.com\/index.php\/wp-json\/wp\/v2\/comments?post=181537"}],"version-history":[{"count":0,"href":"https:\/\/cdnoticias.com\/index.php\/wp-json\/wp\/v2\/posts\/181537\/revisions"}],"wp:featuredmedia":[{"embeddable":true,"href":"https:\/\/cdnoticias.com\/index.php\/wp-json\/wp\/v2\/media\/181540"}],"wp:attachment":[{"href":"https:\/\/cdnoticias.com\/index.php\/wp-json\/wp\/v2\/media?parent=181537"}],"wp:term":[{"taxonomy":"category","embeddable":true,"href":"https:\/\/cdnoticias.com\/index.php\/wp-json\/wp\/v2\/categories?post=181537"},{"taxonomy":"post_tag","embeddable":true,"href":"https:\/\/cdnoticias.com\/index.php\/wp-json\/wp\/v2\/tags?post=181537"}],"curies":[{"name":"wp","href":"https:\/\/api.w.org\/{rel}","templated":true}]}}