{"id":181527,"date":"2025-09-05T17:00:07","date_gmt":"2025-09-05T20:00:07","guid":{"rendered":"https:\/\/cdnoticias.com\/?p=181527"},"modified":"2025-09-05T17:00:09","modified_gmt":"2025-09-05T20:00:09","slug":"charla-preventiva-sobre-tabaquismo-en-bomberos-de-olavarria","status":"publish","type":"post","link":"https:\/\/cdnoticias.com\/index.php\/2025\/09\/05\/charla-preventiva-sobre-tabaquismo-en-bomberos-de-olavarria\/","title":{"rendered":"Charla preventiva sobre tabaquismo en Bomberos de Olavarr\u00eda"},"content":{"rendered":"\n<p>El personal del Cuerpo Activo particip\u00f3 de una jornada de prevenci\u00f3n y concientizaci\u00f3n junto a la Dra. Natalia \u00c1lvarez&nbsp; y LALCEC. La actividad incluy\u00f3 una charla informativa y espirometr\u00edas.<\/p>\n\n\n\n<hr class=\"wp-block-separator aligncenter has-alpha-channel-opacity\"\/>\n\n\n\n<p>En el marco de las acciones de cuidado de la salud, <strong>Bomberos Voluntarios de Olavarr\u00eda tuvieron una charla preventiva sobre tabaquismo,<\/strong> organizada por el Consejo Directivo y la Subcomisi\u00f3n de Damas de la instituci\u00f3n.\u00a0<\/p>\n\n\n\n<p><\/p>\n\n\n\n<p>La disertaci\u00f3n estuvo a cargo de la <strong>Dra. Natalia \u00c1lvarez,<\/strong> m\u00e9dica neumon\u00f3loga, <strong>en coordinaci\u00f3n con LALCEC.<\/strong><\/p>\n\n\n\n<p><\/p>\n\n\n\n<figure class=\"wp-block-image aligncenter size-full\"><img data-recalc-dims=\"1\" loading=\"lazy\" decoding=\"async\" width=\"800\" height=\"474\" src=\"https:\/\/i0.wp.com\/cdnoticias.com\/wp-content\/uploads\/2025\/09\/bomberos-charla-nofumar2.jpg?resize=800%2C474&#038;ssl=1\" alt=\"\" class=\"wp-image-181529\" srcset=\"https:\/\/i0.wp.com\/cdnoticias.com\/wp-content\/uploads\/2025\/09\/bomberos-charla-nofumar2.jpg?w=900&amp;ssl=1 900w, https:\/\/i0.wp.com\/cdnoticias.com\/wp-content\/uploads\/2025\/09\/bomberos-charla-nofumar2.jpg?resize=300%2C178&amp;ssl=1 300w, https:\/\/i0.wp.com\/cdnoticias.com\/wp-content\/uploads\/2025\/09\/bomberos-charla-nofumar2.jpg?resize=768%2C455&amp;ssl=1 768w\" sizes=\"auto, (max-width: 800px) 100vw, 800px\" \/><\/figure>\n\n\n\n<p><\/p>\n\n\n\n<p>Durante la jornada se abordaron los <strong>efectos nocivos del consumo de tabaco tradicional<\/strong> y tambi\u00e9n se hizo especial hincapi\u00e9 en <strong>nuevas formas de fumar, como los vapers,<\/strong> cuyos riesgos muchas veces son subestimados. Esto, en concordancia con los cuidados que deben tener las y los bomberos voluntarios en la labor de su servicio.\u00a0<\/p>\n\n\n\n<p><\/p>\n\n\n\n<p>Adem\u00e1s, <strong>se realizaron espirometr\u00edas al personal bomberil, <\/strong>con el objetivo de <strong>evaluar la funci\u00f3n pulmonar <\/strong>y brindar un control preventivo individualizado, favoreciendo el diagn\u00f3stico temprano de posibles alteraciones respiratorias.<\/p>\n","protected":false},"excerpt":{"rendered":"<p>El personal del Cuerpo Activo particip\u00f3 de una jornada de prevenci\u00f3n y concientizaci\u00f3n junto a la Dra. Natalia \u00c1lvarez&nbsp; y<\/p>\n","protected":false},"author":6,"featured_media":181530,"comment_status":"closed","ping_status":"closed","sticky":false,"template":"","format":"standard","meta":{"_jetpack_memberships_contains_paid_content":false,"footnotes":""},"categories":[5,1],"tags":[],"class_list":["post-181527","post","type-post","status-publish","format-standard","has-post-thumbnail","hentry","category-informacion-general","category-portada"],"jetpack_featured_media_url":"https:\/\/i0.wp.com\/cdnoticias.com\/wp-content\/uploads\/2025\/09\/bomberos-charla-nofumar1.jpg?fit=887%2C537&ssl=1","jetpack_sharing_enabled":true,"_links":{"self":[{"href":"https:\/\/cdnoticias.com\/index.php\/wp-json\/wp\/v2\/posts\/181527","targetHints":{"allow":["GET"]}}],"collection":[{"href":"https:\/\/cdnoticias.com\/index.php\/wp-json\/wp\/v2\/posts"}],"about":[{"href":"https:\/\/cdnoticias.com\/index.php\/wp-json\/wp\/v2\/types\/post"}],"author":[{"embeddable":true,"href":"https:\/\/cdnoticias.com\/index.php\/wp-json\/wp\/v2\/users\/6"}],"replies":[{"embeddable":true,"href":"https:\/\/cdnoticias.com\/index.php\/wp-json\/wp\/v2\/comments?post=181527"}],"version-history":[{"count":0,"href":"https:\/\/cdnoticias.com\/index.php\/wp-json\/wp\/v2\/posts\/181527\/revisions"}],"wp:featuredmedia":[{"embeddable":true,"href":"https:\/\/cdnoticias.com\/index.php\/wp-json\/wp\/v2\/media\/181530"}],"wp:attachment":[{"href":"https:\/\/cdnoticias.com\/index.php\/wp-json\/wp\/v2\/media?parent=181527"}],"wp:term":[{"taxonomy":"category","embeddable":true,"href":"https:\/\/cdnoticias.com\/index.php\/wp-json\/wp\/v2\/categories?post=181527"},{"taxonomy":"post_tag","embeddable":true,"href":"https:\/\/cdnoticias.com\/index.php\/wp-json\/wp\/v2\/tags?post=181527"}],"curies":[{"name":"wp","href":"https:\/\/api.w.org\/{rel}","templated":true}]}}