{"id":181495,"date":"2025-09-05T10:39:59","date_gmt":"2025-09-05T13:39:59","guid":{"rendered":"https:\/\/cdnoticias.com\/?p=181495"},"modified":"2025-09-05T15:38:11","modified_gmt":"2025-09-05T18:38:11","slug":"escuela-especial-casa-de-maria-la-provincia-subsidiara-el-100-de-los-sueldos-docentes","status":"publish","type":"post","link":"https:\/\/cdnoticias.com\/index.php\/2025\/09\/05\/escuela-especial-casa-de-maria-la-provincia-subsidiara-el-100-de-los-sueldos-docentes\/","title":{"rendered":"Escuela Especial \u201cCasa de Mar\u00eda\u201d: la Provincia subsidiar\u00e1 el 100% de los sueldos docentes"},"content":{"rendered":"\n<p>La instituci\u00f3n local recibi\u00f3 la confirmaci\u00f3n a partir de gestiones realizadas por el Municipio. El intendente Wesner visit\u00f3 la sede.<\/p>\n\n\n\n<hr class=\"wp-block-separator has-alpha-channel-opacity\"\/>\n\n\n\n<p>En la tarde del jueves el intendente Maximiliano Wesner visit\u00f3 la sede de la<strong> Escuela de Educaci\u00f3n Especial \u201cCasa de Mar\u00eda\u201d, que es gestionada por el Grupo Ilusiones<\/strong>, la reconocida asociaci\u00f3n civil que, a partir de un trabajo sostenido y basado en el amor, la empat\u00eda y la solidaridad hacia las personas con discapacidad ha sabido ganarse el reconocimiento no s\u00f3lo de toda la comunidad olavarriense, sino que adem\u00e1s se han erigido como una referencia en toda la regi\u00f3n.<\/p>\n\n\n\n<p><\/p>\n\n\n\n<p>El jefe comunal, quien estuvo acompa\u00f1ado por la Jefa de Gabinete Mercedes Land\u00edvar y la Jefa Regional de Educaci\u00f3n de Gesti\u00f3n Privada Romina Altafini, fue recibido por Antonio D\u00edaz, Director de \u201cCasa de Mar\u00eda\u201d y miembro fundador del Grupo Ilusiones, y Silvia Timmerman, integrante de la Comisi\u00f3n Directiva, adem\u00e1s de referentes institucionales e integrantes del personal docente y profesional de la instituci\u00f3n ubicada sobre<strong> avenida Avellaneda al 4100.<\/strong><\/p>\n\n\n\n<p><\/p>\n\n\n\n<figure class=\"wp-block-image size-full\"><img data-recalc-dims=\"1\" loading=\"lazy\" decoding=\"async\" width=\"800\" height=\"445\" src=\"https:\/\/i0.wp.com\/cdnoticias.com\/wp-content\/uploads\/2025\/09\/casa-de-maria-ilusiones-02.png?resize=800%2C445&#038;ssl=1\" alt=\"\" class=\"wp-image-181496\" srcset=\"https:\/\/i0.wp.com\/cdnoticias.com\/wp-content\/uploads\/2025\/09\/casa-de-maria-ilusiones-02.png?w=800&amp;ssl=1 800w, https:\/\/i0.wp.com\/cdnoticias.com\/wp-content\/uploads\/2025\/09\/casa-de-maria-ilusiones-02.png?resize=300%2C167&amp;ssl=1 300w, https:\/\/i0.wp.com\/cdnoticias.com\/wp-content\/uploads\/2025\/09\/casa-de-maria-ilusiones-02.png?resize=768%2C427&amp;ssl=1 768w\" sizes=\"auto, (max-width: 800px) 100vw, 800px\" \/><\/figure>\n\n\n\n<p><\/p>\n\n\n\n<p><strong>\u201cMe invade la emoci\u00f3n, porque es algo que ven\u00edamos pidiendo, insistiendo, que lo hab\u00edamos marcado como una prioridad\u201d, <\/strong>expres\u00f3 el jefe comunal de Olavarr\u00eda al dialogar acerca de la reciente noticia que recibi\u00f3 \u201cCasa de Mar\u00eda\u201d, la confirmaci\u00f3n que<strong> desde el Gobierno Provincial, a partir de las gestiones realizadas desde el Municipio y la Jefatura Regional de Educaci\u00f3n de Gesti\u00f3n Privada, se subsidiar\u00e1 al 100% los sueldos del personal docente que all\u00ed se desempe\u00f1a.<\/strong><\/p>\n\n\n\n<p><\/p>\n\n\n\n<p>\u201c<strong>Es de ustedes, es de su lucha, es para los pibes y para las pibas.<\/strong> Nosotros estamos muy felices. Todos tenemos un mismo sentimiento. Quienes conocemos la instituci\u00f3n, que la hemos recorrido tantas veces, esto es invaluable. Porque no solamente es la monetizaci\u00f3n de los sueldos, ac\u00e1 hay mucho m\u00e1s, permite tambi\u00e9n poder proyectar para el futuro de la instituci\u00f3n. Recuerden que nuestras puertas est\u00e1n abiertas y que podamos seguir trabajando de manera conjunta\u201d, finaliz\u00f3 Wesner, visiblemente emocionado.<\/p>\n","protected":false},"excerpt":{"rendered":"<p>La instituci\u00f3n local recibi\u00f3 la confirmaci\u00f3n a partir de gestiones realizadas por el Municipio. El intendente Wesner visit\u00f3 la sede.<\/p>\n","protected":false},"author":5,"featured_media":181497,"comment_status":"closed","ping_status":"closed","sticky":false,"template":"","format":"standard","meta":{"_jetpack_memberships_contains_paid_content":false,"footnotes":""},"categories":[5,1],"tags":[],"class_list":["post-181495","post","type-post","status-publish","format-standard","has-post-thumbnail","hentry","category-informacion-general","category-portada"],"jetpack_featured_media_url":"https:\/\/i0.wp.com\/cdnoticias.com\/wp-content\/uploads\/2025\/09\/casa-de-maria-ilusiones-01.png?fit=800%2C445&ssl=1","jetpack_sharing_enabled":true,"_links":{"self":[{"href":"https:\/\/cdnoticias.com\/index.php\/wp-json\/wp\/v2\/posts\/181495","targetHints":{"allow":["GET"]}}],"collection":[{"href":"https:\/\/cdnoticias.com\/index.php\/wp-json\/wp\/v2\/posts"}],"about":[{"href":"https:\/\/cdnoticias.com\/index.php\/wp-json\/wp\/v2\/types\/post"}],"author":[{"embeddable":true,"href":"https:\/\/cdnoticias.com\/index.php\/wp-json\/wp\/v2\/users\/5"}],"replies":[{"embeddable":true,"href":"https:\/\/cdnoticias.com\/index.php\/wp-json\/wp\/v2\/comments?post=181495"}],"version-history":[{"count":0,"href":"https:\/\/cdnoticias.com\/index.php\/wp-json\/wp\/v2\/posts\/181495\/revisions"}],"wp:featuredmedia":[{"embeddable":true,"href":"https:\/\/cdnoticias.com\/index.php\/wp-json\/wp\/v2\/media\/181497"}],"wp:attachment":[{"href":"https:\/\/cdnoticias.com\/index.php\/wp-json\/wp\/v2\/media?parent=181495"}],"wp:term":[{"taxonomy":"category","embeddable":true,"href":"https:\/\/cdnoticias.com\/index.php\/wp-json\/wp\/v2\/categories?post=181495"},{"taxonomy":"post_tag","embeddable":true,"href":"https:\/\/cdnoticias.com\/index.php\/wp-json\/wp\/v2\/tags?post=181495"}],"curies":[{"name":"wp","href":"https:\/\/api.w.org\/{rel}","templated":true}]}}