{"id":181457,"date":"2025-09-04T19:59:37","date_gmt":"2025-09-04T22:59:37","guid":{"rendered":"https:\/\/cdnoticias.com\/?p=181457"},"modified":"2025-09-05T09:22:41","modified_gmt":"2025-09-05T12:22:41","slug":"las-personas-pueden-estar-descreidas-cuando-se-las-defrauda-pero-cuando-se-trabaja-en-serio-se-movilizan","status":"publish","type":"post","link":"https:\/\/cdnoticias.com\/index.php\/2025\/09\/04\/las-personas-pueden-estar-descreidas-cuando-se-las-defrauda-pero-cuando-se-trabaja-en-serio-se-movilizan\/","title":{"rendered":"\u201cLas personas pueden estar descre\u00eddas cuando se las defrauda, pero cuando se trabaja en serio se movilizan\u201d"},"content":{"rendered":"\n<p>Leonardo Yunger, primer candidato a concejal de la lista de Fuerza Patria, dialog\u00f3 con Central de Noticias sobre sus proyectos, el trabajo de defender la gesti\u00f3n y lo que viene: \u201cen estas elecciones hay que votar a Fuerza Patria porque es la lista de Maxi\u201d dijo.<\/p>\n\n\n\n<hr class=\"wp-block-separator aligncenter has-alpha-channel-opacity\"\/>\n\n\n\n<p>A horas del cierre de campa\u00f1a de cara a las Legislativas Provinciales de este domingo, <strong>una de las figuras protag\u00f3nicas de esta etapa es la de Leonardo Yunger, primer candidato a concejal de Fuerza Patria en el distrito<\/strong>. Es, descripto por propios y ajenos,<strong> el principal representante de la gesti\u00f3n Wesner en su primera legislativa como Intendente<\/strong>. El director de Gesti\u00f3n Territorial avanza hacia los comicios del domingo adelantando que habr\u00e1 propuestas y, tambi\u00e9n, mucho por trabajar junto a los vecinos.<\/p>\n\n\n\n<p>En un extenso di\u00e1logo con <strong>Central de Noticias,<\/strong> r\u00e1pidamente dej\u00f3 en claro las razones de por qu\u00e9 hay que votar a Fuerza Patria<em>: \u201c<strong>hay que votar a Fuerza Patria porque es la lista de Maxi, nuestro intendente. <\/strong>Es la lista que apuesta por un voto de confianza para seguir profundizando el camino que iniciamos en 2023 en Olavarr\u00eda. Es la lista que de alguna manera tambi\u00e9n viene a representar todos los proyectos, iniciativas de los vecinos, de las instituciones de la comunidad para llevarlas al Concejo Deliberante y encarar estos dos a\u00f1os de gesti\u00f3n que quedan con m\u00e1s fuerza y tambi\u00e9n llevar una impronta que represente a los vecinos al HCD\u201d.<\/em><\/p>\n\n\n\n<figure class=\"wp-block-image size-full\"><img data-recalc-dims=\"1\" loading=\"lazy\" decoding=\"async\" width=\"800\" height=\"531\" src=\"https:\/\/i0.wp.com\/cdnoticias.com\/wp-content\/uploads\/2025\/09\/Entrevista-Yunger-06.jpg?resize=800%2C531&#038;ssl=1\" alt=\"\" class=\"wp-image-181416\" srcset=\"https:\/\/i0.wp.com\/cdnoticias.com\/wp-content\/uploads\/2025\/09\/Entrevista-Yunger-06.jpg?w=1024&amp;ssl=1 1024w, https:\/\/i0.wp.com\/cdnoticias.com\/wp-content\/uploads\/2025\/09\/Entrevista-Yunger-06.jpg?resize=300%2C199&amp;ssl=1 300w, https:\/\/i0.wp.com\/cdnoticias.com\/wp-content\/uploads\/2025\/09\/Entrevista-Yunger-06.jpg?resize=768%2C510&amp;ssl=1 768w, https:\/\/i0.wp.com\/cdnoticias.com\/wp-content\/uploads\/2025\/09\/Entrevista-Yunger-06.jpg?resize=272%2C182&amp;ssl=1 272w\" sizes=\"auto, (max-width: 800px) 100vw, 800px\" \/><\/figure>\n\n\n\n<p>Son momentos complejos y los vecinos expresan sus preocupaciones y problem\u00e1ticas:<em> \u201clas principales demandas que nosotros nos encontramos, que son las problem\u00e1ticas que atraviesan nuestros vecinos, son la falta del trabajo, la complicaci\u00f3n de la situaci\u00f3n econ\u00f3mica cada d\u00eda, que muchas veces desde las pol\u00edticas p\u00fablicas locales es algo que nos queda dif\u00edcil de resolver porque est\u00e1 anclado en la macroeconom\u00eda nacional, en la decisi\u00f3n de parar la obra p\u00fablica a nivel nacional, eso nos est\u00e1 afectando\u201d.<\/em><\/p>\n\n\n\n<p class=\"has-large-font-size\">Propuestas<\/p>\n\n\n\n<p>El joven candidato se\u00f1al\u00f3 que la intenci\u00f3n es la de<em><strong> \u201cllevar propuestas concretas al Concejo Deliberante\u201d<\/strong><\/em> y <em>\u201ctienen que ver con el<strong> Plan Director de nuestro Hospital Municipal,<\/strong> que es el coraz\u00f3n del sistema de salud de nuestro partido. Poder legislar para que las distintas gestiones municipales puedan hacer un seguimiento, actualizarlo, porque eso es lo que nos permite planificar de ac\u00e1 a 15, 20 a\u00f1os con planes trienales de inversi\u00f3n para renovar la aparatolog\u00eda y los distintos espacios\u201d.<\/em><\/p>\n\n\n\n<figure class=\"wp-block-embed is-type-rich is-provider-instagram wp-block-embed-instagram\"><div class=\"wp-block-embed__wrapper\">\n<blockquote class=\"instagram-media\" data-instgrm-captioned data-instgrm-permalink=\"https:\/\/www.instagram.com\/reel\/DOMqe_rCM0M\/?utm_source=ig_embed&amp;utm_campaign=loading\" data-instgrm-version=\"14\" style=\" background:#FFF; border:0; border-radius:3px; box-shadow:0 0 1px 0 rgba(0,0,0,0.5),0 1px 10px 0 rgba(0,0,0,0.15); margin: 1px; max-width:658px; min-width:326px; padding:0; width:99.375%; width:-webkit-calc(100% - 2px); width:calc(100% - 2px);\"><div style=\"padding:16px;\"> <a href=\"https:\/\/www.instagram.com\/reel\/DOMqe_rCM0M\/?utm_source=ig_embed&amp;utm_campaign=loading\" style=\" background:#FFFFFF; line-height:0; padding:0 0; text-align:center; text-decoration:none; width:100%;\" target=\"_blank\"> <div style=\" display: flex; flex-direction: row; align-items: center;\"> <div style=\"background-color: #F4F4F4; border-radius: 50%; flex-grow: 0; height: 40px; margin-right: 14px; width: 40px;\"><\/div> <div style=\"display: flex; flex-direction: column; flex-grow: 1; justify-content: center;\"> <div style=\" background-color: #F4F4F4; border-radius: 4px; flex-grow: 0; height: 14px; margin-bottom: 6px; width: 100px;\"><\/div> <div style=\" background-color: #F4F4F4; border-radius: 4px; flex-grow: 0; height: 14px; width: 60px;\"><\/div><\/div><\/div><div style=\"padding: 19% 0;\"><\/div> <div style=\"display:block; height:50px; margin:0 auto 12px; width:50px;\"><svg width=\"50px\" height=\"50px\" viewBox=\"0 0 60 60\" version=\"1.1\" xmlns=\"https:\/\/www.w3.org\/2000\/svg\" xmlns:xlink=\"https:\/\/www.w3.org\/1999\/xlink\"><g stroke=\"none\" stroke-width=\"1\" fill=\"none\" fill-rule=\"evenodd\"><g transform=\"translate(-511.000000, -20.000000)\" fill=\"#000000\"><g><path d=\"M556.869,30.41 C554.814,30.41 553.148,32.076 553.148,34.131 C553.148,36.186 554.814,37.852 556.869,37.852 C558.924,37.852 560.59,36.186 560.59,34.131 C560.59,32.076 558.924,30.41 556.869,30.41 M541,60.657 C535.114,60.657 530.342,55.887 530.342,50 C530.342,44.114 535.114,39.342 541,39.342 C546.887,39.342 551.658,44.114 551.658,50 C551.658,55.887 546.887,60.657 541,60.657 M541,33.886 C532.1,33.886 524.886,41.1 524.886,50 C524.886,58.899 532.1,66.113 541,66.113 C549.9,66.113 557.115,58.899 557.115,50 C557.115,41.1 549.9,33.886 541,33.886 M565.378,62.101 C565.244,65.022 564.756,66.606 564.346,67.663 C563.803,69.06 563.154,70.057 562.106,71.106 C561.058,72.155 560.06,72.803 558.662,73.347 C557.607,73.757 556.021,74.244 553.102,74.378 C549.944,74.521 548.997,74.552 541,74.552 C533.003,74.552 532.056,74.521 528.898,74.378 C525.979,74.244 524.393,73.757 523.338,73.347 C521.94,72.803 520.942,72.155 519.894,71.106 C518.846,70.057 518.197,69.06 517.654,67.663 C517.244,66.606 516.755,65.022 516.623,62.101 C516.479,58.943 516.448,57.996 516.448,50 C516.448,42.003 516.479,41.056 516.623,37.899 C516.755,34.978 517.244,33.391 517.654,32.338 C518.197,30.938 518.846,29.942 519.894,28.894 C520.942,27.846 521.94,27.196 523.338,26.654 C524.393,26.244 525.979,25.756 528.898,25.623 C532.057,25.479 533.004,25.448 541,25.448 C548.997,25.448 549.943,25.479 553.102,25.623 C556.021,25.756 557.607,26.244 558.662,26.654 C560.06,27.196 561.058,27.846 562.106,28.894 C563.154,29.942 563.803,30.938 564.346,32.338 C564.756,33.391 565.244,34.978 565.378,37.899 C565.522,41.056 565.552,42.003 565.552,50 C565.552,57.996 565.522,58.943 565.378,62.101 M570.82,37.631 C570.674,34.438 570.167,32.258 569.425,30.349 C568.659,28.377 567.633,26.702 565.965,25.035 C564.297,23.368 562.623,22.342 560.652,21.575 C558.743,20.834 556.562,20.326 553.369,20.18 C550.169,20.033 549.148,20 541,20 C532.853,20 531.831,20.033 528.631,20.18 C525.438,20.326 523.257,20.834 521.349,21.575 C519.376,22.342 517.703,23.368 516.035,25.035 C514.368,26.702 513.342,28.377 512.574,30.349 C511.834,32.258 511.326,34.438 511.181,37.631 C511.035,40.831 511,41.851 511,50 C511,58.147 511.035,59.17 511.181,62.369 C511.326,65.562 511.834,67.743 512.574,69.651 C513.342,71.625 514.368,73.296 516.035,74.965 C517.703,76.634 519.376,77.658 521.349,78.425 C523.257,79.167 525.438,79.673 528.631,79.82 C531.831,79.965 532.853,80.001 541,80.001 C549.148,80.001 550.169,79.965 553.369,79.82 C556.562,79.673 558.743,79.167 560.652,78.425 C562.623,77.658 564.297,76.634 565.965,74.965 C567.633,73.296 568.659,71.625 569.425,69.651 C570.167,67.743 570.674,65.562 570.82,62.369 C570.966,59.17 571,58.147 571,50 C571,41.851 570.966,40.831 570.82,37.631\"><\/path><\/g><\/g><\/g><\/svg><\/div><div style=\"padding-top: 8px;\"> <div style=\" color:#3897f0; font-family:Arial,sans-serif; font-size:14px; font-style:normal; font-weight:550; line-height:18px;\">View this post on Instagram<\/div><\/div><div style=\"padding: 12.5% 0;\"><\/div> <div style=\"display: flex; flex-direction: row; margin-bottom: 14px; align-items: center;\"><div> <div style=\"background-color: #F4F4F4; border-radius: 50%; height: 12.5px; width: 12.5px; transform: translateX(0px) translateY(7px);\"><\/div> <div style=\"background-color: #F4F4F4; height: 12.5px; transform: rotate(-45deg) translateX(3px) translateY(1px); width: 12.5px; flex-grow: 0; margin-right: 14px; margin-left: 2px;\"><\/div> <div style=\"background-color: #F4F4F4; border-radius: 50%; height: 12.5px; width: 12.5px; transform: translateX(9px) translateY(-18px);\"><\/div><\/div><div style=\"margin-left: 8px;\"> <div style=\" background-color: #F4F4F4; border-radius: 50%; flex-grow: 0; height: 20px; width: 20px;\"><\/div> <div style=\" width: 0; height: 0; border-top: 2px solid transparent; border-left: 6px solid #f4f4f4; border-bottom: 2px solid transparent; transform: translateX(16px) translateY(-4px) rotate(30deg)\"><\/div><\/div><div style=\"margin-left: auto;\"> <div style=\" width: 0px; border-top: 8px solid #F4F4F4; border-right: 8px solid transparent; transform: translateY(16px);\"><\/div> <div style=\" background-color: #F4F4F4; flex-grow: 0; height: 12px; width: 16px; transform: translateY(-4px);\"><\/div> <div style=\" width: 0; height: 0; border-top: 8px solid #F4F4F4; border-left: 8px solid transparent; transform: translateY(-4px) translateX(8px);\"><\/div><\/div><\/div> <div style=\"display: flex; flex-direction: column; flex-grow: 1; justify-content: center; margin-bottom: 24px;\"> <div style=\" background-color: #F4F4F4; border-radius: 4px; flex-grow: 0; height: 14px; margin-bottom: 6px; width: 224px;\"><\/div> <div style=\" background-color: #F4F4F4; border-radius: 4px; flex-grow: 0; height: 14px; width: 144px;\"><\/div><\/div><\/a><p style=\" color:#c9c8cd; font-family:Arial,sans-serif; font-size:14px; line-height:17px; margin-bottom:0; margin-top:8px; overflow:hidden; padding:8px 0 7px; text-align:center; text-overflow:ellipsis; white-space:nowrap;\"><a href=\"https:\/\/www.instagram.com\/reel\/DOMqe_rCM0M\/?utm_source=ig_embed&amp;utm_campaign=loading\" style=\" color:#c9c8cd; font-family:Arial,sans-serif; font-size:14px; font-style:normal; font-weight:normal; line-height:17px; text-decoration:none;\" target=\"_blank\">A post shared by Central de Noticias Olavarr\u00eda (@cdnolavarria)<\/a><\/p><\/div><\/blockquote><script async src=\"\/\/platform.instagram.com\/en_US\/embeds.js\"><\/script>\n<\/div><\/figure>\n\n\n\n<p>Adem\u00e1s, se busca crear<em> \u201cel<strong> Consejo Local de Personas Mayores,<\/strong> que es una poblaci\u00f3n que la est\u00e1 pasando mal hoy en d\u00eda, que representa el 20% de la poblaci\u00f3n de nuestro partido. Para crear una mesa de trabajo con representantes de los centros de jubilados y de distintas instituciones, junto a referentes de salud, educaci\u00f3n, desarrollo social, deportes, cultura, para trabajar en conjunto y ver de qu\u00e9 manera podemos acompa\u00f1ar a las personas mayores\u201d.<\/em><\/p>\n\n\n\n<p>La tercera de las grandes propuestas, seg\u00fan expres\u00f3 Yunger, est\u00e1 relacionada con<em><strong> \u201cel ordenamiento territorial, actualizar y unificar la normativa en cuanto a la zonificaci\u00f3n. Hoy en d\u00eda tenemos distintas normativas, distintas ordenanzas, que hablan sobre la zonificaci\u00f3n urbana, rural, complementaria en nuestra ciudad, y algunas de esas normativas datan de la d\u00e9cada del 70\u2019. Es necesario actualizarla de acorde a c\u00f3mo nuestra ciudad va creciendo y mejorar la planificaci\u00f3n\u201d.<\/strong><\/em><\/p>\n\n\n\n<blockquote class=\"wp-block-quote is-layout-flow wp-block-quote-is-layout-flow\">\n<p>\u201cEn t\u00e9rminos generales, lo que les proponemos a los vecinos es que acompa\u00f1en a esta lista que defiende a la gesti\u00f3n de Maxi, que es la gesti\u00f3n que defiende a Olavarr\u00eda, su perfil productivo, que escucha, que trabaja todos los d\u00edas, que abraza a Olavarr\u00eda de afuera para adentro, en cada barrio, en cada localidad\u201d.<\/p>\n<\/blockquote>\n\n\n\n<p><strong>-Lo primero que mencionaste que tiene que ver con el trabajo. \u00bfQu\u00e9 se puede impulsar desde el Concejo Deliberante? \u00bfQu\u00e9 ten\u00e9s para aportar desde una banca de un legislador en una situaci\u00f3n como esa?<\/strong><\/p>\n\n\n\n<p>-En primer lugar, nosotros lo que estamos tratando de gestionar y alzando la voz para que se reactive la econom\u00eda, la principal rueda productiva que tiene nuestro partido, que es la miner\u00eda, que depende de la obra p\u00fablica. La miner\u00eda de Olavarr\u00eda abastece a m\u00e1s de la mitad de la obra p\u00fablica de todo el pa\u00eds. Esa es la principal problem\u00e1tica que estamos teniendo. Es lo que gener\u00f3 los 1.500 despidos, lo cual son entre 2.000 y 2.500 millones de pesos que no est\u00e1n en la econom\u00eda diaria de Olavarr\u00eda. Es lo que no llega a los comercios, lo que est\u00e1 en la econom\u00eda informal, el que hace changas. Trabajar para volver a recuperar eso. En Olavarr\u00eda tenemos tres grandes obras p\u00fablicas paradas que podr\u00edan activar la econom\u00eda local.<\/p>\n\n\n\n<p class=\"has-large-font-size\">\u00bfApat\u00eda?<\/p>\n\n\n\n<figure class=\"wp-block-image size-full\"><img data-recalc-dims=\"1\" loading=\"lazy\" decoding=\"async\" width=\"800\" height=\"531\" src=\"https:\/\/i0.wp.com\/cdnoticias.com\/wp-content\/uploads\/2025\/09\/Entrevista-Yunger-08.jpg?resize=800%2C531&#038;ssl=1\" alt=\"\" class=\"wp-image-181418\" srcset=\"https:\/\/i0.wp.com\/cdnoticias.com\/wp-content\/uploads\/2025\/09\/Entrevista-Yunger-08.jpg?w=1024&amp;ssl=1 1024w, https:\/\/i0.wp.com\/cdnoticias.com\/wp-content\/uploads\/2025\/09\/Entrevista-Yunger-08.jpg?resize=300%2C199&amp;ssl=1 300w, https:\/\/i0.wp.com\/cdnoticias.com\/wp-content\/uploads\/2025\/09\/Entrevista-Yunger-08.jpg?resize=768%2C510&amp;ssl=1 768w, https:\/\/i0.wp.com\/cdnoticias.com\/wp-content\/uploads\/2025\/09\/Entrevista-Yunger-08.jpg?resize=272%2C182&amp;ssl=1 272w\" sizes=\"auto, (max-width: 800px) 100vw, 800px\" \/><\/figure>\n\n\n\n<p><strong>-\u00bfAlgo te sorprendi\u00f3 de la campa\u00f1a? \u00bfAlg\u00fan mensaje que recibiste? \u00bfAlgo que viste? \u00bfAlgo que te result\u00f3 inesperado?<\/strong><\/p>\n\n\n\n<p>-Algo que me sorprendi\u00f3 es que muchas veces se dice o en el sentido com\u00fan se est\u00e1 mencionando que las personas est\u00e1n ap\u00e1ticas, descre\u00eddas de las pol\u00edticas, en el individualismo, en el aislamiento de su domicilio. La verdad que en este mes los vecinos nos han recibido muy bien, nos han acompa\u00f1ado, se han movilizado. Hemos tenido reuniones con gente de la cultura, del deporte, profesionales, del \u00e1mbito de la salud, de la econom\u00eda popular. Todas las convocatorias han sido masivas. Lo mismo que la recorrida que hacemos los s\u00e1bados a la ma\u00f1ana, en la cual ha ido creciendo la cantidad de vecinos que se fueron acercando llegando en el \u00faltimo s\u00e1bado en la Plaza Aguado a ver 400 vecinos y vecinas que nos acompa\u00f1aron. Eso tambi\u00e9n de alguna manera me demostr\u00f3 lo que ya ven\u00edamos viendo, que las personas pueden estar descre\u00eddas cuando se las defrauda, pero cuando ven que se trabaja en serio y se cumple, r\u00e1pidamente se movilizan, salen a manifestar su apoyo.<\/p>\n\n\n\n<p class=\"has-large-font-size\">Los vecinos, los reclamos y sus propias soluciones<\/p>\n\n\n\n<figure class=\"wp-block-image size-full\"><img data-recalc-dims=\"1\" loading=\"lazy\" decoding=\"async\" width=\"800\" height=\"531\" src=\"https:\/\/i0.wp.com\/cdnoticias.com\/wp-content\/uploads\/2025\/09\/Entrevista-Yunger-07.jpg?resize=800%2C531&#038;ssl=1\" alt=\"\" class=\"wp-image-181417\" srcset=\"https:\/\/i0.wp.com\/cdnoticias.com\/wp-content\/uploads\/2025\/09\/Entrevista-Yunger-07.jpg?w=1024&amp;ssl=1 1024w, https:\/\/i0.wp.com\/cdnoticias.com\/wp-content\/uploads\/2025\/09\/Entrevista-Yunger-07.jpg?resize=300%2C199&amp;ssl=1 300w, https:\/\/i0.wp.com\/cdnoticias.com\/wp-content\/uploads\/2025\/09\/Entrevista-Yunger-07.jpg?resize=768%2C510&amp;ssl=1 768w, https:\/\/i0.wp.com\/cdnoticias.com\/wp-content\/uploads\/2025\/09\/Entrevista-Yunger-07.jpg?resize=272%2C182&amp;ssl=1 272w\" sizes=\"auto, (max-width: 800px) 100vw, 800px\" \/><\/figure>\n\n\n\n<p>Yunger se\u00f1al\u00f3 que <strong>m\u00e1s all\u00e1 de que en los barrios hay varias problem\u00e1ticas planteadas, los vecinos tambi\u00e9n intenta aportar soluciones desde su visi\u00f3n<\/strong>: <em>\u201ces algo que siempre decimos, que por mi rol en las mesas territoriales, que recorremos todos los barrios y todas las localidades del partido, conocemos a todas las instituciones, los vecinos, los referentes, que en los territorios no solo hay problem\u00e1ticas, sino que hay mucha energ\u00eda, iniciativa, saberes tambi\u00e9n\u201d.<\/em><\/p>\n\n\n\n<p><em><strong>\u201cEl que est\u00e1 en un territorio, en una instituci\u00f3n, en un club, en un centro jubilado, en un merendero, en una junta vecinal, tiene una idea de c\u00f3mo mejorar su barrio, sabe cu\u00e1les son las obras que faltan. Muchas veces eso puede no ser compatible con las posibilidades de recursos o de tiempo, incluso con normativas. Pero ese di\u00e1logo lo que permite es retroalimentar a la gesti\u00f3n, poder estar presente en el barrio o en la localidad, es lo que nos permite tambi\u00e9n planificar a largo plazo, crear pol\u00edticas p\u00fablicas y evaluar c\u00f3mo van funcionando las que implementamos\u201d.<\/strong><\/em><\/p>\n\n\n\n<p>De hecho, indic\u00f3 que gestionar solamente \u201c<em>desde un escritorio o desde el Palacio San Mart\u00edn se pueden volcar muchos recursos que despu\u00e9s no lleguen de manera adecuada o que sea para beneficio de los vecinos. Ese trabajo en conjunto con la comunidad creemos que fortalece a la gesti\u00f3n, que optimiza recursos, que hace que lleguen mejor las pol\u00edticas p\u00fablicas\u201d.<\/em><\/p>\n\n\n\n<p class=\"has-large-font-size\">Las localidades<\/p>\n\n\n\n<figure class=\"wp-block-image size-full\"><img data-recalc-dims=\"1\" loading=\"lazy\" decoding=\"async\" width=\"800\" height=\"445\" src=\"https:\/\/i0.wp.com\/cdnoticias.com\/wp-content\/uploads\/2025\/07\/yunger-wesner.png?resize=800%2C445&#038;ssl=1\" alt=\"\" class=\"wp-image-177261\" srcset=\"https:\/\/i0.wp.com\/cdnoticias.com\/wp-content\/uploads\/2025\/07\/yunger-wesner.png?w=800&amp;ssl=1 800w, https:\/\/i0.wp.com\/cdnoticias.com\/wp-content\/uploads\/2025\/07\/yunger-wesner.png?resize=300%2C167&amp;ssl=1 300w, https:\/\/i0.wp.com\/cdnoticias.com\/wp-content\/uploads\/2025\/07\/yunger-wesner.png?resize=768%2C427&amp;ssl=1 768w\" sizes=\"auto, (max-width: 800px) 100vw, 800px\" \/><\/figure>\n\n\n\n<p><strong>-\u00bfQu\u00e9 te encontr\u00e1s en las localidades? Es un tema que ha tenido planteos de los dem\u00e1s candidatos respecto a su situaci\u00f3n, \u00bfvos qu\u00e9 te encontr\u00e1s y qu\u00e9 ten\u00e9s para decir de eso?<\/strong><\/p>\n\n\n\n<p>-Bueno, en esta gesti\u00f3n se ha puesto de relieve la llegada por igual del Estado municipal a los barrios de las localidades. Es algo que nosotros pusimos en las mesas territoriales, que las mesas territoriales ten\u00edan que abarcar todo el partido de Olavarr\u00eda. Creamos 18 mesas de gesti\u00f3n territorial para llegar desde Mapis, Loma Negra, Santa Luisa, Espiga, Iturregui, toda la zona rural. Una gran diversidad, cuando hablamos de localidades tenemos que pensar que tenemos zonas rurales, zonas mineras, zonas ferroviarias tambi\u00e9n, como es el caso de Hinojo, con una econom\u00eda que se ve muy afectada por la decisi\u00f3n del parate de las obras p\u00fablicas. Es donde m\u00e1s est\u00e1 golpeando la falta de trabajo, es donde tuvimos que ir con la Oficina de Empleo. Personas que se quedan sin trabajo que nunca hab\u00edan hecho un curr\u00edculum porque siempre hab\u00edan tenido trabajo y hab\u00edan ido pasando de una cantera a otra y de repente no tienen donde buscar trabajo. Es lo que encontramos en las localidades, una gran falta de trabajo. En las zonas rurales es algo que se ha ido con el avance de la tecnolog\u00eda, en los modelos productivos es algo m\u00e1s progresivo. Pero ha sido m\u00e1s abrupto en las zonas mineras, San Miguel, Sierras Bayas. Es con lo que nos encontramos y es lo que m\u00e1s nos cuesta tambi\u00e9n afrontar.<\/p>\n\n\n\n<p><strong>-Bien, \u00bfy consideras que es un problema o es algo que se plantee esto de la despoblaci\u00f3n en las localidades rurales?<\/strong><\/p>\n\n\n\n<p>-S\u00ed, es algo que se viene dando, sobre todo a fines de la d\u00e9cada del 70, cuando pensemos que nuestra zona rural estaba conformada con poblaciones que crecieron a la vera de las estaciones ferroviarias. A fines de la d\u00e9cada del 70 se retiraron las v\u00edas, dej\u00f3 de pasar el tren por Blanca Grande, Espigas, que eran todas estaciones, Recalde, Mapis. Al dejar de pasar el tren, mucho del sentido que ten\u00edan esas poblaciones originalmente tuvieron que transformarse. As\u00ed que hay poblaciones como en el caso de Espigas, que es mi pueblo, que ten\u00eda 2.000 habitantes en la d\u00e9cada del 60, hoy tiene 400. La falta de empleo para los j\u00f3venes tambi\u00e9n es una problem\u00e1tica de generar arraigo. Ah\u00ed lo que s\u00ed se ha avanzado mucho es en educaci\u00f3n. Hay escuelas secundarias que antes no estaban, que son de gran valor para que los j\u00f3venes por lo menos puedan completar sus estudios secundarios. Tambi\u00e9n hemos avanzado en esta gesti\u00f3n en llevar cursos de formaci\u00f3n profesional a las localidades, eso tambi\u00e9n es un gran aliciente para la oferta educativa y que puedan aprender un oficio, los j\u00f3venes sobre todo.<\/p>\n\n\n\n<p class=\"has-large-font-size\">Convocar a todos los sectores pol\u00edticos<\/p>\n\n\n\n<figure class=\"wp-block-image size-full\"><img data-recalc-dims=\"1\" loading=\"lazy\" decoding=\"async\" width=\"800\" height=\"531\" src=\"https:\/\/i0.wp.com\/cdnoticias.com\/wp-content\/uploads\/2025\/09\/Entrevista-Yunger-09.jpg?resize=800%2C531&#038;ssl=1\" alt=\"\" class=\"wp-image-181419\" srcset=\"https:\/\/i0.wp.com\/cdnoticias.com\/wp-content\/uploads\/2025\/09\/Entrevista-Yunger-09.jpg?w=1024&amp;ssl=1 1024w, https:\/\/i0.wp.com\/cdnoticias.com\/wp-content\/uploads\/2025\/09\/Entrevista-Yunger-09.jpg?resize=300%2C199&amp;ssl=1 300w, https:\/\/i0.wp.com\/cdnoticias.com\/wp-content\/uploads\/2025\/09\/Entrevista-Yunger-09.jpg?resize=768%2C510&amp;ssl=1 768w, https:\/\/i0.wp.com\/cdnoticias.com\/wp-content\/uploads\/2025\/09\/Entrevista-Yunger-09.jpg?resize=272%2C182&amp;ssl=1 272w\" sizes=\"auto, (max-width: 800px) 100vw, 800px\" \/><\/figure>\n\n\n\n<p>En sus diversos discursos p\u00fablicos que dio en tiempos de campa\u00f1a, <strong>Yunger convoc\u00f3 a todos los sectores pol\u00edticos a trabajar <em>\u201csin \u00e1nimos de confrontar y pensando por Olavarr\u00eda\u201d. <\/em><\/strong>Sobre ello ahond\u00f3 y dijo que el foco debe estar <em>\u201cen las problem\u00e1ticas y los proyectos de los vecinos. Siempre lo dijimos, nuestro compromiso es con los vecinos. Si nosotros no perdemos ese norte, vamos a poder plantear una agenda legislativa que est\u00e9 realmente y que se mueva el amper\u00edmetro por lo que hablamos con los vecinos y lo que podemos llevar soluciones\u201d.<\/em><\/p>\n\n\n\n<p><em>\u201cEn ese sentido vamos a convocar a todos los bloques pol\u00edticos. Como se vio en el debate, nuestras preguntas hacia los otros candidatos fueron qu\u00e9 podemos hacer en conjunto sobre el transporte p\u00fablico, sobre la salud, sobre distintos temas. No tratamos de dejarlo en una situaci\u00f3n inc\u00f3moda porque esa es la impronta que queremos llevar al Concejo Deliberante. Que entre todos los 20 concejales, sea cual sea el color pol\u00edtico, podamos trabajar por Olavarr\u00eda como lo venimos haciendo de la gesti\u00f3n municipal y que el debate enriquezca las ideas y enriquezca las posibilidades de mejorar esas pol\u00edticas p\u00fablicas, esa legislaci\u00f3n, para que sea a beneficio de los vecinos y vecinas del Partido de Olavarr\u00eda\u201d.<\/em><\/p>\n\n\n\n<p>Para cerrar, dese\u00f3 que haya participaci\u00f3n, ya que si bien hay un discurso de apat\u00eda en la poblaci\u00f3n, <em><strong>\u201cla poblaci\u00f3n se moviliza y muestra inter\u00e9s cuando hay algo que le interesa, que le parece que vale la pena. As\u00ed que yo no dar\u00eda por sentado lo de la baja participaci\u00f3n\u201d.<\/strong><\/em><\/p>\n\n\n\n<p><strong>-\u00bfC\u00f3mo te ves el domingo a las 19, 20 horas?<\/strong><\/p>\n\n\n\n<p>-Rodeado de vecinos, de compa\u00f1eros, amigos, familia, que son los que nos han estado acompa\u00f1ando hasta ahora, satisfechos por todo el esfuerzo. Si bien nosotros ven\u00edamos caminando mucho y trabajando mucho en el d\u00eda a d\u00eda, este mes nos sirvi\u00f3 tambi\u00e9n para profundizar ese v\u00ednculo, para tener m\u00e1s canales de comunicaci\u00f3n y de llevar nuestro mensaje. El resultado, veremos.<\/p>\n\n\n\n<p><\/p>\n","protected":false},"excerpt":{"rendered":"<p>Leonardo Yunger, primer candidato a concejal de la lista de Fuerza Patria, dialog\u00f3 con Central de Noticias sobre sus proyectos,<\/p>\n","protected":false},"author":2,"featured_media":181413,"comment_status":"closed","ping_status":"closed","sticky":false,"template":"","format":"standard","meta":{"_jetpack_memberships_contains_paid_content":false,"footnotes":""},"categories":[4,1],"tags":[],"class_list":["post-181457","post","type-post","status-publish","format-standard","has-post-thumbnail","hentry","category-politica","category-portada"],"jetpack_featured_media_url":"https:\/\/i0.wp.com\/cdnoticias.com\/wp-content\/uploads\/2025\/09\/Entrevista-Yunger-03.jpg?fit=1024%2C680&ssl=1","jetpack_sharing_enabled":true,"_links":{"self":[{"href":"https:\/\/cdnoticias.com\/index.php\/wp-json\/wp\/v2\/posts\/181457","targetHints":{"allow":["GET"]}}],"collection":[{"href":"https:\/\/cdnoticias.com\/index.php\/wp-json\/wp\/v2\/posts"}],"about":[{"href":"https:\/\/cdnoticias.com\/index.php\/wp-json\/wp\/v2\/types\/post"}],"author":[{"embeddable":true,"href":"https:\/\/cdnoticias.com\/index.php\/wp-json\/wp\/v2\/users\/2"}],"replies":[{"embeddable":true,"href":"https:\/\/cdnoticias.com\/index.php\/wp-json\/wp\/v2\/comments?post=181457"}],"version-history":[{"count":0,"href":"https:\/\/cdnoticias.com\/index.php\/wp-json\/wp\/v2\/posts\/181457\/revisions"}],"wp:featuredmedia":[{"embeddable":true,"href":"https:\/\/cdnoticias.com\/index.php\/wp-json\/wp\/v2\/media\/181413"}],"wp:attachment":[{"href":"https:\/\/cdnoticias.com\/index.php\/wp-json\/wp\/v2\/media?parent=181457"}],"wp:term":[{"taxonomy":"category","embeddable":true,"href":"https:\/\/cdnoticias.com\/index.php\/wp-json\/wp\/v2\/categories?post=181457"},{"taxonomy":"post_tag","embeddable":true,"href":"https:\/\/cdnoticias.com\/index.php\/wp-json\/wp\/v2\/tags?post=181457"}],"curies":[{"name":"wp","href":"https:\/\/api.w.org\/{rel}","templated":true}]}}