{"id":181434,"date":"2025-09-04T17:00:40","date_gmt":"2025-09-04T20:00:40","guid":{"rendered":"https:\/\/cdnoticias.com\/?p=181434"},"modified":"2025-09-04T17:25:02","modified_gmt":"2025-09-04T20:25:02","slug":"concejales-pro-erf-buscan-fomentar-el-desarrollo-turistico-en-las-localidades-rurales","status":"publish","type":"post","link":"https:\/\/cdnoticias.com\/index.php\/2025\/09\/04\/concejales-pro-erf-buscan-fomentar-el-desarrollo-turistico-en-las-localidades-rurales\/","title":{"rendered":"Concejales de Juntos por Olavarr\u00eda y PRO-ERF buscan fomentar el desarrollo tur\u00edstico en las localidades rurales"},"content":{"rendered":"\n<p>Presentaron un Proyecto de Ordenanza para la creaci\u00f3n del \u201cCorredor tur\u00edstico rural\u201d.\u00a0\u201cEl potencial tur\u00edstico rural combina atractivos paisajes naturales, espacios hist\u00f3ricos, religiosos, culturales y deportivos. Este proyecto busca fomentar el desarrollo tur\u00edstico sostenible en la regi\u00f3n, generando oportunidades para la comunidad&#8221; sostuvo el concejal Carlos Coscia.\u00a0<\/p>\n\n\n\n<hr class=\"wp-block-separator aligncenter has-alpha-channel-opacity\"\/>\n\n\n\n<p><strong>Concejales de los bloques Juntos por Olavarr\u00eda y PRO-ERF<\/strong> presentaron un <strong>Proyecto de Ordenanza<\/strong> para la <strong>creaci\u00f3n del \u201cCorredor tur\u00edstico rural\u201d.&nbsp;<\/strong><\/p>\n\n\n\n<p><\/p>\n\n\n\n<blockquote class=\"wp-block-quote is-layout-flow wp-block-quote-is-layout-flow\">\n<p>El proyecto busca recorrer los puntos de inter\u00e9s m\u00e1s destacados de Espigas, Blanca Grande, Recalde y Mapis y que se descubra la cultura, la historia, los atractivos, la gastronom\u00eda y las actividades rurales de cada una de estas localidades.&nbsp;<\/p>\n<\/blockquote>\n\n\n\n<p><\/p>\n\n\n\n<p><em>\u201cEl potencial tur\u00edstico rural combina atractivos paisajes naturales, espacios hist\u00f3ricos, religiosos, culturales y deportivos. Este proyecto busca fomentar el desarrollo tur\u00edstico sostenible en la regi\u00f3n, generando oportunidades para la comunidad&#8221; <\/em>sostuvo el <strong>concejal Carlos Coscia.&nbsp;<\/strong><\/p>\n\n\n\n<p><\/p>\n\n\n\n<figure class=\"wp-block-image aligncenter size-full\"><img data-recalc-dims=\"1\" loading=\"lazy\" decoding=\"async\" width=\"800\" height=\"478\" src=\"https:\/\/i0.wp.com\/cdnoticias.com\/wp-content\/uploads\/2025\/09\/concejales-pro-turismo1.jpg?resize=800%2C478&#038;ssl=1\" alt=\"\" class=\"wp-image-181436\" srcset=\"https:\/\/i0.wp.com\/cdnoticias.com\/wp-content\/uploads\/2025\/09\/concejales-pro-turismo1.jpg?w=898&amp;ssl=1 898w, https:\/\/i0.wp.com\/cdnoticias.com\/wp-content\/uploads\/2025\/09\/concejales-pro-turismo1.jpg?resize=300%2C179&amp;ssl=1 300w, https:\/\/i0.wp.com\/cdnoticias.com\/wp-content\/uploads\/2025\/09\/concejales-pro-turismo1.jpg?resize=768%2C458&amp;ssl=1 768w\" sizes=\"auto, (max-width: 800px) 100vw, 800px\" \/><\/figure>\n\n\n\n<p><\/p>\n\n\n\n<p>Adem\u00e1s indic\u00f3 que \u201c<strong>las localidades tienen propuestas que invitan a la tranquilidad, el descanso \u00f3ptimo y atractivos culturales con arquitectura singular\u201d.&nbsp;<\/strong><\/p>\n\n\n\n<p><\/p>\n\n\n\n<p>\u201cEn este corredor se encuentra la<strong> Laguna Blanca Grande<\/strong>, para pesca deportiva, actividades acu\u00e1ticas, concursos de pesca, paseos en embarcaciones, cabalgatas, cicloturismo, avistaje de p\u00e1jaros, naturaleza y aventura que convoca a locales, turistas y fan\u00e1ticos de la pesca y la naturaleza, visitada por aficionados de todo el pa\u00eds\u201d agreg\u00f3.&nbsp;<\/p>\n\n\n\n<p><\/p>\n\n\n\n<p>Finalmente se\u00f1al\u00f3 que este tipo de propuestas<strong> busca fomentar el desarrollo tur\u00edstico sostenible en la regi\u00f3n,<\/strong> generando <strong>oportunidades econ\u00f3micas para las localidades <\/strong>que conforman este corredor tur\u00edstico y alrededores.<\/p>\n\n\n\n<p><\/p>\n","protected":false},"excerpt":{"rendered":"<p>Presentaron un Proyecto de Ordenanza para la creaci\u00f3n del \u201cCorredor tur\u00edstico rural\u201d.\u00a0\u201cEl potencial tur\u00edstico rural combina atractivos paisajes naturales, espacios<\/p>\n","protected":false},"author":6,"featured_media":181435,"comment_status":"closed","ping_status":"closed","sticky":false,"template":"","format":"standard","meta":{"_jetpack_memberships_contains_paid_content":false,"footnotes":""},"categories":[4,1],"tags":[],"class_list":["post-181434","post","type-post","status-publish","format-standard","has-post-thumbnail","hentry","category-politica","category-portada"],"jetpack_featured_media_url":"https:\/\/i0.wp.com\/cdnoticias.com\/wp-content\/uploads\/2025\/09\/concejales-pro-turismo2.png?fit=900%2C465&ssl=1","jetpack_sharing_enabled":true,"_links":{"self":[{"href":"https:\/\/cdnoticias.com\/index.php\/wp-json\/wp\/v2\/posts\/181434","targetHints":{"allow":["GET"]}}],"collection":[{"href":"https:\/\/cdnoticias.com\/index.php\/wp-json\/wp\/v2\/posts"}],"about":[{"href":"https:\/\/cdnoticias.com\/index.php\/wp-json\/wp\/v2\/types\/post"}],"author":[{"embeddable":true,"href":"https:\/\/cdnoticias.com\/index.php\/wp-json\/wp\/v2\/users\/6"}],"replies":[{"embeddable":true,"href":"https:\/\/cdnoticias.com\/index.php\/wp-json\/wp\/v2\/comments?post=181434"}],"version-history":[{"count":0,"href":"https:\/\/cdnoticias.com\/index.php\/wp-json\/wp\/v2\/posts\/181434\/revisions"}],"wp:featuredmedia":[{"embeddable":true,"href":"https:\/\/cdnoticias.com\/index.php\/wp-json\/wp\/v2\/media\/181435"}],"wp:attachment":[{"href":"https:\/\/cdnoticias.com\/index.php\/wp-json\/wp\/v2\/media?parent=181434"}],"wp:term":[{"taxonomy":"category","embeddable":true,"href":"https:\/\/cdnoticias.com\/index.php\/wp-json\/wp\/v2\/categories?post=181434"},{"taxonomy":"post_tag","embeddable":true,"href":"https:\/\/cdnoticias.com\/index.php\/wp-json\/wp\/v2\/tags?post=181434"}],"curies":[{"name":"wp","href":"https:\/\/api.w.org\/{rel}","templated":true}]}}