{"id":18143,"date":"2021-04-06T19:08:31","date_gmt":"2021-04-06T22:08:31","guid":{"rendered":"http:\/\/www.centraldenoticias.com.ar\/?p=18143"},"modified":"2021-04-06T20:42:07","modified_gmt":"2021-04-06T23:42:07","slug":"tension-en-la-toma-de-barrio-lourdes-acordonan-el-predio-a-la-espera-de-la-justicia","status":"publish","type":"post","link":"https:\/\/cdnoticias.com\/index.php\/2021\/04\/06\/tension-en-la-toma-de-barrio-lourdes-acordonan-el-predio-a-la-espera-de-la-justicia\/","title":{"rendered":"Tensi\u00f3n en la toma de barrio Lourdes: acordonan el predio a la espera de la Justicia"},"content":{"rendered":"<p>As\u00ed acordaron entre los vecinos y el Jefe de la Estaci\u00f3n de Polic\u00eda Departamental, Roberto Landoni. Hubo un acuerdo de no desalojar hasta este mi\u00e9rcoles pero el acordonamiento policial gener\u00f3 tensi\u00f3n.<!--more--><\/p>\n<hr \/>\n<p>La toma de terrenos en el barrio Lourdes gan\u00f3 en tensi\u00f3n a pesar del di\u00e1logo entre las partes:<strong> la polic\u00eda cerc\u00f3 todo el predio tras un di\u00e1logo con los vecinos y no podr\u00e1n ingresar m\u00e1s elementos al lugar. La orden de desalojo podr\u00eda darse en la ma\u00f1ana del mi\u00e9rcoles.<\/strong><\/p>\n<p>&nbsp;<\/p>\n<p><img data-recalc-dims=\"1\" loading=\"lazy\" decoding=\"async\" class=\"alignnone size-large wp-image-18148\" src=\"https:\/\/i0.wp.com\/cdnoticias.com\/wp-content\/uploads\/2021\/04\/usurpaci%C3%B3n-lourdes-cdn-7-1024x683.jpg?resize=800%2C534&#038;ssl=1\" alt=\"\" width=\"800\" height=\"534\" srcset=\"https:\/\/i0.wp.com\/cdnoticias.com\/wp-content\/uploads\/2021\/04\/usurpaci%C3%B3n-lourdes-cdn-7.jpg?resize=1024%2C683&amp;ssl=1 1024w, https:\/\/i0.wp.com\/cdnoticias.com\/wp-content\/uploads\/2021\/04\/usurpaci%C3%B3n-lourdes-cdn-7.jpg?resize=300%2C200&amp;ssl=1 300w, https:\/\/i0.wp.com\/cdnoticias.com\/wp-content\/uploads\/2021\/04\/usurpaci%C3%B3n-lourdes-cdn-7.jpg?resize=768%2C512&amp;ssl=1 768w, https:\/\/i0.wp.com\/cdnoticias.com\/wp-content\/uploads\/2021\/04\/usurpaci%C3%B3n-lourdes-cdn-7.jpg?resize=272%2C182&amp;ssl=1 272w, https:\/\/i0.wp.com\/cdnoticias.com\/wp-content\/uploads\/2021\/04\/usurpaci%C3%B3n-lourdes-cdn-7.jpg?w=1152&amp;ssl=1 1152w\" sizes=\"auto, (max-width: 800px) 100vw, 800px\" \/><\/p>\n<p>&nbsp;<\/p>\n<p>Mientras tanto,<strong> el Comisario Inspector Roberto Landoni a cargo de la Polic\u00eda Departamental local dialog\u00f3 con los vecinos para llegar a un acuerdo \u201carmonioso\u201d a pesar de que la orden de desalojo ser\u00eda inminente.<\/strong><\/p>\n<p>&nbsp;<\/p>\n<p><img data-recalc-dims=\"1\" loading=\"lazy\" decoding=\"async\" class=\"alignnone size-large wp-image-18149\" src=\"https:\/\/i0.wp.com\/cdnoticias.com\/wp-content\/uploads\/2021\/04\/usurpaci%C3%B3n-lourdes-landoni-cdn-1024x768.jpg?resize=800%2C600&#038;ssl=1\" alt=\"\" width=\"800\" height=\"600\" srcset=\"https:\/\/i0.wp.com\/cdnoticias.com\/wp-content\/uploads\/2021\/04\/usurpaci%C3%B3n-lourdes-landoni-cdn.jpg?resize=1024%2C768&amp;ssl=1 1024w, https:\/\/i0.wp.com\/cdnoticias.com\/wp-content\/uploads\/2021\/04\/usurpaci%C3%B3n-lourdes-landoni-cdn.jpg?resize=300%2C225&amp;ssl=1 300w, https:\/\/i0.wp.com\/cdnoticias.com\/wp-content\/uploads\/2021\/04\/usurpaci%C3%B3n-lourdes-landoni-cdn.jpg?resize=768%2C576&amp;ssl=1 768w, https:\/\/i0.wp.com\/cdnoticias.com\/wp-content\/uploads\/2021\/04\/usurpaci%C3%B3n-lourdes-landoni-cdn.jpg?w=1280&amp;ssl=1 1280w\" sizes=\"auto, (max-width: 800px) 100vw, 800px\" \/><\/p>\n<p>&nbsp;<\/p>\n<p>Landoni indic\u00f3 que <strong>\u201c<em>hasta que resuelva la Justicia\u201d<\/em> la polic\u00eda no actuar\u00e1.<\/strong><em> \u201cYo recibo directivas del fiscal\u201d<\/em> dijo ante los vecinos. Pidi\u00f3 que se resuelva <em>\u201cde la forma m\u00e1s armoniosa\u201d<\/em> y que con el cord\u00f3n policial <em>\u201cno pueden ingresar ning\u00fan tipo de elemento al predio. De ahora hasta que resuelva la justicia\u201d.<\/em><\/p>\n<p>&nbsp;<\/p>\n<blockquote><p>\u201cNo me voy a mover de ac\u00e1 hasta que se resuelva el conflicto\u201d agreg\u00f3, y se\u00f1al\u00f3 que ser\u00e1 un canal de comunicaci\u00f3n directa con los vecinos: \u201cCada medida que surja yo les voy a avisar\u201d. Por ahora, insisti\u00f3, que tiene una orden para acordonar el predio.<\/p><\/blockquote>\n<p>&nbsp;<\/p>\n<p><img data-recalc-dims=\"1\" loading=\"lazy\" decoding=\"async\" class=\"alignnone size-large wp-image-18147\" src=\"https:\/\/i0.wp.com\/cdnoticias.com\/wp-content\/uploads\/2021\/04\/usurpaci%C3%B3n-lourdes-cdn-6-1024x683.jpg?resize=800%2C534&#038;ssl=1\" alt=\"\" width=\"800\" height=\"534\" srcset=\"https:\/\/i0.wp.com\/cdnoticias.com\/wp-content\/uploads\/2021\/04\/usurpaci%C3%B3n-lourdes-cdn-6.jpg?resize=1024%2C683&amp;ssl=1 1024w, https:\/\/i0.wp.com\/cdnoticias.com\/wp-content\/uploads\/2021\/04\/usurpaci%C3%B3n-lourdes-cdn-6.jpg?resize=300%2C200&amp;ssl=1 300w, https:\/\/i0.wp.com\/cdnoticias.com\/wp-content\/uploads\/2021\/04\/usurpaci%C3%B3n-lourdes-cdn-6.jpg?resize=768%2C512&amp;ssl=1 768w, https:\/\/i0.wp.com\/cdnoticias.com\/wp-content\/uploads\/2021\/04\/usurpaci%C3%B3n-lourdes-cdn-6.jpg?resize=272%2C182&amp;ssl=1 272w, https:\/\/i0.wp.com\/cdnoticias.com\/wp-content\/uploads\/2021\/04\/usurpaci%C3%B3n-lourdes-cdn-6.jpg?w=1152&amp;ssl=1 1152w\" sizes=\"auto, (max-width: 800px) 100vw, 800px\" \/><\/p>\n<p>&nbsp;<\/p>\n<p><img data-recalc-dims=\"1\" loading=\"lazy\" decoding=\"async\" class=\"alignnone size-large wp-image-18146\" src=\"https:\/\/i0.wp.com\/cdnoticias.com\/wp-content\/uploads\/2021\/04\/usurpaci%C3%B3n-lourdes-cdn-5-1024x683.jpg?resize=800%2C534&#038;ssl=1\" alt=\"\" width=\"800\" height=\"534\" srcset=\"https:\/\/i0.wp.com\/cdnoticias.com\/wp-content\/uploads\/2021\/04\/usurpaci%C3%B3n-lourdes-cdn-5.jpg?resize=1024%2C683&amp;ssl=1 1024w, https:\/\/i0.wp.com\/cdnoticias.com\/wp-content\/uploads\/2021\/04\/usurpaci%C3%B3n-lourdes-cdn-5.jpg?resize=300%2C200&amp;ssl=1 300w, https:\/\/i0.wp.com\/cdnoticias.com\/wp-content\/uploads\/2021\/04\/usurpaci%C3%B3n-lourdes-cdn-5.jpg?resize=768%2C512&amp;ssl=1 768w, https:\/\/i0.wp.com\/cdnoticias.com\/wp-content\/uploads\/2021\/04\/usurpaci%C3%B3n-lourdes-cdn-5.jpg?resize=272%2C182&amp;ssl=1 272w, https:\/\/i0.wp.com\/cdnoticias.com\/wp-content\/uploads\/2021\/04\/usurpaci%C3%B3n-lourdes-cdn-5.jpg?w=1152&amp;ssl=1 1152w\" sizes=\"auto, (max-width: 800px) 100vw, 800px\" \/><\/p>\n<p>&nbsp;<\/p>\n<p>Al momento de efectivizar la medida, <strong>todo creci\u00f3 en tensi\u00f3n con vecinos que ve\u00edan el fuerte avance de los efectivos policiales de las distintas fuerzas.<\/strong> Si bien no hubo grandes inconvenientes, la tensi\u00f3n contin\u00faa por estos minutos.<\/p>\n","protected":false},"excerpt":{"rendered":"<p>As\u00ed acordaron entre los vecinos y el Jefe de la Estaci\u00f3n de Polic\u00eda Departamental, Roberto Landoni. Hubo un acuerdo de<\/p>\n","protected":false},"author":2,"featured_media":18145,"comment_status":"closed","ping_status":"closed","sticky":false,"template":"","format":"standard","meta":{"_jetpack_memberships_contains_paid_content":false,"footnotes":""},"categories":[5,1],"tags":[],"class_list":["post-18143","post","type-post","status-publish","format-standard","has-post-thumbnail","hentry","category-informacion-general","category-portada"],"jetpack_featured_media_url":"https:\/\/i0.wp.com\/cdnoticias.com\/wp-content\/uploads\/2021\/04\/usurpaci%C3%B3n-lourdes-cdn-4.jpg?fit=1280%2C800&ssl=1","jetpack_sharing_enabled":true,"_links":{"self":[{"href":"https:\/\/cdnoticias.com\/index.php\/wp-json\/wp\/v2\/posts\/18143","targetHints":{"allow":["GET"]}}],"collection":[{"href":"https:\/\/cdnoticias.com\/index.php\/wp-json\/wp\/v2\/posts"}],"about":[{"href":"https:\/\/cdnoticias.com\/index.php\/wp-json\/wp\/v2\/types\/post"}],"author":[{"embeddable":true,"href":"https:\/\/cdnoticias.com\/index.php\/wp-json\/wp\/v2\/users\/2"}],"replies":[{"embeddable":true,"href":"https:\/\/cdnoticias.com\/index.php\/wp-json\/wp\/v2\/comments?post=18143"}],"version-history":[{"count":0,"href":"https:\/\/cdnoticias.com\/index.php\/wp-json\/wp\/v2\/posts\/18143\/revisions"}],"wp:featuredmedia":[{"embeddable":true,"href":"https:\/\/cdnoticias.com\/index.php\/wp-json\/wp\/v2\/media\/18145"}],"wp:attachment":[{"href":"https:\/\/cdnoticias.com\/index.php\/wp-json\/wp\/v2\/media?parent=18143"}],"wp:term":[{"taxonomy":"category","embeddable":true,"href":"https:\/\/cdnoticias.com\/index.php\/wp-json\/wp\/v2\/categories?post=18143"},{"taxonomy":"post_tag","embeddable":true,"href":"https:\/\/cdnoticias.com\/index.php\/wp-json\/wp\/v2\/tags?post=18143"}],"curies":[{"name":"wp","href":"https:\/\/api.w.org\/{rel}","templated":true}]}}