{"id":181390,"date":"2025-09-04T10:42:28","date_gmt":"2025-09-04T13:42:28","guid":{"rendered":"https:\/\/cdnoticias.com\/?p=181390"},"modified":"2025-09-04T10:42:30","modified_gmt":"2025-09-04T13:42:30","slug":"banco-provincia-celebra-sus-203-anos-con-promociones-de-hasta-18-cuotas-sin-interes","status":"publish","type":"post","link":"https:\/\/cdnoticias.com\/index.php\/2025\/09\/04\/banco-provincia-celebra-sus-203-anos-con-promociones-de-hasta-18-cuotas-sin-interes\/","title":{"rendered":"Banco Provincia celebra sus 203 a\u00f1os con promociones de hasta 18 cuotas sin inter\u00e9s"},"content":{"rendered":"\n<p>Las compras podr\u00e1n realizarse a trav\u00e9s de la plataforma de comercio electr\u00f3nico del banco hasta el 5 de septiembre.<\/p>\n\n\n\n<hr class=\"wp-block-separator has-alpha-channel-opacity\"\/>\n\n\n\n<p>Banco Provincia celebra sus 203 a\u00f1os con una promoci\u00f3n exclusiva para sus clientes, a trav\u00e9s de la plataforma de venta electr\u00f3nica <a href=\"https:\/\/www.provinciacompras.com.ar\/\" data-type=\"link\" data-id=\"https:\/\/www.provinciacompras.com.ar\/\">provinciacompras.com.ar.<\/a><\/p>\n\n\n\n<p><\/p>\n\n\n\n<p>Quienes tengan <strong>tarjetas Visa o MasterCard<\/strong> de la banca p\u00fablica bonaerense, podr\u00e1n realizar compras en<strong> hasta 18 cuotas sin inter\u00e9s, hasta el 5 de septiembre.<\/strong><\/p>\n\n\n\n<p><\/p>\n\n\n\n<p>Hay ofertas imperdibles con<strong> 20 y 40 por ciento de descuento en rubros seleccionados, <\/strong>como celulares, zapatillas, electr\u00f3nica, muebles, herramientas, entre otras categor\u00edas.<\/p>\n\n\n\n<p><\/p>\n\n\n\n<p>Adem\u00e1s, en el marco del cumplea\u00f1os del banco,<strong> este fin de semana, el 6 y 7 de septiembre, habr\u00e1 35% de descuento en locales gastron\u00f3micos adheridos <\/strong>utilizando la aplicaci\u00f3n Cuenta DNI.<\/p>\n\n\n\n<p><\/p>\n","protected":false},"excerpt":{"rendered":"<p>Las compras podr\u00e1n realizarse a trav\u00e9s de la plataforma de comercio electr\u00f3nico del banco hasta el 5 de septiembre. Banco<\/p>\n","protected":false},"author":5,"featured_media":113302,"comment_status":"closed","ping_status":"closed","sticky":false,"template":"","format":"standard","meta":{"_jetpack_memberships_contains_paid_content":false,"footnotes":""},"categories":[6,1],"tags":[],"class_list":["post-181390","post","type-post","status-publish","format-standard","has-post-thumbnail","hentry","category-nacionales","category-portada"],"jetpack_featured_media_url":"https:\/\/i0.wp.com\/cdnoticias.com\/wp-content\/uploads\/2024\/04\/provincia-compras-.png?fit=899%2C538&ssl=1","jetpack_sharing_enabled":true,"_links":{"self":[{"href":"https:\/\/cdnoticias.com\/index.php\/wp-json\/wp\/v2\/posts\/181390","targetHints":{"allow":["GET"]}}],"collection":[{"href":"https:\/\/cdnoticias.com\/index.php\/wp-json\/wp\/v2\/posts"}],"about":[{"href":"https:\/\/cdnoticias.com\/index.php\/wp-json\/wp\/v2\/types\/post"}],"author":[{"embeddable":true,"href":"https:\/\/cdnoticias.com\/index.php\/wp-json\/wp\/v2\/users\/5"}],"replies":[{"embeddable":true,"href":"https:\/\/cdnoticias.com\/index.php\/wp-json\/wp\/v2\/comments?post=181390"}],"version-history":[{"count":0,"href":"https:\/\/cdnoticias.com\/index.php\/wp-json\/wp\/v2\/posts\/181390\/revisions"}],"wp:featuredmedia":[{"embeddable":true,"href":"https:\/\/cdnoticias.com\/index.php\/wp-json\/wp\/v2\/media\/113302"}],"wp:attachment":[{"href":"https:\/\/cdnoticias.com\/index.php\/wp-json\/wp\/v2\/media?parent=181390"}],"wp:term":[{"taxonomy":"category","embeddable":true,"href":"https:\/\/cdnoticias.com\/index.php\/wp-json\/wp\/v2\/categories?post=181390"},{"taxonomy":"post_tag","embeddable":true,"href":"https:\/\/cdnoticias.com\/index.php\/wp-json\/wp\/v2\/tags?post=181390"}],"curies":[{"name":"wp","href":"https:\/\/api.w.org\/{rel}","templated":true}]}}