{"id":181385,"date":"2025-09-04T09:18:38","date_gmt":"2025-09-04T12:18:38","guid":{"rendered":"https:\/\/cdnoticias.com\/?p=181385"},"modified":"2025-09-04T09:18:40","modified_gmt":"2025-09-04T12:18:40","slug":"el-partido-libertario-de-olavarria-quiere-poner-un-bozal-legal","status":"publish","type":"post","link":"https:\/\/cdnoticias.com\/index.php\/2025\/09\/04\/el-partido-libertario-de-olavarria-quiere-poner-un-bozal-legal\/","title":{"rendered":"El Partido Libertario de Olavarr\u00eda quiere poner \u201cun bozal legal\u201d"},"content":{"rendered":"<p>\u201cNinguno de los otros espacios pol\u00edticos en Olavarr\u00eda que se presentan como \u00b4libertarios\u00b4 tiene la legitimidad ni la representaci\u00f3n hist\u00f3rica que nos corresponde\u201d argumentaron.<!--more--><\/p>\n<hr \/>\n<p>A trav\u00e9s de un <strong>comunicado emitido por el Partido Libertario de Olavarr\u00eda<\/strong> se plante\u00f3 la intenci\u00f3n de <strong>poner \u201cun bozal legal\u201d a los restantes partidos y alianzas<\/strong> que se presentaron por el sector liberal para competir en las elecciones por el <strong>uso de la palabra \u201clibertario\u201d<\/strong>.<\/p>\n<p>La informaci\u00f3n se dio a conocer en la noche del mi\u00e9rcoles, a horas del cierre de la campa\u00f1a electoral en la provincia de Buenos Aires. La <strong>decisi\u00f3n, ins\u00f3lita y en principio contradictoria con el valor principal que debiera defender<\/strong> el nombre del partido pol\u00edtico,<strong> busca evitar que otras agrupaciones utilicen la denominaci\u00f3n<\/strong>.<\/p>\n<p>Cabe recordar que en Olavarr\u00eda, el Partido Libertario lleva como primeros candidatos a concejales a <strong>Gustavo Torrisi y a Romina Vel\u00e1zquez.<\/strong><\/p>\n<p>\u201cAlertamos a la ciudadan\u00eda que<strong> ninguno de los otros espacios pol\u00edticos en Olavarr\u00eda<\/strong> que se presentan como \u00b4libertarios\u00b4 tiene la <strong>legitimidad<\/strong> ni la <strong>representaci\u00f3n<\/strong> hist\u00f3rica que nos corresponde. <strong>El uso indiscriminado del t\u00e9rmino solo busca confundir<\/strong> al electorado\u201d sostuvo la agrupaci\u00f3n.<\/p>\n<blockquote><p>As\u00ed definieron que \u201cen defensa de nuestra identidad, y para resguardar la verdad frente a los intentos de usurpaci\u00f3n simb\u00f3lica, el Partido Libertario de Olavarr\u00eda iniciar\u00e1 acciones legales \u2014un \u00b4bozal legal\u00b4\u2014 para impedir que los dem\u00e1s espacios utilicen la palabra \u00b4libertario\u00b4 en forma indebida y enga\u00f1osa\u201d.<\/p><\/blockquote>\n<p>Esta acci\u00f3n legal tendr\u00eda como <strong>destinatarios<\/strong> a los representantes de<strong> Uni\u00f3n Liberal, Uni\u00f3n y Libertad y Alianza La Libertad Avanza.<\/strong><\/p>\n","protected":false},"excerpt":{"rendered":"<p>\u201cNinguno de los otros espacios pol\u00edticos en Olavarr\u00eda que se presentan como \u00b4libertarios\u00b4 tiene la legitimidad ni la representaci\u00f3n hist\u00f3rica<\/p>\n","protected":false},"author":4,"featured_media":180585,"comment_status":"closed","ping_status":"closed","sticky":false,"template":"","format":"standard","meta":{"_jetpack_memberships_contains_paid_content":false,"footnotes":""},"categories":[4,1],"tags":[],"class_list":["post-181385","post","type-post","status-publish","format-standard","has-post-thumbnail","hentry","category-politica","category-portada"],"jetpack_featured_media_url":"https:\/\/i0.wp.com\/cdnoticias.com\/wp-content\/uploads\/2025\/08\/debate-candidatos-2025-13-torrisi.jpg?fit=1000%2C556&ssl=1","jetpack_sharing_enabled":true,"_links":{"self":[{"href":"https:\/\/cdnoticias.com\/index.php\/wp-json\/wp\/v2\/posts\/181385","targetHints":{"allow":["GET"]}}],"collection":[{"href":"https:\/\/cdnoticias.com\/index.php\/wp-json\/wp\/v2\/posts"}],"about":[{"href":"https:\/\/cdnoticias.com\/index.php\/wp-json\/wp\/v2\/types\/post"}],"author":[{"embeddable":true,"href":"https:\/\/cdnoticias.com\/index.php\/wp-json\/wp\/v2\/users\/4"}],"replies":[{"embeddable":true,"href":"https:\/\/cdnoticias.com\/index.php\/wp-json\/wp\/v2\/comments?post=181385"}],"version-history":[{"count":0,"href":"https:\/\/cdnoticias.com\/index.php\/wp-json\/wp\/v2\/posts\/181385\/revisions"}],"wp:featuredmedia":[{"embeddable":true,"href":"https:\/\/cdnoticias.com\/index.php\/wp-json\/wp\/v2\/media\/180585"}],"wp:attachment":[{"href":"https:\/\/cdnoticias.com\/index.php\/wp-json\/wp\/v2\/media?parent=181385"}],"wp:term":[{"taxonomy":"category","embeddable":true,"href":"https:\/\/cdnoticias.com\/index.php\/wp-json\/wp\/v2\/categories?post=181385"},{"taxonomy":"post_tag","embeddable":true,"href":"https:\/\/cdnoticias.com\/index.php\/wp-json\/wp\/v2\/tags?post=181385"}],"curies":[{"name":"wp","href":"https:\/\/api.w.org\/{rel}","templated":true}]}}