{"id":181366,"date":"2025-09-03T21:30:06","date_gmt":"2025-09-04T00:30:06","guid":{"rendered":"https:\/\/cdnoticias.com\/?p=181366"},"modified":"2025-09-04T11:30:02","modified_gmt":"2025-09-04T14:30:02","slug":"ante-una-multitud-wesner-y-yunger-presentaron-sus-propuestas","status":"publish","type":"post","link":"https:\/\/cdnoticias.com\/index.php\/2025\/09\/03\/ante-una-multitud-wesner-y-yunger-presentaron-sus-propuestas\/","title":{"rendered":"Ante una multitud, Wesner y Yunger presentaron sus propuestas"},"content":{"rendered":"\n<p>\u201cLeo es la s\u00edntesis y la mejor expresi\u00f3n para llevar adelante y convocar eso que nos falta\u201d\u00a0subray\u00f3 el Intendente Maximiliano Wesner quien a la vez pidi\u00f3 a los vecinos y vecinas el apoyo en la lista de Fuerza Patria este pr\u00f3ximo domingo 7 de septiembre. <\/p>\n\n\n\n<hr class=\"wp-block-separator aligncenter has-alpha-channel-opacity\"\/>\n\n\n\n<p>En la tarde de este mi\u00e9rcoles el <strong>intendente Maximiliano Wesner<\/strong> junto al <strong>primer candidato a concejal por Fuerza Patria, Leo Yunger<\/strong> <strong>se reunieron con una multitud <\/strong>de vecinos, vecinas, trabajadores, instituciones, asociaciones, docentes, pymes, entre otros actores sociales en el Club Pueblo Nuevo.\u00a0<\/p>\n\n\n\n<p><\/p>\n\n\n\n<p>En principio, <strong>realizaron un largo repaso de todo lo realizado desde la gesti\u00f3n Wesner<\/strong> en varias \u00e1reas como Seguridad, Salud, Obras P\u00fablicas, Desarrollo Social Deporte y Cultura, Producci\u00f3n y H\u00e1bitat.\u00a0<\/p>\n\n\n\n<p><\/p>\n\n\n\n<p>A su turno, Leo Yunger agradeci\u00f3 a los presentes y expres\u00f3: \u201c<strong><em>Es lo primero que me nace porque creo es fundamental que hoy nos juntemos en este espacio de di\u00e1logo y de encuentro con una consigna que es c\u00f3mo trabajamos para mejorar a Olavarr\u00eda\u201d.\u00a0<\/em><\/strong><\/p>\n\n\n\n<p><\/p>\n\n\n\n<blockquote class=\"wp-block-quote is-layout-flow wp-block-quote-is-layout-flow\">\n<p>\u201cMejorar a Olavarr\u00eda es algo de lo que todos los que estamos ac\u00e1 nos esforzamos todos los d\u00edas. Desde distintas organizaciones de trabajadores y de vecinos que se juntan piensan cuando terminan las horas laborales o en el mismo hacen un esfuerzo muy grande para aportar desde donde cada uno est\u00e1 para ayudar a ese vecino que la est\u00e1 pasando mal\u201d agreg\u00f3.\u00a0<\/p>\n<\/blockquote>\n\n\n\n<figure class=\"wp-block-image aligncenter size-full\"><img data-recalc-dims=\"1\" loading=\"lazy\" decoding=\"async\" width=\"800\" height=\"531\" src=\"https:\/\/i0.wp.com\/cdnoticias.com\/wp-content\/uploads\/2025\/09\/Acto-Yunger-Wesner-Olavarria-48.jpg?resize=800%2C531&#038;ssl=1\" alt=\"\" class=\"wp-image-181352\" srcset=\"https:\/\/i0.wp.com\/cdnoticias.com\/wp-content\/uploads\/2025\/09\/Acto-Yunger-Wesner-Olavarria-48.jpg?w=1024&amp;ssl=1 1024w, https:\/\/i0.wp.com\/cdnoticias.com\/wp-content\/uploads\/2025\/09\/Acto-Yunger-Wesner-Olavarria-48.jpg?resize=300%2C199&amp;ssl=1 300w, https:\/\/i0.wp.com\/cdnoticias.com\/wp-content\/uploads\/2025\/09\/Acto-Yunger-Wesner-Olavarria-48.jpg?resize=768%2C510&amp;ssl=1 768w, https:\/\/i0.wp.com\/cdnoticias.com\/wp-content\/uploads\/2025\/09\/Acto-Yunger-Wesner-Olavarria-48.jpg?resize=272%2C182&amp;ssl=1 272w\" sizes=\"auto, (max-width: 800px) 100vw, 800px\" \/><\/figure>\n\n\n\n<p><\/p>\n\n\n\n<p>En tanto, subray\u00f3 que \u201c<strong>esta gran convocatoria no solo involucra a una gesti\u00f3n municipal si no que convoca a todos los vecinos y vecinas con representaci\u00f3n en distintos espacios a que sigamos trabajando juntos<\/strong>. El Concejo Deliberante es la caja de resonancia donde el rol de concejales es ese puente entre esas iniciativas, esas problem\u00e1ticas, esos proyectos y esas inquietudes que tienen los vecinos. Esa banca, ese recinto es donde se va a debatir con los distintos concejales para que <strong>ese reclamo o problema se convierta en una ordenanza o reglamentaci\u00f3n que pueda ayudar a mejorar Olavarr\u00eda\u201d.\u00a0<\/strong><\/p>\n\n\n\n<p><\/p>\n\n\n\n<blockquote class=\"wp-block-quote is-layout-flow wp-block-quote-is-layout-flow\">\n<p>\u201cVamos 20 meses de gesti\u00f3n municipal y quedan dos a\u00f1os y medio. Necesitamos tener en el Concejo Deliberante representaci\u00f3n que nos permita mayor capacidad de todos los proyectos. Los proyectos de la gesti\u00f3n son los proyectos de cada uno de ustedes\u201d enfatiz\u00f3 Yunger.\u00a0<\/p>\n<\/blockquote>\n\n\n\n<p><\/p>\n\n\n\n<p>En tanto, record\u00f3 <strong><em>\u201ctodo lo que falta hacer, ustedes lo saben y de eso nos vamos a nutrir. Eso es lo que necesitamos y en ese compromiso quiero asumir mi rol acompa\u00f1ando a Maxi. El de estar en las mesas territoriales, ese lugar que invita al vecino para que pensemos problem\u00e1ticas y podamos llevarlas en conjunto\u201d.\u00a0<\/em><\/strong><\/p>\n\n\n\n<p><\/p>\n\n\n\n<figure class=\"wp-block-image aligncenter size-full\"><img data-recalc-dims=\"1\" loading=\"lazy\" decoding=\"async\" width=\"800\" height=\"531\" src=\"https:\/\/i0.wp.com\/cdnoticias.com\/wp-content\/uploads\/2025\/09\/Acto-Yunger-Wesner-Olavarria-50.jpg?resize=800%2C531&#038;ssl=1\" alt=\"\" class=\"wp-image-181354\" srcset=\"https:\/\/i0.wp.com\/cdnoticias.com\/wp-content\/uploads\/2025\/09\/Acto-Yunger-Wesner-Olavarria-50.jpg?w=1024&amp;ssl=1 1024w, https:\/\/i0.wp.com\/cdnoticias.com\/wp-content\/uploads\/2025\/09\/Acto-Yunger-Wesner-Olavarria-50.jpg?resize=300%2C199&amp;ssl=1 300w, https:\/\/i0.wp.com\/cdnoticias.com\/wp-content\/uploads\/2025\/09\/Acto-Yunger-Wesner-Olavarria-50.jpg?resize=768%2C510&amp;ssl=1 768w, https:\/\/i0.wp.com\/cdnoticias.com\/wp-content\/uploads\/2025\/09\/Acto-Yunger-Wesner-Olavarria-50.jpg?resize=272%2C182&amp;ssl=1 272w\" sizes=\"auto, (max-width: 800px) 100vw, 800px\" \/><\/figure>\n\n\n\n<p><\/p>\n\n\n\n<p>Yunger explic\u00f3 que gracias a esas Mesas pudo conocer los<strong> 84 barrios de Olavarr\u00eda, 19 localidades y parajes<\/strong>: \u201ctenemos un partido inmenso. Yo mismo vengo de Espigas, tenemos zonas rurales, serranas, zonas que nacieron a la vera de la v\u00eda del ferrocarril, colonias, alemanes que llegaron con ganas de tener un futuro mejor\u201d.\u00a0<\/p>\n\n\n\n<p><\/p>\n\n\n\n<blockquote class=\"wp-block-quote is-layout-flow wp-block-quote-is-layout-flow\">\n<p>\u201cTenemos que estar ah\u00ed, caminar esas calles, parques y plazas y escuchar a los vecinos porque son ustedes los que tienen las ideas y proyectos que podemos trabajar en conjunto. Eso queremos llevar al Concejo Deliberante y es un espacio fundamental\u201d cerr\u00f3.\u00a0<\/p>\n<\/blockquote>\n\n\n\n<figure class=\"wp-block-image aligncenter size-full\"><img data-recalc-dims=\"1\" loading=\"lazy\" decoding=\"async\" width=\"800\" height=\"531\" src=\"https:\/\/i0.wp.com\/cdnoticias.com\/wp-content\/uploads\/2025\/09\/Acto-Yunger-Wesner-Olavarria-45.jpg?resize=800%2C531&#038;ssl=1\" alt=\"\" class=\"wp-image-181349\" srcset=\"https:\/\/i0.wp.com\/cdnoticias.com\/wp-content\/uploads\/2025\/09\/Acto-Yunger-Wesner-Olavarria-45.jpg?w=1024&amp;ssl=1 1024w, https:\/\/i0.wp.com\/cdnoticias.com\/wp-content\/uploads\/2025\/09\/Acto-Yunger-Wesner-Olavarria-45.jpg?resize=300%2C199&amp;ssl=1 300w, https:\/\/i0.wp.com\/cdnoticias.com\/wp-content\/uploads\/2025\/09\/Acto-Yunger-Wesner-Olavarria-45.jpg?resize=768%2C510&amp;ssl=1 768w, https:\/\/i0.wp.com\/cdnoticias.com\/wp-content\/uploads\/2025\/09\/Acto-Yunger-Wesner-Olavarria-45.jpg?resize=272%2C182&amp;ssl=1 272w\" sizes=\"auto, (max-width: 800px) 100vw, 800px\" \/><\/figure>\n\n\n\n<p><\/p>\n\n\n\n<p class=\"has-medium-font-size\"><strong>Propuestas concretas&nbsp;<\/strong><\/p>\n\n\n\n<p>Yunger relat\u00f3 diversas propuestas y entre ellas mencion\u00f3 que <strong>\u201cLa salud es lo primero. Queremos poner en valor el plan director que nos est\u00e1 permitiendo recuperar el Hospital Municipal, es el coraz\u00f3n de\u00a0 nuestro centro de salud y es lo que nos permite renovar aparatolog\u00eda y planificar de ac\u00e1\u00a0 a 20 a\u00f1os\u201d.\u00a0<\/strong><\/p>\n\n\n\n<p><\/p>\n\n\n\n<p>Otra de las pol\u00edticas principales que subray\u00f3 es la del h\u00e1bitat: <em>\u201cQueremos empezar por las bases. Queremos llevar un proyecto de ordenanza de ordenamiento territorial que nos permita llevar adelante modalidades de urbanizaci\u00f3n y unificaci\u00f3n\u201d.<\/em>\u00a0<\/p>\n\n\n\n<p><\/p>\n\n\n\n<p>\u201cDe la normativa vigente hoy tenemos ordenanzas de los 70\u00b4 sobre la zona urbana, rural complementarios y <strong>somos testigos que la ciudad se expande hasta las 4 puntos cardinales<\/strong>. Necesitamos unificar este ordenamiento territorial que nos permita planificar el crecimiento social para brindar mejores servicios y recursos\u201d agreg\u00f3 Yunger.\u00a0<\/p>\n\n\n\n<p><\/p>\n\n\n\n<figure class=\"wp-block-image aligncenter size-full\"><img data-recalc-dims=\"1\" loading=\"lazy\" decoding=\"async\" width=\"800\" height=\"531\" src=\"https:\/\/i0.wp.com\/cdnoticias.com\/wp-content\/uploads\/2025\/09\/Acto-Yunger-Wesner-Olavarria-40.jpg?resize=800%2C531&#038;ssl=1\" alt=\"\" class=\"wp-image-181344\" srcset=\"https:\/\/i0.wp.com\/cdnoticias.com\/wp-content\/uploads\/2025\/09\/Acto-Yunger-Wesner-Olavarria-40.jpg?w=1024&amp;ssl=1 1024w, https:\/\/i0.wp.com\/cdnoticias.com\/wp-content\/uploads\/2025\/09\/Acto-Yunger-Wesner-Olavarria-40.jpg?resize=300%2C199&amp;ssl=1 300w, https:\/\/i0.wp.com\/cdnoticias.com\/wp-content\/uploads\/2025\/09\/Acto-Yunger-Wesner-Olavarria-40.jpg?resize=768%2C510&amp;ssl=1 768w, https:\/\/i0.wp.com\/cdnoticias.com\/wp-content\/uploads\/2025\/09\/Acto-Yunger-Wesner-Olavarria-40.jpg?resize=272%2C182&amp;ssl=1 272w\" sizes=\"auto, (max-width: 800px) 100vw, 800px\" \/><\/figure>\n\n\n\n<p><\/p>\n\n\n\n<blockquote class=\"wp-block-quote is-layout-flow wp-block-quote-is-layout-flow\">\n<p>Asimismo, el candidato a primer concejal cont\u00f3 uno de los temas m\u00e1s preocupantes a nivel personal qu\u00e9 es el de las personas mayores: \u201choy la est\u00e1n pasando mal, yo trabaje con ellos en UPAMI en la Universidad. Hoy estos cursos adem\u00e1s de otras pol\u00edticas est\u00e1n con menos financiamiento. Los jubilados me dicen nos estamos quedando solos, no llegamos a fin de mes\u201d.\u00a0<\/p>\n<\/blockquote>\n\n\n\n<p><\/p>\n\n\n\n<p>\u201cQueremos<strong> crear el Consejo de personas mayores.<\/strong> Lo podemos hacer desde el HCD. Vamos a llamar a formar una mesa con representantes de los centros de jubilados y personas mayores referentes de deporte cultura y todo el que quiera participar para ver <strong>c\u00f3mo trabajamos en conjunto y acompa\u00f1arlos en este momento tan dif\u00edcil\u201d <\/strong>explic\u00f3 Yunger al tiempo que detall\u00f3 que las personas mayores <strong>conforman el 20% del partido: \u201cqueremos visibilizar su situaci\u00f3n y motorizar proyectos que mejoren su calidad de vida\u201d.\u00a0<\/strong><\/p>\n\n\n\n<p><\/p>\n\n\n\n<figure class=\"wp-block-image aligncenter size-full\"><img data-recalc-dims=\"1\" loading=\"lazy\" decoding=\"async\" width=\"800\" height=\"531\" src=\"https:\/\/i0.wp.com\/cdnoticias.com\/wp-content\/uploads\/2025\/09\/Acto-Yunger-Wesner-Olavarria-16.jpg?resize=800%2C531&#038;ssl=1\" alt=\"\" class=\"wp-image-181320\" srcset=\"https:\/\/i0.wp.com\/cdnoticias.com\/wp-content\/uploads\/2025\/09\/Acto-Yunger-Wesner-Olavarria-16.jpg?w=1024&amp;ssl=1 1024w, https:\/\/i0.wp.com\/cdnoticias.com\/wp-content\/uploads\/2025\/09\/Acto-Yunger-Wesner-Olavarria-16.jpg?resize=300%2C199&amp;ssl=1 300w, https:\/\/i0.wp.com\/cdnoticias.com\/wp-content\/uploads\/2025\/09\/Acto-Yunger-Wesner-Olavarria-16.jpg?resize=768%2C510&amp;ssl=1 768w, https:\/\/i0.wp.com\/cdnoticias.com\/wp-content\/uploads\/2025\/09\/Acto-Yunger-Wesner-Olavarria-16.jpg?resize=272%2C182&amp;ssl=1 272w\" sizes=\"auto, (max-width: 800px) 100vw, 800px\" \/><\/figure>\n\n\n\n<p><\/p>\n\n\n\n<blockquote class=\"wp-block-quote is-layout-flow wp-block-quote-is-layout-flow\">\n<p>\u201cOtro proyecto es crear el Consejo acad\u00e9mico asesor. Se firm\u00f3 hace unas semanas con la Facultad de Sociales, Ingenier\u00eda y Salud. La Universidad P\u00fablica es mi segunda casa y la vamos a defender desde la gesti\u00f3n municipal y en el HCD\u201d indic\u00f3 Yunger.\u00a0<\/p>\n<\/blockquote>\n\n\n\n<p><\/p>\n\n\n\n<p>En detalle, cont\u00f3 que \u201c<em>ese Consejo que es una pol\u00edtica del ejecutivo que ya se est\u00e1 reglamentando queremos llevarlo al Concejo Deliberante para que por medio de una ordenanza lo podamos institucionalizar y de esta manera mejorar la vida de vecinos de Olavarr\u00eda y que el conocimiento est\u00e9 orientado a las problem\u00e1ticas concretas de nuestros barrios para motivar a nuestros investigadores, docentes y grupos de investigaci\u00f3n\u201d.\u00a0<\/em><\/p>\n\n\n\n<p><\/p>\n\n\n\n<p>\u201cEste proyecto que iniciamos en 2023 est\u00e1 en marcha. <strong>Hemos hecho mucho con el ritmo que nos marca Maxi. No hay tiempo para dudar y detenerse.<\/strong> Vamos a ir por m\u00e1s y les pedimos ese apoyo este 7 de septiembre para todo lo que falta. <strong>Sigamos trabajando juntos, si\u00e9ntanse parte de este proyecto. Vamos por un trabajo conjunto para una mejor Olavarr\u00eda\u201d<\/strong> cerr\u00f3 Yunger.\u00a0<\/p>\n\n\n\n<p><\/p>\n\n\n\n<figure class=\"wp-block-image aligncenter size-full\"><img data-recalc-dims=\"1\" loading=\"lazy\" decoding=\"async\" width=\"800\" height=\"531\" src=\"https:\/\/i0.wp.com\/cdnoticias.com\/wp-content\/uploads\/2025\/09\/Acto-Yunger-Wesner-Olavarria-42.jpg?resize=800%2C531&#038;ssl=1\" alt=\"\" class=\"wp-image-181346\" srcset=\"https:\/\/i0.wp.com\/cdnoticias.com\/wp-content\/uploads\/2025\/09\/Acto-Yunger-Wesner-Olavarria-42.jpg?w=1024&amp;ssl=1 1024w, https:\/\/i0.wp.com\/cdnoticias.com\/wp-content\/uploads\/2025\/09\/Acto-Yunger-Wesner-Olavarria-42.jpg?resize=300%2C199&amp;ssl=1 300w, https:\/\/i0.wp.com\/cdnoticias.com\/wp-content\/uploads\/2025\/09\/Acto-Yunger-Wesner-Olavarria-42.jpg?resize=768%2C510&amp;ssl=1 768w, https:\/\/i0.wp.com\/cdnoticias.com\/wp-content\/uploads\/2025\/09\/Acto-Yunger-Wesner-Olavarria-42.jpg?resize=272%2C182&amp;ssl=1 272w\" sizes=\"auto, (max-width: 800px) 100vw, 800px\" \/><\/figure>\n\n\n\n<p><\/p>\n\n\n\n<p class=\"has-medium-font-size\"><strong><em>\u201cLeo es la s\u00edntesis y la mejor expresi\u00f3n para llevar adelante y convocar eso que nos falta\u201d&nbsp;<\/em><\/strong><\/p>\n\n\n\n<p><\/p>\n\n\n\n<p>Al turno del <strong>intendente Maximiliano Wesner<\/strong>, agradeci\u00f3 a los presentes<em> \u201cpor encontrarnos una vez m\u00e1s. Veo referentes de instituciones, centros de jubilados, sociedad de fomento, clubes, dirigentes, empresarios, trabajadores, gremiales, sindicatos\u201d.\u00a0<\/em><\/p>\n\n\n\n<p><\/p>\n\n\n\n<blockquote class=\"wp-block-quote is-layout-flow wp-block-quote-is-layout-flow\">\n<p>\u201cVeo la comunidad organizada y lo m\u00e1s importante es que tenemos las mejores de las redes sociales: la red humana. Para poder vernos, encontrarnos, escucharnos. Gracias por tomarse el tiempo para compartir con Leo ,candidatos a concejales y consejeros escolares,\u00a0 el equipo de gesti\u00f3n que lo da todo todos los d\u00edas pero por sobre todo entre nosotros mismos. No son ustedes y nosotros. Somos todos vecinos de Olavarr\u00eda que queremos una mejor ciudad\u201d remarc\u00f3 Wesner.\u00a0<\/p>\n<\/blockquote>\n\n\n\n<p><\/p>\n\n\n\n<figure class=\"wp-block-image aligncenter size-full\"><img data-recalc-dims=\"1\" loading=\"lazy\" decoding=\"async\" width=\"800\" height=\"531\" src=\"https:\/\/i0.wp.com\/cdnoticias.com\/wp-content\/uploads\/2025\/09\/Acto-Yunger-Wesner-Olavarria-43.jpg?resize=800%2C531&#038;ssl=1\" alt=\"\" class=\"wp-image-181347\" srcset=\"https:\/\/i0.wp.com\/cdnoticias.com\/wp-content\/uploads\/2025\/09\/Acto-Yunger-Wesner-Olavarria-43.jpg?w=1024&amp;ssl=1 1024w, https:\/\/i0.wp.com\/cdnoticias.com\/wp-content\/uploads\/2025\/09\/Acto-Yunger-Wesner-Olavarria-43.jpg?resize=300%2C199&amp;ssl=1 300w, https:\/\/i0.wp.com\/cdnoticias.com\/wp-content\/uploads\/2025\/09\/Acto-Yunger-Wesner-Olavarria-43.jpg?resize=768%2C510&amp;ssl=1 768w, https:\/\/i0.wp.com\/cdnoticias.com\/wp-content\/uploads\/2025\/09\/Acto-Yunger-Wesner-Olavarria-43.jpg?resize=272%2C182&amp;ssl=1 272w\" sizes=\"auto, (max-width: 800px) 100vw, 800px\" \/><\/figure>\n\n\n\n<p><\/p>\n\n\n\n<p>En tanto, record\u00f3 que \u201chace 20 meses venimos gestionando y ve\u00edamos en el video tant\u00edsimas cosas y cuestiones que pusimos en marcha y que estamos ejecutando. <strong>Esa es una forma de gestionar. No concebimos la gesti\u00f3n p\u00fablica desde un escritorio, desde la soledad. Es poder interactuar en cada momento, en cada instante. Por eso la importancia de este encuentro.<\/strong> As\u00ed concebimos la pol\u00edtica, la gesti\u00f3n y estamos dando cuenta de ello\u201d.\u00a0<\/p>\n\n\n\n<p><\/p>\n\n\n\n<p><strong><em>\u201cEl rol trascendental de Leo es parte de nuestra gesti\u00f3n. Coordina las mesas de gesti\u00f3n territorial, se junta con todos los actores de la comunidad, transita todos los barrios y localidades con una escucha activa, con di\u00e1logo con mucha sensibilidad\u201d<\/em><\/strong> indic\u00f3 Wesner.\u00a0<\/p>\n\n\n\n<p><\/p>\n\n\n\n<figure class=\"wp-block-image aligncenter size-full\"><img data-recalc-dims=\"1\" loading=\"lazy\" decoding=\"async\" width=\"800\" height=\"531\" src=\"https:\/\/i0.wp.com\/cdnoticias.com\/wp-content\/uploads\/2025\/09\/Acto-Yunger-Wesner-Olavarria-39.jpg?resize=800%2C531&#038;ssl=1\" alt=\"\" class=\"wp-image-181343\" srcset=\"https:\/\/i0.wp.com\/cdnoticias.com\/wp-content\/uploads\/2025\/09\/Acto-Yunger-Wesner-Olavarria-39.jpg?w=1024&amp;ssl=1 1024w, https:\/\/i0.wp.com\/cdnoticias.com\/wp-content\/uploads\/2025\/09\/Acto-Yunger-Wesner-Olavarria-39.jpg?resize=300%2C199&amp;ssl=1 300w, https:\/\/i0.wp.com\/cdnoticias.com\/wp-content\/uploads\/2025\/09\/Acto-Yunger-Wesner-Olavarria-39.jpg?resize=768%2C510&amp;ssl=1 768w, https:\/\/i0.wp.com\/cdnoticias.com\/wp-content\/uploads\/2025\/09\/Acto-Yunger-Wesner-Olavarria-39.jpg?resize=272%2C182&amp;ssl=1 272w\" sizes=\"auto, (max-width: 800px) 100vw, 800px\" \/><\/figure>\n\n\n\n<p><\/p>\n\n\n\n<blockquote class=\"wp-block-quote is-layout-flow wp-block-quote-is-layout-flow\">\n<p>Adem\u00e1s agreg\u00f3: \u201ces una persona hija de laburantes como yo. Es una persona que se preocupa por lo que le sucede al otro, conoce el partido de Olavarr\u00eda. El dice que la Universidad es su segunda casa pero lo corrijo: es hijo de la universidad p\u00fablica, se egres\u00f3 de Sociales, hoy es docente en esa Facultad y en Salud\u201d.\u00a0<\/p>\n<\/blockquote>\n\n\n\n<p><\/p>\n\n\n\n<p><strong>\u201cEs un profesional que encabeza la lista junto con el resto de los profesionales con mucho conocimiento en ingenier\u00eda, comunicaci\u00f3n, salud. Sin lugar a dudas es una lista \u00edntegra con mucho sentimiento y representativa de lo que hacemos y lo que queremos hacer\u201d<\/strong> expres\u00f3 el Intendente.<\/p>\n\n\n\n<p><\/p>\n\n\n\n<p>Sobre el rol de Yunger, expres\u00f3: \u201c<em>Necesitamos mayor representaci\u00f3n, personas comprometidas como Leo que caminan, que conocen la gesti\u00f3n y cada rinc\u00f3n de la ciudad. Creemos que ese es el camino a recorrer el rumbo y el destino que merece Olavarr\u00eda, venimos recuperando tantas cuestiones que son simb\u00f3licas, s\u00edmbolos de esta gesti\u00f3n. Hace dos a\u00f1os atr\u00e1s en este gimnasio les contamos muchas cosas que vamos a hacer, gran parte de ellas ya est\u00e1n<\/em>\u201d cont\u00f3 Wesner.\u00a0<\/p>\n\n\n\n<p><\/p>\n\n\n\n<figure class=\"wp-block-image aligncenter size-full\"><img data-recalc-dims=\"1\" loading=\"lazy\" decoding=\"async\" width=\"800\" height=\"531\" src=\"https:\/\/i0.wp.com\/cdnoticias.com\/wp-content\/uploads\/2025\/09\/Acto-Yunger-Wesner-Olavarria-60.jpg?resize=800%2C531&#038;ssl=1\" alt=\"\" class=\"wp-image-181363\" srcset=\"https:\/\/i0.wp.com\/cdnoticias.com\/wp-content\/uploads\/2025\/09\/Acto-Yunger-Wesner-Olavarria-60.jpg?w=1024&amp;ssl=1 1024w, https:\/\/i0.wp.com\/cdnoticias.com\/wp-content\/uploads\/2025\/09\/Acto-Yunger-Wesner-Olavarria-60.jpg?resize=300%2C199&amp;ssl=1 300w, https:\/\/i0.wp.com\/cdnoticias.com\/wp-content\/uploads\/2025\/09\/Acto-Yunger-Wesner-Olavarria-60.jpg?resize=768%2C510&amp;ssl=1 768w, https:\/\/i0.wp.com\/cdnoticias.com\/wp-content\/uploads\/2025\/09\/Acto-Yunger-Wesner-Olavarria-60.jpg?resize=272%2C182&amp;ssl=1 272w\" sizes=\"auto, (max-width: 800px) 100vw, 800px\" \/><\/figure>\n\n\n\n<p><\/p>\n\n\n\n<blockquote class=\"wp-block-quote is-layout-flow wp-block-quote-is-layout-flow\">\n<p>\u201cEn esto quiero ser sincero y muy claro para construir lo que nos falta, lo pendiente en estos dos a\u00f1os y algunos meses de gesti\u00f3n, en esta responsabilidad que me dieron todos los olavarrienses. Necesitamos del acompa\u00f1amiento porque una gesti\u00f3n no depende solamente de un Intendente, depende de un equipo que est\u00e1 24 horas a disposici\u00f3n. Necesitamos construir una nueva mayor\u00eda en el Concejo Deliberante. Leo es la s\u00edntesis y la mejor expresi\u00f3n para llevar adelante y convocar eso que nos falta\u201d indic\u00f3 el Intendente.\u00a0<\/p>\n<\/blockquote>\n\n\n\n<p><\/p>\n\n\n\n<p>Por \u00faltimo, sobre las elecciones, Wesner expres\u00f3 que este domingo 7 de septiembre \u201c<strong>es una posibilidad de poder no solamente elegir a Leo, a esta lista de profesionales y con tanto compromiso. Es una posibilidad \u00fanica de poder volver a acompa\u00f1ar esta gesti\u00f3n municipal que recorre todos los barrios que los escucha\u201d.<\/strong><\/p>\n\n\n\n<p><\/p>\n\n\n\n<figure class=\"wp-block-image aligncenter size-full\"><img data-recalc-dims=\"1\" loading=\"lazy\" decoding=\"async\" width=\"800\" height=\"531\" src=\"https:\/\/i0.wp.com\/cdnoticias.com\/wp-content\/uploads\/2025\/09\/Acto-Yunger-Wesner-Olavarria-57.jpg?resize=800%2C531&#038;ssl=1\" alt=\"\" class=\"wp-image-181361\" srcset=\"https:\/\/i0.wp.com\/cdnoticias.com\/wp-content\/uploads\/2025\/09\/Acto-Yunger-Wesner-Olavarria-57.jpg?w=1024&amp;ssl=1 1024w, https:\/\/i0.wp.com\/cdnoticias.com\/wp-content\/uploads\/2025\/09\/Acto-Yunger-Wesner-Olavarria-57.jpg?resize=300%2C199&amp;ssl=1 300w, https:\/\/i0.wp.com\/cdnoticias.com\/wp-content\/uploads\/2025\/09\/Acto-Yunger-Wesner-Olavarria-57.jpg?resize=768%2C510&amp;ssl=1 768w, https:\/\/i0.wp.com\/cdnoticias.com\/wp-content\/uploads\/2025\/09\/Acto-Yunger-Wesner-Olavarria-57.jpg?resize=272%2C182&amp;ssl=1 272w\" sizes=\"auto, (max-width: 800px) 100vw, 800px\" \/><\/figure>\n\n\n\n<p><\/p>\n\n\n\n<blockquote class=\"wp-block-quote is-layout-flow wp-block-quote-is-layout-flow\">\n<p>\u201cEsta elecci\u00f3n no es una de medio t\u00e9rmino para nosotros. Es importante para que en Olavarr\u00eda se contin\u00fae gestionando de esta forma, para que no vuelva m\u00e1s la soberbia, la impericia , la descalificaci\u00f3n y las irregulares a la hora de gestionar\u201d reafirm\u00f3 Wesner.\u00a0<\/p>\n<\/blockquote>\n\n\n\n<p><\/p>\n\n\n\n<p>\u201cInvito y llamo con total sinceridad a poder <strong>acompa\u00f1ar a Fuerza Patria, a Leo Yunger, para acompa\u00f1ar la celeste y blanca que la vemos en peligro<\/strong>, para acompa\u00f1ar nuestro entramado productivo. Les pido con sinceridad que el domingo <strong>vayamos a votar con mucha convicci\u00f3n, con mucha fe, pero sobre todo con much\u00edsima esperanza.<\/strong> Nos vemos en la calle\u201d cerr\u00f3 el Intendente.<\/p>\n\n\n\n<p><\/p>\n\n\n\n<p><\/p>\n\n\n\n<figure class=\"wp-block-image aligncenter size-full\"><img data-recalc-dims=\"1\" loading=\"lazy\" decoding=\"async\" width=\"800\" height=\"531\" src=\"https:\/\/i0.wp.com\/cdnoticias.com\/wp-content\/uploads\/2025\/09\/Acto-Yunger-Wesner-Olavarria-61.jpg?resize=800%2C531&#038;ssl=1\" alt=\"\" class=\"wp-image-181364\" srcset=\"https:\/\/i0.wp.com\/cdnoticias.com\/wp-content\/uploads\/2025\/09\/Acto-Yunger-Wesner-Olavarria-61.jpg?w=1024&amp;ssl=1 1024w, https:\/\/i0.wp.com\/cdnoticias.com\/wp-content\/uploads\/2025\/09\/Acto-Yunger-Wesner-Olavarria-61.jpg?resize=300%2C199&amp;ssl=1 300w, https:\/\/i0.wp.com\/cdnoticias.com\/wp-content\/uploads\/2025\/09\/Acto-Yunger-Wesner-Olavarria-61.jpg?resize=768%2C510&amp;ssl=1 768w, https:\/\/i0.wp.com\/cdnoticias.com\/wp-content\/uploads\/2025\/09\/Acto-Yunger-Wesner-Olavarria-61.jpg?resize=272%2C182&amp;ssl=1 272w\" sizes=\"auto, (max-width: 800px) 100vw, 800px\" \/><\/figure>\n\n\n\n<p><\/p>\n","protected":false},"excerpt":{"rendered":"<p>\u201cLeo es la s\u00edntesis y la mejor expresi\u00f3n para llevar adelante y convocar eso que nos falta\u201d\u00a0subray\u00f3 el Intendente Maximiliano<\/p>\n","protected":false},"author":6,"featured_media":181353,"comment_status":"closed","ping_status":"closed","sticky":false,"template":"","format":"standard","meta":{"_jetpack_memberships_contains_paid_content":false,"footnotes":""},"categories":[4,1],"tags":[],"class_list":["post-181366","post","type-post","status-publish","format-standard","has-post-thumbnail","hentry","category-politica","category-portada"],"jetpack_featured_media_url":"https:\/\/i0.wp.com\/cdnoticias.com\/wp-content\/uploads\/2025\/09\/Acto-Yunger-Wesner-Olavarria-49.jpg?fit=1024%2C680&ssl=1","jetpack_sharing_enabled":true,"_links":{"self":[{"href":"https:\/\/cdnoticias.com\/index.php\/wp-json\/wp\/v2\/posts\/181366","targetHints":{"allow":["GET"]}}],"collection":[{"href":"https:\/\/cdnoticias.com\/index.php\/wp-json\/wp\/v2\/posts"}],"about":[{"href":"https:\/\/cdnoticias.com\/index.php\/wp-json\/wp\/v2\/types\/post"}],"author":[{"embeddable":true,"href":"https:\/\/cdnoticias.com\/index.php\/wp-json\/wp\/v2\/users\/6"}],"replies":[{"embeddable":true,"href":"https:\/\/cdnoticias.com\/index.php\/wp-json\/wp\/v2\/comments?post=181366"}],"version-history":[{"count":0,"href":"https:\/\/cdnoticias.com\/index.php\/wp-json\/wp\/v2\/posts\/181366\/revisions"}],"wp:featuredmedia":[{"embeddable":true,"href":"https:\/\/cdnoticias.com\/index.php\/wp-json\/wp\/v2\/media\/181353"}],"wp:attachment":[{"href":"https:\/\/cdnoticias.com\/index.php\/wp-json\/wp\/v2\/media?parent=181366"}],"wp:term":[{"taxonomy":"category","embeddable":true,"href":"https:\/\/cdnoticias.com\/index.php\/wp-json\/wp\/v2\/categories?post=181366"},{"taxonomy":"post_tag","embeddable":true,"href":"https:\/\/cdnoticias.com\/index.php\/wp-json\/wp\/v2\/tags?post=181366"}],"curies":[{"name":"wp","href":"https:\/\/api.w.org\/{rel}","templated":true}]}}