{"id":181289,"date":"2025-09-03T18:32:52","date_gmt":"2025-09-03T21:32:52","guid":{"rendered":"https:\/\/cdnoticias.com\/?p=181289"},"modified":"2025-09-03T18:32:54","modified_gmt":"2025-09-03T21:32:54","slug":"que-esta-prohibido-durante-la-veda-electoral","status":"publish","type":"post","link":"https:\/\/cdnoticias.com\/index.php\/2025\/09\/03\/que-esta-prohibido-durante-la-veda-electoral\/","title":{"rendered":"Qu\u00e9 est\u00e1 prohibido durante la veda electoral"},"content":{"rendered":"\n<p>Todos los detalles de la veda electoral de cara a las elecciones bonaerenses. Qu\u00e9 se puede hacer y qu\u00e9 no.<\/p>\n\n\n\n<hr class=\"wp-block-separator aligncenter has-alpha-channel-opacity\"\/>\n\n\n\n<p>Este domingo, <strong>m\u00e1s de 14 millones de bonaerenses est\u00e1n en condiciones de ir a votar en las elecciones <\/strong>que renovar\u00e1n la mitad de ambas c\u00e1maras en la Legislatura y elegir\u00e1n concejales y consejeros escolares en los municipios.<\/p>\n\n\n\n<p><\/p>\n\n\n\n<p>M\u00e1s all\u00e1 que las mesas abrir\u00e1n a las 8 del domingo y cerrar\u00e1 a las 18, como suele suceder<strong> habr\u00e1 una veda electoral<\/strong> que <strong>comenzar\u00e1 el viernes 5 de septiembre<\/strong> a <strong>las 8 horas y se extender\u00e1 hasta el domingo 7 de septiembre hasta las 21.<\/strong><\/p>\n\n\n\n<p><\/p>\n\n\n\n<blockquote class=\"wp-block-quote is-layout-flow wp-block-quote-is-layout-flow\">\n<p>En ese lapso, est\u00e1 prohibido emitir cualquier tipo de propaganda (televisiva, radial o gr\u00e1fica) 48 horas antes de la elecci\u00f3n. Tampoco se podr\u00e1n difundir encuestas y sondeos preelectorales en esa misma franja de tiempo. Es decir, los primeros datos pueden informarse despu\u00e9s de las 21.<\/p>\n<\/blockquote>\n\n\n\n<p><\/p>\n\n\n\n<p>Asimismo, durante el desarrollo de los comicios y hasta tres horas despu\u00e9s de cerrada la jornada electoral, <strong>no se pueden realizar espect\u00e1culos populares al aire libre o en recintos cerrados, fiestas teatrales, deportivas y toda clase de reuniones p\u00fablicas <\/strong>que no se refieran al acto electoral.<\/p>\n\n\n\n<p><\/p>\n\n\n\n<blockquote class=\"wp-block-quote is-layout-flow wp-block-quote-is-layout-flow\">\n<p>Por \u00faltimo, los comercios no pueden vender bebidas alcoh\u00f3licas desde el s\u00e1bado a las 20 y durante el d\u00eda del comicio, con posibles penas que van de uno a seis meses. Adem\u00e1s, los electores tienen prohibida la portaci\u00f3n de armas, el uso de banderas u otros dispositivos.<\/p>\n<\/blockquote>\n\n\n\n<p><\/p>\n\n\n\n<p>Los ciudadanos que incumplan con la veda estar\u00e1n acusados de una violaci\u00f3n al C\u00f3digo Electoral y<strong> ser\u00e1n sancionados si la Justicia comprueba la falta.<\/strong> Cada pena depende del incumplimiento en el que incurran. Por ejemplo<strong>, la persona que incumpla la veda electoral puede percibir una multa de entre 10.000 y 100.000 pesos.<\/strong><\/p>\n\n\n\n<p><\/p>\n\n\n\n<p class=\"has-medium-font-size\"><strong>Las prohibiciones dentro de la veda electoral<\/strong><\/p>\n\n\n\n<ul class=\"wp-block-list\">\n<li>Se proh\u00edbe el proselitismo electoral y posteos en redes sociales destinado a promover el voto de un candidato en particular.<\/li>\n<\/ul>\n\n\n\n<ul class=\"wp-block-list\">\n<li>Se proh\u00edbe la publicaci\u00f3n y difusi\u00f3n de resultados de encuestas o sondeos preelectorales, una medida que estar\u00e1 vigente hasta las 22 del domingo.<\/li>\n<\/ul>\n\n\n\n<ul class=\"wp-block-list\">\n<li>La venta de bebidas alcoh\u00f3licas quedar\u00e1 restringida a partir de las 20 del s\u00e1bado.<\/li>\n<\/ul>\n\n\n\n<ul class=\"wp-block-list\">\n<li>La portaci\u00f3n de armas est\u00e1 prohibida durante la veda electoral.<\/li>\n<\/ul>\n\n\n\n<ul class=\"wp-block-list\">\n<li>Se proh\u00edben los espect\u00e1culos populares al aire libre o en recintos cerrados, fiestas teatrales, deportivas y toda clase de reuniones p\u00fablicas que no se refieran al acto electoral.<\/li>\n<\/ul>\n\n\n\n<ul class=\"wp-block-list\">\n<li>Todas aquellas personas que induzcan el voto o incentiven el ausentismo, recibir\u00e1n penas de dos meses a dos a\u00f1os de prisi\u00f3n.<\/li>\n<\/ul>\n\n\n\n<ul class=\"wp-block-list\">\n<li>Los que utilicen medios tendientes a violar el voto secreto pueden recibir hasta tres a\u00f1os de c\u00e1rcel. <\/li>\n<\/ul>\n\n\n\n<p><\/p>\n\n\n\n<p><em>Fuente: DIB <\/em><\/p>\n","protected":false},"excerpt":{"rendered":"<p>Todos los detalles de la veda electoral de cara a las elecciones bonaerenses. Qu\u00e9 se puede hacer y qu\u00e9 no.<\/p>\n","protected":false},"author":6,"featured_media":29028,"comment_status":"closed","ping_status":"closed","sticky":false,"template":"","format":"standard","meta":{"_jetpack_memberships_contains_paid_content":false,"footnotes":""},"categories":[6,1],"tags":[],"class_list":["post-181289","post","type-post","status-publish","format-standard","has-post-thumbnail","hentry","category-nacionales","category-portada"],"jetpack_featured_media_url":"https:\/\/i0.wp.com\/cdnoticias.com\/wp-content\/uploads\/2021\/08\/urna.jpg?fit=1069%2C674&ssl=1","jetpack_sharing_enabled":true,"_links":{"self":[{"href":"https:\/\/cdnoticias.com\/index.php\/wp-json\/wp\/v2\/posts\/181289","targetHints":{"allow":["GET"]}}],"collection":[{"href":"https:\/\/cdnoticias.com\/index.php\/wp-json\/wp\/v2\/posts"}],"about":[{"href":"https:\/\/cdnoticias.com\/index.php\/wp-json\/wp\/v2\/types\/post"}],"author":[{"embeddable":true,"href":"https:\/\/cdnoticias.com\/index.php\/wp-json\/wp\/v2\/users\/6"}],"replies":[{"embeddable":true,"href":"https:\/\/cdnoticias.com\/index.php\/wp-json\/wp\/v2\/comments?post=181289"}],"version-history":[{"count":0,"href":"https:\/\/cdnoticias.com\/index.php\/wp-json\/wp\/v2\/posts\/181289\/revisions"}],"wp:featuredmedia":[{"embeddable":true,"href":"https:\/\/cdnoticias.com\/index.php\/wp-json\/wp\/v2\/media\/29028"}],"wp:attachment":[{"href":"https:\/\/cdnoticias.com\/index.php\/wp-json\/wp\/v2\/media?parent=181289"}],"wp:term":[{"taxonomy":"category","embeddable":true,"href":"https:\/\/cdnoticias.com\/index.php\/wp-json\/wp\/v2\/categories?post=181289"},{"taxonomy":"post_tag","embeddable":true,"href":"https:\/\/cdnoticias.com\/index.php\/wp-json\/wp\/v2\/tags?post=181289"}],"curies":[{"name":"wp","href":"https:\/\/api.w.org\/{rel}","templated":true}]}}