{"id":181285,"date":"2025-09-03T18:04:34","date_gmt":"2025-09-03T21:04:34","guid":{"rendered":"https:\/\/cdnoticias.com\/?p=181285"},"modified":"2025-09-03T18:04:35","modified_gmt":"2025-09-03T21:04:35","slug":"elecciones-el-lunes-habra-clases-con-normalidad-en-las-escuelas-donde-se-voto","status":"publish","type":"post","link":"https:\/\/cdnoticias.com\/index.php\/2025\/09\/03\/elecciones-el-lunes-habra-clases-con-normalidad-en-las-escuelas-donde-se-voto\/","title":{"rendered":"Elecciones: el lunes habr\u00e1 clases con normalidad en las escuelas donde se vot\u00f3"},"content":{"rendered":"\n<p>Ser\u00e1 en ambos turnos, seg\u00fan lo dispuso el Gobierno bonaerense. Habr\u00e1 en el horario posterior a las elecciones tareas de limpieza.<\/p>\n\n\n\n<hr class=\"wp-block-separator aligncenter has-alpha-channel-opacity\"\/>\n\n\n\n<p>El <strong>dictado de clases el lunes,<\/strong> el d\u00eda posterior a <strong>las elecciones del 7 de septiembre<\/strong>,<strong> ser\u00e1 normal en ambos turnos en todas las escuelas<\/strong> utilizadas para ir a votar, seg\u00fan lo dispuso la Direcci\u00f3n General de Cultura y Educaci\u00f3n bonaerense.<\/p>\n\n\n\n<p><\/p>\n\n\n\n<blockquote class=\"wp-block-quote is-layout-flow wp-block-quote-is-layout-flow\">\n<p>En ese sentido, los establecimientos educativos ser\u00e1n higienizados y desinfectados para abrir sus puertas con normalidad desde la ma\u00f1ana. Las tareas, claro est\u00e1, incluir\u00e1n aulas, sanitarios, espacios comunes de circulaci\u00f3n, incluyendo el mobiliario.<\/p>\n<\/blockquote>\n\n\n\n<p><\/p>\n\n\n\n<p>Las tareas de limpieza <strong>deber\u00e1n realizarse con posterioridad al cierre de los comicios,<\/strong> que si bien tiene como horario las 18 del domingo, muchas veces con el conteo de votos se extiende hasta m\u00e1s de las 20 horas.<\/p>\n\n\n\n<p><\/p>\n\n\n\n<p>Cabe recordar que desde el Gobierno de la provincia de Buenos Aires informaron que<strong> se habilitar\u00e1n 1.934 locales de votaci\u00f3n,<\/strong> principalmente <strong>escuelas p\u00fablicas, <\/strong>con 41.189 mesas distribuidas en todo el territorio.<\/p>\n\n\n\n<p><\/p>\n\n\n\n<p><strong>La seguridad, en tanto, estar\u00e1 a cargo de 34.778 efectivos: <\/strong>28.778 polic\u00edas bonaerenses, tanto dentro como en los alrededores de los locales, 1.500 en reserva operativa y m\u00e1s de 6.000 agentes de fuerzas federales, incluyendo Prefectura, Gendarmer\u00eda y Polic\u00eda Federal. Adem\u00e1s, se sumar\u00e1n 629 efectivos destinados a supervisi\u00f3n y log\u00edstica.\u00a0<\/p>\n\n\n\n<p><\/p>\n\n\n\n<p><em>Fuente: DIB\u00a0<\/em><\/p>\n\n\n\n<p><\/p>\n","protected":false},"excerpt":{"rendered":"<p>Ser\u00e1 en ambos turnos, seg\u00fan lo dispuso el Gobierno bonaerense. Habr\u00e1 en el horario posterior a las elecciones tareas de<\/p>\n","protected":false},"author":6,"featured_media":100412,"comment_status":"closed","ping_status":"closed","sticky":false,"template":"","format":"standard","meta":{"_jetpack_memberships_contains_paid_content":false,"footnotes":""},"categories":[6,1],"tags":[],"class_list":["post-181285","post","type-post","status-publish","format-standard","has-post-thumbnail","hentry","category-nacionales","category-portada"],"jetpack_featured_media_url":"https:\/\/i0.wp.com\/cdnoticias.com\/wp-content\/uploads\/2023\/10\/escuelas-privadas.jpg?fit=1280%2C720&ssl=1","jetpack_sharing_enabled":true,"_links":{"self":[{"href":"https:\/\/cdnoticias.com\/index.php\/wp-json\/wp\/v2\/posts\/181285","targetHints":{"allow":["GET"]}}],"collection":[{"href":"https:\/\/cdnoticias.com\/index.php\/wp-json\/wp\/v2\/posts"}],"about":[{"href":"https:\/\/cdnoticias.com\/index.php\/wp-json\/wp\/v2\/types\/post"}],"author":[{"embeddable":true,"href":"https:\/\/cdnoticias.com\/index.php\/wp-json\/wp\/v2\/users\/6"}],"replies":[{"embeddable":true,"href":"https:\/\/cdnoticias.com\/index.php\/wp-json\/wp\/v2\/comments?post=181285"}],"version-history":[{"count":0,"href":"https:\/\/cdnoticias.com\/index.php\/wp-json\/wp\/v2\/posts\/181285\/revisions"}],"wp:featuredmedia":[{"embeddable":true,"href":"https:\/\/cdnoticias.com\/index.php\/wp-json\/wp\/v2\/media\/100412"}],"wp:attachment":[{"href":"https:\/\/cdnoticias.com\/index.php\/wp-json\/wp\/v2\/media?parent=181285"}],"wp:term":[{"taxonomy":"category","embeddable":true,"href":"https:\/\/cdnoticias.com\/index.php\/wp-json\/wp\/v2\/categories?post=181285"},{"taxonomy":"post_tag","embeddable":true,"href":"https:\/\/cdnoticias.com\/index.php\/wp-json\/wp\/v2\/tags?post=181285"}],"curies":[{"name":"wp","href":"https:\/\/api.w.org\/{rel}","templated":true}]}}