{"id":181281,"date":"2025-09-03T17:33:39","date_gmt":"2025-09-03T20:33:39","guid":{"rendered":"https:\/\/cdnoticias.com\/?p=181281"},"modified":"2025-09-03T17:33:41","modified_gmt":"2025-09-03T20:33:41","slug":"autoridades-de-facso-recorrieron-la-subsede-quequen","status":"publish","type":"post","link":"https:\/\/cdnoticias.com\/index.php\/2025\/09\/03\/autoridades-de-facso-recorrieron-la-subsede-quequen\/","title":{"rendered":"Autoridades de FACSO recorrieron la subsede Quequ\u00e9n"},"content":{"rendered":"\n<p>El Dr. Gustavo Flensborg y el Lic. Nicol\u00e1s Casado se reunieron con docentes e investigadores\/as, y adem\u00e1s mantuvieron un encuentro con autoridades municipales de Necochea.<\/p>\n\n\n\n<hr class=\"wp-block-separator aligncenter has-alpha-channel-opacity\"\/>\n\n\n\n<p>En el marco de las <strong>actividades institucionales de las autoridades de la Facultad de Ciencias Sociales <\/strong>de la Universidad Nacional del Centro de la Provincia de Buenos Aires, d\u00edas atr\u00e1s el decano <strong>Dr. Gustavo Flensborg<\/strong> y el vicedecano <strong>Lic. Nicol\u00e1s Casado <\/strong>visitaron la <strong>subsede universitaria de Quequ\u00e9n y la Municipalidad de Necochea.<\/strong><\/p>\n\n\n\n<p><\/p>\n\n\n\n<p>Por un lado, se reunieron con parte del equipo del Laboratorio de Ecolog\u00eda Evolutiva Humana (LEEH, FACSO-UNICEN), el Dr. Luciano Valenzuela, director del NACT, y las Dras. Josefina Motti y Rosa Mar\u00eda Alonso Salces.<\/p>\n\n\n\n<p><\/p>\n\n\n\n<p>En el encuentro pudieron dialogar acerca de los<strong> proyectos de investigaci\u00f3n<\/strong> que se llevan adelante desde el LEEH, y <strong>recorrieron el laboratorio<\/strong> inaugurado en diciembre del a\u00f1o pasado.\u00a0<\/p>\n\n\n\n<p><\/p>\n\n\n\n<p>En el laboratorio se encuentra instalado el <strong>espectr\u00f3metro de masas de razones isot\u00f3picas<\/strong>, un equipo de alta tecnolog\u00eda que permite analizar los valores de is\u00f3topos estables, esto es, distintas formas de un mismo elemento qu\u00edmico que se preservan en diferentes tejidos org\u00e1nicos e inorg\u00e1nicos.\u00a0<\/p>\n\n\n\n<p><\/p>\n\n\n\n<blockquote class=\"wp-block-quote is-layout-flow wp-block-quote-is-layout-flow\">\n<p>A partir de esto es posible obtener informaci\u00f3n sobre el origen geogr\u00e1fico de sustancias, determinar la autenticidad de productos, reconstruir la historia ambiental de ecosistemas y trazar el uso de recursos y las redes alimentarias en procesos biogeoqu\u00edmicos y ecol\u00f3gicos. Dada la potencialidad de este equipamiento, se trabaj\u00f3 sobre la generaci\u00f3n de propuestas e instancias de transferencia de servicios para la comunidad regional y nacional.<\/p>\n<\/blockquote>\n\n\n\n<p><\/p>\n\n\n\n<p>Asimismo, Flensborg y Casado tambi\u00e9n se reunieron con la Lic. Monica Bouyssede, integrante de la <strong>Comisi\u00f3n Directiva de la Diplomatura Universitaria en Educaci\u00f3n para la Paz<\/strong> y Abordaje de la Conflictividad Social de FACSO; y con la Lic. Luc\u00eda Marcenac, <strong>Directora de la Asociaci\u00f3n Civil \u201cAlfredo Marcenac\u201d.<\/strong><\/p>\n\n\n\n<p><\/p>\n\n\n\n<p>En el encuentro abordaron el desarrollo de la actual cohorte de la Diplomatura, que <strong>por primera vez se lleva adelante de manera virtual<\/strong>, y el trabajo que desde hace a\u00f1os impulsan la Diplomatura y la Asociaci\u00f3n Civil con sede en Necochea en pos de promover las pol\u00edticas de desarme.<\/p>\n\n\n\n<p><\/p>\n\n\n\n<p>Finalmente, las autoridades de FACSO se reunieron con Sandra Antenucci, Secretaria de Desarrollo Humano y Pol\u00edticas Sociales de la Municipalidad de Necochea, con quien abordaron las proyecciones de articulaci\u00f3n entre nuestra unidad acad\u00e9mica y el Municipio balneario.<\/p>\n\n\n\n<p><\/p>\n\n\n\n<p><em>&#8220;El objetivo de las reuniones mantenidas fue profundizar los lazos con los espacios de investigaci\u00f3n y ense\u00f1anza que se gestionan desde la FACSO, por lo que pudieron conocer las acciones y proyectos que se llevan adelante en cada \u00e1rea y atender a las propuestas de cada espacio<\/em>&#8221; se\u00f1alaron desde la instituci\u00f3n. <\/p>\n\n\n\n<p><\/p>\n\n\n\n<p>Asimismo, &#8220;de esta forma se promueve la ampliaci\u00f3n de las redes de vinculaci\u00f3n en distintos espacios, con el prop\u00f3sito de proyectar pol\u00edticas p\u00fablicas regionales que atiendan a demandas espec\u00edficas de instituciones de gesti\u00f3n p\u00fablica y privada&#8221; cerraron. <\/p>\n","protected":false},"excerpt":{"rendered":"<p>El Dr. Gustavo Flensborg y el Lic. Nicol\u00e1s Casado se reunieron con docentes e investigadores\/as, y adem\u00e1s mantuvieron un encuentro<\/p>\n","protected":false},"author":6,"featured_media":181284,"comment_status":"closed","ping_status":"closed","sticky":false,"template":"","format":"standard","meta":{"_jetpack_memberships_contains_paid_content":false,"footnotes":""},"categories":[5,1],"tags":[],"class_list":["post-181281","post","type-post","status-publish","format-standard","has-post-thumbnail","hentry","category-informacion-general","category-portada"],"jetpack_featured_media_url":"https:\/\/i0.wp.com\/cdnoticias.com\/wp-content\/uploads\/2025\/09\/quequen-sede-laboratoroi.png?fit=900%2C600&ssl=1","jetpack_sharing_enabled":true,"_links":{"self":[{"href":"https:\/\/cdnoticias.com\/index.php\/wp-json\/wp\/v2\/posts\/181281","targetHints":{"allow":["GET"]}}],"collection":[{"href":"https:\/\/cdnoticias.com\/index.php\/wp-json\/wp\/v2\/posts"}],"about":[{"href":"https:\/\/cdnoticias.com\/index.php\/wp-json\/wp\/v2\/types\/post"}],"author":[{"embeddable":true,"href":"https:\/\/cdnoticias.com\/index.php\/wp-json\/wp\/v2\/users\/6"}],"replies":[{"embeddable":true,"href":"https:\/\/cdnoticias.com\/index.php\/wp-json\/wp\/v2\/comments?post=181281"}],"version-history":[{"count":0,"href":"https:\/\/cdnoticias.com\/index.php\/wp-json\/wp\/v2\/posts\/181281\/revisions"}],"wp:featuredmedia":[{"embeddable":true,"href":"https:\/\/cdnoticias.com\/index.php\/wp-json\/wp\/v2\/media\/181284"}],"wp:attachment":[{"href":"https:\/\/cdnoticias.com\/index.php\/wp-json\/wp\/v2\/media?parent=181281"}],"wp:term":[{"taxonomy":"category","embeddable":true,"href":"https:\/\/cdnoticias.com\/index.php\/wp-json\/wp\/v2\/categories?post=181281"},{"taxonomy":"post_tag","embeddable":true,"href":"https:\/\/cdnoticias.com\/index.php\/wp-json\/wp\/v2\/tags?post=181281"}],"curies":[{"name":"wp","href":"https:\/\/api.w.org\/{rel}","templated":true}]}}