{"id":18126,"date":"2021-04-06T17:16:47","date_gmt":"2021-04-06T20:16:47","guid":{"rendered":"http:\/\/www.centraldenoticias.com.ar\/?p=18126"},"modified":"2021-04-06T17:16:47","modified_gmt":"2021-04-06T20:16:47","slug":"dice-que-dentro-de-la-ley-todo-pero-dentro-de-la-ley-nada-tampoco","status":"publish","type":"post","link":"https:\/\/cdnoticias.com\/index.php\/2021\/04\/06\/dice-que-dentro-de-la-ley-todo-pero-dentro-de-la-ley-nada-tampoco\/","title":{"rendered":"\u201cDice que dentro de la Ley todo pero dentro de la Ley nada tampoco\u201d"},"content":{"rendered":"<p>Yessica Almeida, del Polo Obrero, fue una de las presentes en la toma del barrio Lourdes y critic\u00f3 al Intendente Galli por la postura que tom\u00f3 ante el tema. Indic\u00f3 que \u201chace a\u00f1os se presenta documentaci\u00f3n como corresponde\u201d y no hay respuestas.<!--more--><\/p>\n<hr \/>\n<p>En el medio de la<a href=\"https:\/\/cdnoticias.com\/index.php\/2021\/04\/06\/el-intendente-galli-denuncio-penalmente-la-toma-de-terrenos-en-el-barrio-lourdes\/\" target=\"_blank\" rel=\"noopener\"> denuncia por la toma del barrio Lourdes<\/a> y la Gendarmer\u00eda apostada en el lugar, <strong>la dirigente del Polo Obrero, Yessica Almeida, dialog\u00f3 con los medios acerca de la decisi\u00f3n del jefe comunal.<\/strong><\/p>\n<p>&nbsp;<\/p>\n<p>Se\u00f1al\u00f3 en primera instancia que <em>\u201cnos acercamos porque tenemos compa\u00f1eras, vecinas del barrio, que est\u00e1n participando en el Polo Obrero y nos llamaron avisando que estaban tomando terrenos\u201d.<\/em><\/p>\n<p>&nbsp;<\/p>\n<blockquote><p>\u201cEsta es la realidad no s\u00f3lo de este barrio sino en toda Olavarr\u00eda con una situaci\u00f3n habitacional precaria tremenda donde viven hacinados, no tienen c\u00f3mo seguir sosteniendo el alquiler y la prohibici\u00f3n de desalojos no fue renovada y desde el 1 de abril hay vecinos hasta amenazados de desalojo complicados\u201d.<\/p><\/blockquote>\n<p>&nbsp;<\/p>\n<p>Se\u00f1al\u00f3 tambi\u00e9n que varios vecinos presentaron documentaci\u00f3n <strong><em>\u201ccomo corresponde, pidiendo ayuda y asistencia\u201d<\/em><\/strong> y <strong><em>\u201csabiendo que este barrio se fue conformando con tomas: los vecinos van tomando y el Municipio habilita los terrenos\u201d.<\/em> <\/strong>Adem\u00e1s, indic\u00f3 que <em>\u201cen principio los vecinos que eran 10, empezaron a llegar m\u00e1s personas, son alrededor de 70 familias o m\u00e1s que tienen todo el predio tomado, hay delegados, asamblea, y tratando de sostener esta lucha que lleva 5 d\u00edas\u201d.<\/em><\/p>\n<p>&nbsp;<\/p>\n<p>Entre la gran diversidad de casos, <em>\u201chay una compa\u00f1era que est\u00e1 en la toma que ten\u00eda subsidio de alquiler y que se lo cortaron, as\u00ed que tuvo que venir ac\u00e1\u201d.<\/em><\/p>\n<p>&nbsp;<\/p>\n<p>Con respecto al di\u00e1logo con el Municipio, indic\u00f3 que el hecho \u201cmarca un poco\u201d. <em>\u201cSe acercaron del sector de Cultura a dialogar, les prometieron una reuni\u00f3n esta semana, y un d\u00eda despu\u00e9s ya hay una denuncia hecha por el Intendente. No es raro en Galli y su gobierno que act\u00faa de la misma manera ante un reclamo que gana las calles\u201d<\/em> atac\u00f3.<\/p>\n<p>&nbsp;<\/p>\n<p>Y profundiz\u00f3 la cr\u00edtica: <strong><em>\u201cdice que dentro de la Ley todo, pero dentro de la Ley nada tampoco. Hace a\u00f1os que las familias reclaman legalmente y no obtienen respuestas\u201d.<\/em><\/strong><\/p>\n<p>&nbsp;<\/p>\n<p>De todos modos,<em> \u201cla voluntad de dialogar con el Municipio est\u00e1, incluso hay representantes para dialogar. Pidieron un agrimensor para delimitar los terrenos para no ocupar calles, cuestiones b\u00e1sicas m\u00e1s all\u00e1 de los terrenos, un ba\u00f1o qu\u00edmico, agua, incluso con la sanidad\u201d.<\/em><\/p>\n","protected":false},"excerpt":{"rendered":"<p>Yessica Almeida, del Polo Obrero, fue una de las presentes en la toma del barrio Lourdes y critic\u00f3 al Intendente<\/p>\n","protected":false},"author":2,"featured_media":18128,"comment_status":"closed","ping_status":"closed","sticky":false,"template":"","format":"standard","meta":{"_jetpack_memberships_contains_paid_content":false,"footnotes":""},"categories":[5,1],"tags":[],"class_list":["post-18126","post","type-post","status-publish","format-standard","has-post-thumbnail","hentry","category-informacion-general","category-portada"],"jetpack_featured_media_url":"https:\/\/i0.wp.com\/cdnoticias.com\/wp-content\/uploads\/2021\/04\/usurpaci%C3%B3n-lourdes-almeida-cdn.jpg?fit=1280%2C960&ssl=1","jetpack_sharing_enabled":true,"_links":{"self":[{"href":"https:\/\/cdnoticias.com\/index.php\/wp-json\/wp\/v2\/posts\/18126","targetHints":{"allow":["GET"]}}],"collection":[{"href":"https:\/\/cdnoticias.com\/index.php\/wp-json\/wp\/v2\/posts"}],"about":[{"href":"https:\/\/cdnoticias.com\/index.php\/wp-json\/wp\/v2\/types\/post"}],"author":[{"embeddable":true,"href":"https:\/\/cdnoticias.com\/index.php\/wp-json\/wp\/v2\/users\/2"}],"replies":[{"embeddable":true,"href":"https:\/\/cdnoticias.com\/index.php\/wp-json\/wp\/v2\/comments?post=18126"}],"version-history":[{"count":0,"href":"https:\/\/cdnoticias.com\/index.php\/wp-json\/wp\/v2\/posts\/18126\/revisions"}],"wp:featuredmedia":[{"embeddable":true,"href":"https:\/\/cdnoticias.com\/index.php\/wp-json\/wp\/v2\/media\/18128"}],"wp:attachment":[{"href":"https:\/\/cdnoticias.com\/index.php\/wp-json\/wp\/v2\/media?parent=18126"}],"wp:term":[{"taxonomy":"category","embeddable":true,"href":"https:\/\/cdnoticias.com\/index.php\/wp-json\/wp\/v2\/categories?post=18126"},{"taxonomy":"post_tag","embeddable":true,"href":"https:\/\/cdnoticias.com\/index.php\/wp-json\/wp\/v2\/tags?post=18126"}],"curies":[{"name":"wp","href":"https:\/\/api.w.org\/{rel}","templated":true}]}}