{"id":181255,"date":"2025-09-03T09:28:41","date_gmt":"2025-09-03T12:28:41","guid":{"rendered":"https:\/\/cdnoticias.com\/?p=181255"},"modified":"2025-09-03T15:13:24","modified_gmt":"2025-09-03T18:13:24","slug":"definen-cuanto-cobraran-los-policias-afectados-a-las-elecciones","status":"publish","type":"post","link":"https:\/\/cdnoticias.com\/index.php\/2025\/09\/03\/definen-cuanto-cobraran-los-policias-afectados-a-las-elecciones\/","title":{"rendered":"Definen cu\u00e1nto cobrar\u00e1n los polic\u00edas afectados a las elecciones"},"content":{"rendered":"<p>El Gobierno de Axel Kicillof defini\u00f3 cu\u00e1nto le va a pagar a los casi 30 mil efectivos de la Polic\u00eda Bonaerense afectados a las elecciones del domingo.<!--more--><\/p>\n<hr \/>\n<p>El Gobierno de Axel Kicillof firm\u00f3 este mi\u00e9rcoles un decreto para <strong>establecer los vi\u00e1ticos que van a cobrar los casi 30.000 efectivos de la Polic\u00eda Bonaerense<\/strong> afectados al operativo de las <strong>elecciones del domingo 7 de septiembre<\/strong> en toda la provincia de Buenos Aires.<\/p>\n<blockquote><p>De acuerdo al Decreto 2197\/25, el Ministerio de Seguridad bonaerense va a pagar $75.000 en concepto de vi\u00e1tico electoral a todo el personal policial que preste servicios efectivos en el Comando Electoral durante el s\u00e1bado y el domingo.<\/p><\/blockquote>\n<p>Seg\u00fan la resoluci\u00f3n publicada en el Bolet\u00edn Oficial, <strong>no hay distinciones de jerarqu\u00eda ni escalaf\u00f3n<\/strong>, por lo que se espera que todos los agentes reciban la misma cifra.<\/p>\n<blockquote class=\"wp-embedded-content\" data-secret=\"jIEPV8svAL\"><p><a href=\"https:\/\/cdnoticias.com\/index.php\/2025\/07\/14\/legislativas-en-la-provincia-habra-45-000-efectivos-y-88-000-autoridades-de-mesa\/\">Legislativas en la Provincia: habr\u00e1 45.000 efectivos y 88.000 autoridades de mesa<\/a><\/p><\/blockquote>\n<p><iframe loading=\"lazy\" class=\"wp-embedded-content\" sandbox=\"allow-scripts\" security=\"restricted\" style=\"position: absolute; visibility: hidden;\" title=\"&#8220;Legislativas en la Provincia: habr\u00e1 45.000 efectivos y 88.000 autoridades de mesa&#8221; &#8212; Central de Noticias | Olavarr\u00eda\" src=\"https:\/\/cdnoticias.com\/index.php\/2025\/07\/14\/legislativas-en-la-provincia-habra-45-000-efectivos-y-88-000-autoridades-de-mesa\/embed\/#?secret=KsYIEojbXa#?secret=jIEPV8svAL\" data-secret=\"jIEPV8svAL\" width=\"600\" height=\"338\" frameborder=\"0\" marginwidth=\"0\" marginheight=\"0\" scrolling=\"no\"><\/iframe><\/p>\n<blockquote><p>Seg\u00fan se inform\u00f3 oficialmente, el Comando Electoral Provincial encabezado por Javier Alonso va a tener un total de 34.778 efectivos. De esos, 28.778 pertenecen a la Polic\u00eda Bonaerense y unos 6.000 son de fuerzas federales.<\/p><\/blockquote>\n<p>El Comando Electoral tiene el \u00fanico objetivo de garantizar la seguridad de los comicios. Esto significa que los agentes afectados deben prestar<strong> tareas \u201cvinculadas a la preservaci\u00f3n de la seguridad integral del acto eleccionario<\/strong>, incluyendo la vigilancia de locales de votaci\u00f3n, el resguardo del orden p\u00fablico, la custodia de urnas y documentaci\u00f3n electoral, y el acompa\u00f1amiento de los operativos de despliegue y repliegue log\u00edstico\u201d.<\/p>\n<blockquote class=\"wp-embedded-content\" data-secret=\"FKND3zSexj\"><p><a href=\"https:\/\/cdnoticias.com\/index.php\/2025\/07\/10\/legislativas-cuanto-cobraran-las-autoridades-de-mesa-el-7-de-septiembre\/\">Legislativas: cu\u00e1nto cobrar\u00e1n las autoridades de mesa el 7 de septiembre<\/a><\/p><\/blockquote>\n<p><iframe loading=\"lazy\" class=\"wp-embedded-content\" sandbox=\"allow-scripts\" security=\"restricted\" style=\"position: absolute; visibility: hidden;\" title=\"&#8220;Legislativas: cu\u00e1nto cobrar\u00e1n las autoridades de mesa el 7 de septiembre&#8221; &#8212; Central de Noticias | Olavarr\u00eda\" src=\"https:\/\/cdnoticias.com\/index.php\/2025\/07\/10\/legislativas-cuanto-cobraran-las-autoridades-de-mesa-el-7-de-septiembre\/embed\/#?secret=qRWvrpm9r8#?secret=FKND3zSexj\" data-secret=\"FKND3zSexj\" width=\"600\" height=\"338\" frameborder=\"0\" marginwidth=\"0\" marginheight=\"0\" scrolling=\"no\"><\/iframe><\/p>\n","protected":false},"excerpt":{"rendered":"<p>El Gobierno de Axel Kicillof defini\u00f3 cu\u00e1nto le va a pagar a los casi 30 mil efectivos de la Polic\u00eda<\/p>\n","protected":false},"author":4,"featured_media":181256,"comment_status":"closed","ping_status":"closed","sticky":false,"template":"","format":"standard","meta":{"_jetpack_memberships_contains_paid_content":false,"footnotes":""},"categories":[6,1],"tags":[],"class_list":["post-181255","post","type-post","status-publish","format-standard","has-post-thumbnail","hentry","category-nacionales","category-portada"],"jetpack_featured_media_url":"https:\/\/i0.wp.com\/cdnoticias.com\/wp-content\/uploads\/2025\/09\/elecciones-operativo-urnas.jpg?fit=800%2C445&ssl=1","jetpack_sharing_enabled":true,"_links":{"self":[{"href":"https:\/\/cdnoticias.com\/index.php\/wp-json\/wp\/v2\/posts\/181255","targetHints":{"allow":["GET"]}}],"collection":[{"href":"https:\/\/cdnoticias.com\/index.php\/wp-json\/wp\/v2\/posts"}],"about":[{"href":"https:\/\/cdnoticias.com\/index.php\/wp-json\/wp\/v2\/types\/post"}],"author":[{"embeddable":true,"href":"https:\/\/cdnoticias.com\/index.php\/wp-json\/wp\/v2\/users\/4"}],"replies":[{"embeddable":true,"href":"https:\/\/cdnoticias.com\/index.php\/wp-json\/wp\/v2\/comments?post=181255"}],"version-history":[{"count":0,"href":"https:\/\/cdnoticias.com\/index.php\/wp-json\/wp\/v2\/posts\/181255\/revisions"}],"wp:featuredmedia":[{"embeddable":true,"href":"https:\/\/cdnoticias.com\/index.php\/wp-json\/wp\/v2\/media\/181256"}],"wp:attachment":[{"href":"https:\/\/cdnoticias.com\/index.php\/wp-json\/wp\/v2\/media?parent=181255"}],"wp:term":[{"taxonomy":"category","embeddable":true,"href":"https:\/\/cdnoticias.com\/index.php\/wp-json\/wp\/v2\/categories?post=181255"},{"taxonomy":"post_tag","embeddable":true,"href":"https:\/\/cdnoticias.com\/index.php\/wp-json\/wp\/v2\/tags?post=181255"}],"curies":[{"name":"wp","href":"https:\/\/api.w.org\/{rel}","templated":true}]}}