{"id":181253,"date":"2025-09-03T10:47:51","date_gmt":"2025-09-03T13:47:51","guid":{"rendered":"https:\/\/cdnoticias.com\/?p=181253"},"modified":"2025-09-03T10:49:56","modified_gmt":"2025-09-03T13:49:56","slug":"feria-primaveral-de-corrales-de-nievas","status":"publish","type":"post","link":"https:\/\/cdnoticias.com\/index.php\/2025\/09\/03\/feria-primaveral-de-corrales-de-nievas\/","title":{"rendered":"Feria Primaveral de Corrales de Nievas"},"content":{"rendered":"<p>Con entrada gratuita la feria se realizar\u00e1 el 21 de septiembre en Colonia Nievas. Habr\u00e1 artesanos y patio de comidas. Inscripci\u00f3n abierta.<!--more--><\/p>\n<hr \/>\n<p>Se anunci\u00f3 la <strong>Feria Primaveral de Corrales de Nievas<\/strong> para el <strong>21 de septiembre<\/strong> en la localidad de <strong>Colonia Nievas<\/strong>.<\/p>\n<p>En el predio ubicado frente a la iglesia de la localidad se montar\u00e1 la feria con<strong> artesanos, emprendedores, manualistas y patio de comidas<\/strong> entre otras propuestas. Quienes quieran participar <strong>pueden inscribirse al 2284-571285<\/strong>.<\/p>\n<blockquote><p>La entrada a la Feria Primaveral es libre y gratuita. Se inform\u00f3 que en caso de mal tiempo, se reprogramar\u00e1 para el 28 de septiembre.<\/p><\/blockquote>\n","protected":false},"excerpt":{"rendered":"<p>Con entrada gratuita la feria se realizar\u00e1 el 21 de septiembre en Colonia Nievas. Habr\u00e1 artesanos y patio de comidas.<\/p>\n","protected":false},"author":4,"featured_media":142490,"comment_status":"closed","ping_status":"closed","sticky":false,"template":"","format":"standard","meta":{"_jetpack_memberships_contains_paid_content":false,"footnotes":""},"categories":[9,1],"tags":[],"class_list":["post-181253","post","type-post","status-publish","format-standard","has-post-thumbnail","hentry","category-cultura","category-portada"],"jetpack_featured_media_url":"https:\/\/i0.wp.com\/cdnoticias.com\/wp-content\/uploads\/2025\/01\/colonia-nievas-mantenimiento.png?fit=896%2C474&ssl=1","jetpack_sharing_enabled":true,"_links":{"self":[{"href":"https:\/\/cdnoticias.com\/index.php\/wp-json\/wp\/v2\/posts\/181253","targetHints":{"allow":["GET"]}}],"collection":[{"href":"https:\/\/cdnoticias.com\/index.php\/wp-json\/wp\/v2\/posts"}],"about":[{"href":"https:\/\/cdnoticias.com\/index.php\/wp-json\/wp\/v2\/types\/post"}],"author":[{"embeddable":true,"href":"https:\/\/cdnoticias.com\/index.php\/wp-json\/wp\/v2\/users\/4"}],"replies":[{"embeddable":true,"href":"https:\/\/cdnoticias.com\/index.php\/wp-json\/wp\/v2\/comments?post=181253"}],"version-history":[{"count":0,"href":"https:\/\/cdnoticias.com\/index.php\/wp-json\/wp\/v2\/posts\/181253\/revisions"}],"wp:featuredmedia":[{"embeddable":true,"href":"https:\/\/cdnoticias.com\/index.php\/wp-json\/wp\/v2\/media\/142490"}],"wp:attachment":[{"href":"https:\/\/cdnoticias.com\/index.php\/wp-json\/wp\/v2\/media?parent=181253"}],"wp:term":[{"taxonomy":"category","embeddable":true,"href":"https:\/\/cdnoticias.com\/index.php\/wp-json\/wp\/v2\/categories?post=181253"},{"taxonomy":"post_tag","embeddable":true,"href":"https:\/\/cdnoticias.com\/index.php\/wp-json\/wp\/v2\/tags?post=181253"}],"curies":[{"name":"wp","href":"https:\/\/api.w.org\/{rel}","templated":true}]}}