{"id":181240,"date":"2025-09-02T20:12:21","date_gmt":"2025-09-02T23:12:21","guid":{"rendered":"https:\/\/cdnoticias.com\/?p=181240"},"modified":"2025-09-02T20:12:22","modified_gmt":"2025-09-02T23:12:22","slug":"el-intendente-sombra-se-reunio-con-vecinos-autoconvocados-por-la-obra-en-ruta-3","status":"publish","type":"post","link":"https:\/\/cdnoticias.com\/index.php\/2025\/09\/02\/el-intendente-sombra-se-reunio-con-vecinos-autoconvocados-por-la-obra-en-ruta-3\/","title":{"rendered":"El intendente Sombra se reuni\u00f3 con vecinos autoconvocados por la obra en Ruta 3"},"content":{"rendered":"\n<p>Se analiz\u00f3 el amparo que presentar\u00e1 el Municipio ante la Justicia Federal para solicitar obras de mantenimiento, conservaci\u00f3n y seguridad entre Azul y Cachar\u00ed.<\/p>\n\n\n\n<hr class=\"wp-block-separator aligncenter has-alpha-channel-opacity\"\/>\n\n\n\n<p>El <strong>intendente de Azul, Nelson Sombra, recibi\u00f3 en su despacho a integrantes del grupo Vecinos Autoconvocados por la Autov\u00eda en la Ruta Nacional N\u00ba 3<\/strong>, en un encuentro del que participaron tambi\u00e9n funcionarios municipales y concejales.<\/p>\n\n\n\n<figure class=\"wp-block-image size-large\"><img data-recalc-dims=\"1\" loading=\"lazy\" decoding=\"async\" width=\"800\" height=\"533\" src=\"https:\/\/i0.wp.com\/cdnoticias.com\/wp-content\/uploads\/2025\/09\/540529358_1172147988282534_1232201601864364897_n.jpg?resize=800%2C533&#038;ssl=1\" alt=\"\" class=\"wp-image-181241\" srcset=\"https:\/\/i0.wp.com\/cdnoticias.com\/wp-content\/uploads\/2025\/09\/540529358_1172147988282534_1232201601864364897_n.jpg?resize=1024%2C682&amp;ssl=1 1024w, https:\/\/i0.wp.com\/cdnoticias.com\/wp-content\/uploads\/2025\/09\/540529358_1172147988282534_1232201601864364897_n.jpg?resize=300%2C200&amp;ssl=1 300w, https:\/\/i0.wp.com\/cdnoticias.com\/wp-content\/uploads\/2025\/09\/540529358_1172147988282534_1232201601864364897_n.jpg?resize=768%2C512&amp;ssl=1 768w, https:\/\/i0.wp.com\/cdnoticias.com\/wp-content\/uploads\/2025\/09\/540529358_1172147988282534_1232201601864364897_n.jpg?resize=272%2C182&amp;ssl=1 272w, https:\/\/i0.wp.com\/cdnoticias.com\/wp-content\/uploads\/2025\/09\/540529358_1172147988282534_1232201601864364897_n.jpg?w=1400&amp;ssl=1 1400w\" sizes=\"auto, (max-width: 800px) 100vw, 800px\" \/><\/figure>\n\n\n\n<p>Durante la reuni\u00f3n <strong>se analiz\u00f3 el amparo que presentar\u00e1 el Municipio ante la Justicia Federal para reclamar por la obra, con el objetivo de exigir a Vialidad Nacional y a Corredores Viales SA que cumplan con sus obligaciones de mantenimiento, conservaci\u00f3n y seguridad en el tramo comprendido entre Azul y Cachar\u00ed.<\/strong><\/p>\n\n\n\n<p><strong>Los vecinos autoconvocados acompa\u00f1ar\u00e1n la presentaci\u00f3n judicial con una nota firmada por representantes de instituciones y miembros de la comunidad. <\/strong>La misma podr\u00e1 ser suscripta en el banderazo previsto para el pr\u00f3ximo 14 de septiembre a las 15 horas, en el acceso a Azul por la Ruta Nacional N\u00ba 3.<\/p>\n\n\n\n<figure class=\"wp-block-image size-large\"><img data-recalc-dims=\"1\" loading=\"lazy\" decoding=\"async\" width=\"800\" height=\"600\" src=\"https:\/\/i0.wp.com\/cdnoticias.com\/wp-content\/uploads\/2025\/09\/540784019_1172147951615871_3349134282766245874_n.jpg?resize=800%2C600&#038;ssl=1\" alt=\"\" class=\"wp-image-181242\" srcset=\"https:\/\/i0.wp.com\/cdnoticias.com\/wp-content\/uploads\/2025\/09\/540784019_1172147951615871_3349134282766245874_n.jpg?resize=1024%2C768&amp;ssl=1 1024w, https:\/\/i0.wp.com\/cdnoticias.com\/wp-content\/uploads\/2025\/09\/540784019_1172147951615871_3349134282766245874_n.jpg?resize=300%2C225&amp;ssl=1 300w, https:\/\/i0.wp.com\/cdnoticias.com\/wp-content\/uploads\/2025\/09\/540784019_1172147951615871_3349134282766245874_n.jpg?resize=768%2C576&amp;ssl=1 768w, https:\/\/i0.wp.com\/cdnoticias.com\/wp-content\/uploads\/2025\/09\/540784019_1172147951615871_3349134282766245874_n.jpg?w=1040&amp;ssl=1 1040w\" sizes=\"auto, (max-width: 800px) 100vw, 800px\" \/><\/figure>\n\n\n\n<p>Cabe se\u00f1alar que<strong> el reclamo por la construcci\u00f3n de la autov\u00eda en este corredor vial lleva varios a\u00f1os de lucha y busca una soluci\u00f3n estructural que permita reducir los siniestros y las muertes en la traza. En ese marco, el amparo tiene por objetivo garantizar la transitabilidad entre las localidades y Azul, sin abandonar el pedido de avance en la obra de la autov\u00eda.<\/strong><\/p>\n\n\n\n<p><\/p>\n","protected":false},"excerpt":{"rendered":"<p>Se analiz\u00f3 el amparo que presentar\u00e1 el Municipio ante la Justicia Federal para solicitar obras de mantenimiento, conservaci\u00f3n y seguridad<\/p>\n","protected":false},"author":2,"featured_media":181243,"comment_status":"closed","ping_status":"closed","sticky":false,"template":"","format":"standard","meta":{"_jetpack_memberships_contains_paid_content":false,"footnotes":""},"categories":[6,1],"tags":[],"class_list":["post-181240","post","type-post","status-publish","format-standard","has-post-thumbnail","hentry","category-nacionales","category-portada"],"jetpack_featured_media_url":"https:\/\/i0.wp.com\/cdnoticias.com\/wp-content\/uploads\/2025\/09\/542844403_1172147904949209_8379635542902868320_n.jpg?fit=1280%2C960&ssl=1","jetpack_sharing_enabled":true,"_links":{"self":[{"href":"https:\/\/cdnoticias.com\/index.php\/wp-json\/wp\/v2\/posts\/181240","targetHints":{"allow":["GET"]}}],"collection":[{"href":"https:\/\/cdnoticias.com\/index.php\/wp-json\/wp\/v2\/posts"}],"about":[{"href":"https:\/\/cdnoticias.com\/index.php\/wp-json\/wp\/v2\/types\/post"}],"author":[{"embeddable":true,"href":"https:\/\/cdnoticias.com\/index.php\/wp-json\/wp\/v2\/users\/2"}],"replies":[{"embeddable":true,"href":"https:\/\/cdnoticias.com\/index.php\/wp-json\/wp\/v2\/comments?post=181240"}],"version-history":[{"count":0,"href":"https:\/\/cdnoticias.com\/index.php\/wp-json\/wp\/v2\/posts\/181240\/revisions"}],"wp:featuredmedia":[{"embeddable":true,"href":"https:\/\/cdnoticias.com\/index.php\/wp-json\/wp\/v2\/media\/181243"}],"wp:attachment":[{"href":"https:\/\/cdnoticias.com\/index.php\/wp-json\/wp\/v2\/media?parent=181240"}],"wp:term":[{"taxonomy":"category","embeddable":true,"href":"https:\/\/cdnoticias.com\/index.php\/wp-json\/wp\/v2\/categories?post=181240"},{"taxonomy":"post_tag","embeddable":true,"href":"https:\/\/cdnoticias.com\/index.php\/wp-json\/wp\/v2\/tags?post=181240"}],"curies":[{"name":"wp","href":"https:\/\/api.w.org\/{rel}","templated":true}]}}