{"id":181237,"date":"2025-09-02T19:44:33","date_gmt":"2025-09-02T22:44:33","guid":{"rendered":"https:\/\/cdnoticias.com\/?p=181237"},"modified":"2025-09-03T08:58:57","modified_gmt":"2025-09-03T11:58:57","slug":"nueva-jornada-del-programa-barrio-por-barrio-en-el-servicio-territorial-n-4","status":"publish","type":"post","link":"https:\/\/cdnoticias.com\/index.php\/2025\/09\/02\/nueva-jornada-del-programa-barrio-por-barrio-en-el-servicio-territorial-n-4\/","title":{"rendered":"Nueva jornada del programa \u201cBarrio por Barrio\u201d en el Servicio Territorial N\u00b0 4"},"content":{"rendered":"\n<p>Alcanzar\u00e1 los barrios Hip\u00f3lito Yrigoyen, 25 de Noviembre, Pro Casa, PYM, San Carlos y UTA. Sumar\u00e1n consultas sobre tarjeta SUBE como novedad.<\/p>\n\n\n\n<hr class=\"wp-block-separator aligncenter has-alpha-channel-opacity\"\/>\n\n\n\n<p>El programa municipal <strong>\u201cBarrio por Barrio\u201d tendr\u00e1 una nueva edici\u00f3n este mi\u00e9rcoles 3 de septiembre en el Servicio Territorial Municipal N\u00b0 4, ubicado en Beruti y Rufino Fal, con alcance a los barrios Hip\u00f3lito Yrigoyen, 25 de Noviembre, Pro Casa, PYM, San Carlos y UTA.<\/strong><\/p>\n\n\n\n<p>Desde las <strong>9:30 horas<\/strong> se dispondr\u00e1n distintos stands con servicios y asesoramiento para los vecinos:<\/p>\n\n\n\n<p>-Tramitaci\u00f3n y consultas sobre la tarjeta SUBE (nuevo servicio).<\/p>\n\n\n\n<p>-Asesoramiento m\u00e9dico y puesto de vacunaci\u00f3n.<\/p>\n\n\n\n<p>-Reimpresi\u00f3n de boletas de tasas municipales.<\/p>\n\n\n\n<p>-Vacunaci\u00f3n de caninos y felinos.<\/p>\n\n\n\n<p>-Validaci\u00f3n de identidad Mi Argentina.<\/p>\n\n\n\n<p>-Asesoramiento e inscripci\u00f3n a los programas M\u00e1s Vida y PAAC (personas con celiaqu\u00eda).<\/p>\n\n\n\n<p>-Inscripci\u00f3n a Maternales, Centros de D\u00eda, Envi\u00f3n y Callejeadas.<\/p>\n\n\n\n<p>-Atenci\u00f3n de las oficinas de Defensa del Consumidor, Relaciones Vecinales, Casa de Tierra y Regularizaci\u00f3n Dominial, Desarrollo Social, Mujeres, G\u00e9neros y Diversidades, Ingresos P\u00fablicos y Oficina de Empleo.<\/p>\n\n\n\n<p>De manera paralela se realizar\u00e1n<strong> trabajos de mantenimiento y limpieza de espacios p\u00fablicos, junto a personal de empresas prestatarias de servicios como Coopelectric y Transportes Malvinas.<\/strong><\/p>\n\n\n\n<p>Adem\u00e1s, <strong>un dispositivo puerta a puerta recorrer\u00e1 la zona para dialogar con vecinos y relevar inquietudes,<\/strong> que luego ser\u00e1n derivadas a las \u00e1reas correspondientes.<\/p>\n\n\n\n<p>El programa contempla<strong> la participaci\u00f3n del intendente, funcionarios del gabinete y personal de las distintas \u00e1reas municipales como Salud, Educaci\u00f3n, Obras P\u00fablicas, Desarrollo de la Comunidad, Protecci\u00f3n Ciudadana, Defensa del Consumidor y Asuntos Legales, entre otras.<\/strong><\/p>\n","protected":false},"excerpt":{"rendered":"<p>Alcanzar\u00e1 los barrios Hip\u00f3lito Yrigoyen, 25 de Noviembre, Pro Casa, PYM, San Carlos y UTA. Sumar\u00e1n consultas sobre tarjeta SUBE<\/p>\n","protected":false},"author":2,"featured_media":177556,"comment_status":"closed","ping_status":"closed","sticky":false,"template":"","format":"standard","meta":{"_jetpack_memberships_contains_paid_content":false,"footnotes":""},"categories":[5,1],"tags":[],"class_list":["post-181237","post","type-post","status-publish","format-standard","has-post-thumbnail","hentry","category-informacion-general","category-portada"],"jetpack_featured_media_url":"https:\/\/i0.wp.com\/cdnoticias.com\/wp-content\/uploads\/2025\/07\/Barrio-x-Barrio-Evita-Bancario-3-4-scaled-1.jpg?fit=2560%2C1703&ssl=1","jetpack_sharing_enabled":true,"_links":{"self":[{"href":"https:\/\/cdnoticias.com\/index.php\/wp-json\/wp\/v2\/posts\/181237","targetHints":{"allow":["GET"]}}],"collection":[{"href":"https:\/\/cdnoticias.com\/index.php\/wp-json\/wp\/v2\/posts"}],"about":[{"href":"https:\/\/cdnoticias.com\/index.php\/wp-json\/wp\/v2\/types\/post"}],"author":[{"embeddable":true,"href":"https:\/\/cdnoticias.com\/index.php\/wp-json\/wp\/v2\/users\/2"}],"replies":[{"embeddable":true,"href":"https:\/\/cdnoticias.com\/index.php\/wp-json\/wp\/v2\/comments?post=181237"}],"version-history":[{"count":0,"href":"https:\/\/cdnoticias.com\/index.php\/wp-json\/wp\/v2\/posts\/181237\/revisions"}],"wp:featuredmedia":[{"embeddable":true,"href":"https:\/\/cdnoticias.com\/index.php\/wp-json\/wp\/v2\/media\/177556"}],"wp:attachment":[{"href":"https:\/\/cdnoticias.com\/index.php\/wp-json\/wp\/v2\/media?parent=181237"}],"wp:term":[{"taxonomy":"category","embeddable":true,"href":"https:\/\/cdnoticias.com\/index.php\/wp-json\/wp\/v2\/categories?post=181237"},{"taxonomy":"post_tag","embeddable":true,"href":"https:\/\/cdnoticias.com\/index.php\/wp-json\/wp\/v2\/tags?post=181237"}],"curies":[{"name":"wp","href":"https:\/\/api.w.org\/{rel}","templated":true}]}}