{"id":181228,"date":"2025-09-02T19:00:25","date_gmt":"2025-09-02T22:00:25","guid":{"rendered":"https:\/\/cdnoticias.com\/?p=181228"},"modified":"2025-09-02T19:00:27","modified_gmt":"2025-09-02T22:00:27","slug":"visita-la-muestra-ponele-primera-a-la-seguridad-vial-en-el-museo-emiliozzi","status":"publish","type":"post","link":"https:\/\/cdnoticias.com\/index.php\/2025\/09\/02\/visita-la-muestra-ponele-primera-a-la-seguridad-vial-en-el-museo-emiliozzi\/","title":{"rendered":"Visit\u00e1 la muestra \u201c\u00a1Pon\u00e9le Primera a la Seguridad Vial!\u201d en el Museo Emiliozzi"},"content":{"rendered":"\n<p>La muestra estar\u00e1 disponible hasta el mes de octubre debido a que se detect\u00f3 la necesidad de reforzar el conocimiento y la pr\u00e1ctica de las normas viales, especialmente en las primeras etapas de la vida.<\/p>\n\n\n\n<hr class=\"wp-block-separator aligncenter has-alpha-channel-opacity\"\/>\n\n\n\n<p>Hasta el <strong>mes de octubre <\/strong>se encuentra abierta al p\u00fablico la <strong>exposici\u00f3n \u201cPon\u00e9le Primera a la Seguridad Vial\u201d <\/strong>en el <strong>Museo Hermanos Emiliozzi.<\/strong><\/p>\n\n\n\n<p><\/p>\n\n\n\n<p>Esta propuesta nace del trabajo conjunto entre las \u00e1reas municipales de Cultura, Protecci\u00f3n Ciudadana, Control Urbano, Licencias de Conducir y Patrimonio Cultural, con el <strong>objetivo de fortalecer la educaci\u00f3n vial como una pol\u00edtica p\u00fablica de prevenci\u00f3n y concientizaci\u00f3n.<\/strong><\/p>\n\n\n\n<p><\/p>\n\n\n\n<blockquote class=\"wp-block-quote is-layout-flow wp-block-quote-is-layout-flow\">\n<p>La campa\u00f1a se fundamenta en un diagn\u00f3stico realizado desde la gesti\u00f3n municipal donde se detect\u00f3 la necesidad de reforzar el conocimiento y la pr\u00e1ctica de las normas viales, especialmente en las primeras etapas de la vida.<\/p>\n<\/blockquote>\n\n\n\n<p><\/p>\n\n\n\n<figure class=\"wp-block-image aligncenter size-full\"><img data-recalc-dims=\"1\" loading=\"lazy\" decoding=\"async\" width=\"800\" height=\"501\" src=\"https:\/\/i0.wp.com\/cdnoticias.com\/wp-content\/uploads\/2025\/09\/seguridad-vial-muestra2.png?resize=800%2C501&#038;ssl=1\" alt=\"\" class=\"wp-image-181230\" srcset=\"https:\/\/i0.wp.com\/cdnoticias.com\/wp-content\/uploads\/2025\/09\/seguridad-vial-muestra2.png?w=888&amp;ssl=1 888w, https:\/\/i0.wp.com\/cdnoticias.com\/wp-content\/uploads\/2025\/09\/seguridad-vial-muestra2.png?resize=300%2C188&amp;ssl=1 300w, https:\/\/i0.wp.com\/cdnoticias.com\/wp-content\/uploads\/2025\/09\/seguridad-vial-muestra2.png?resize=768%2C481&amp;ssl=1 768w\" sizes=\"auto, (max-width: 800px) 100vw, 800px\" \/><\/figure>\n\n\n\n<p><\/p>\n\n\n\n<p>La muestra est\u00e1 <strong>dirigida a ni\u00f1os y ni\u00f1as en edad escolar y p\u00fablico general.<\/strong> Aquellas personas interesadas en realizar talleres o visitas guiadas pueden comunicarse al mail museohnosemiliozzi@olavarria.gov.ar o al tel\u00e9fono: 2284 429093.<\/p>\n\n\n\n<p><\/p>\n\n\n\n<p><strong>Talleres de Seguridad Vial<\/strong><\/p>\n\n\n\n<p>En el marco de la exposici\u00f3n \u201cPon\u00e9le Primera a la Seguridad Vial\u201d, <strong>se realizar\u00e1n talleres interactivos orientados a distintos p\u00fablicos con el fin de promover h\u00e1bitos de circulaci\u00f3n responsables, <\/strong>solidarios y seguros.<\/p>\n\n\n\n<p><\/p>\n\n\n\n<p>Dichos encuentros proponen conocer y reflexionar sobre las normas de tr\u00e1nsito, identificar se\u00f1ales viales y su significado, promover el uso correcto de casco, cintur\u00f3n y elementos de seguridad, actividades l\u00fadicas para ni\u00f1os y ni\u00f1as y espacios de di\u00e1logo para j\u00f3venes y adultos.<\/p>\n\n\n\n<p><\/p>\n","protected":false},"excerpt":{"rendered":"<p>La muestra estar\u00e1 disponible hasta el mes de octubre debido a que se detect\u00f3 la necesidad de reforzar el conocimiento<\/p>\n","protected":false},"author":6,"featured_media":181231,"comment_status":"closed","ping_status":"closed","sticky":false,"template":"","format":"standard","meta":{"_jetpack_memberships_contains_paid_content":false,"footnotes":""},"categories":[9,1],"tags":[],"class_list":["post-181228","post","type-post","status-publish","format-standard","has-post-thumbnail","hentry","category-cultura","category-portada"],"jetpack_featured_media_url":"https:\/\/i0.wp.com\/cdnoticias.com\/wp-content\/uploads\/2025\/09\/seguridad-vial-muestra.png?fit=900%2C566&ssl=1","jetpack_sharing_enabled":true,"_links":{"self":[{"href":"https:\/\/cdnoticias.com\/index.php\/wp-json\/wp\/v2\/posts\/181228","targetHints":{"allow":["GET"]}}],"collection":[{"href":"https:\/\/cdnoticias.com\/index.php\/wp-json\/wp\/v2\/posts"}],"about":[{"href":"https:\/\/cdnoticias.com\/index.php\/wp-json\/wp\/v2\/types\/post"}],"author":[{"embeddable":true,"href":"https:\/\/cdnoticias.com\/index.php\/wp-json\/wp\/v2\/users\/6"}],"replies":[{"embeddable":true,"href":"https:\/\/cdnoticias.com\/index.php\/wp-json\/wp\/v2\/comments?post=181228"}],"version-history":[{"count":0,"href":"https:\/\/cdnoticias.com\/index.php\/wp-json\/wp\/v2\/posts\/181228\/revisions"}],"wp:featuredmedia":[{"embeddable":true,"href":"https:\/\/cdnoticias.com\/index.php\/wp-json\/wp\/v2\/media\/181231"}],"wp:attachment":[{"href":"https:\/\/cdnoticias.com\/index.php\/wp-json\/wp\/v2\/media?parent=181228"}],"wp:term":[{"taxonomy":"category","embeddable":true,"href":"https:\/\/cdnoticias.com\/index.php\/wp-json\/wp\/v2\/categories?post=181228"},{"taxonomy":"post_tag","embeddable":true,"href":"https:\/\/cdnoticias.com\/index.php\/wp-json\/wp\/v2\/tags?post=181228"}],"curies":[{"name":"wp","href":"https:\/\/api.w.org\/{rel}","templated":true}]}}