{"id":181220,"date":"2025-09-02T18:31:51","date_gmt":"2025-09-02T21:31:51","guid":{"rendered":"https:\/\/cdnoticias.com\/?p=181220"},"modified":"2025-09-02T20:17:47","modified_gmt":"2025-09-02T23:17:47","slug":"informe-de-agosto-bomberos-tuvo-mas-de-110-intervenciones-en-olavarria","status":"publish","type":"post","link":"https:\/\/cdnoticias.com\/index.php\/2025\/09\/02\/informe-de-agosto-bomberos-tuvo-mas-de-110-intervenciones-en-olavarria\/","title":{"rendered":"Informe de Agosto: Bomberos tuvo m\u00e1s de 110 intervenciones en Olavarr\u00eda"},"content":{"rendered":"\n<p>Las acciones incluyeron incendios, rescates, capacitaciones, guardias y presencia institucional.<\/p>\n\n\n\n<hr class=\"wp-block-separator aligncenter has-alpha-channel-opacity\"\/>\n\n\n\n<p>Durante el<strong> mes de agosto Bomberos Voluntarios de Olavarr\u00eda llevaron adelante 110 servicios operativos en distintos puntos de la ciudad y las localidades <\/strong>de la jurisdicci\u00f3n, bajo la coordinaci\u00f3n de oficiales y suboficiales del Cuartel Central y los destacamentos.<\/p>\n\n\n\n<p><\/p>\n\n\n\n<blockquote class=\"wp-block-quote is-layout-flow wp-block-quote-is-layout-flow\">\n<p>En el detalle de las intervenciones se nombraron 20 incendios en viviendas, autom\u00f3viles, pastizales y comercios, 4 rescates de personas brindando asistencia en situaciones de riesgo, 2 rescates de animales garantizando seguridad en domicilios y espacios p\u00fablicos y 3 instancias de capacitaci\u00f3n, tanto en el cuartel como en encuentros regionales.<\/p>\n<\/blockquote>\n\n\n\n<p><\/p>\n\n\n\n<p>Asimismo, se destacaron <strong>40 guardias operativas cubiertas en el Cuartel Central y destacamentos, 15 participaciones en eventos y actividades comunitarias<\/strong>, entre ellas actos patrios, delegaciones y festejos locales y<strong> tareas varias de asistencia, prevenci\u00f3n y mantenimiento del cuartel.\u00a0<\/strong><\/p>\n\n\n\n<p><\/p>\n\n\n\n<p><em>&#8220;Con estas intervenciones, el Cuerpo Activo de Bomberos Voluntarios de Olavarr\u00eda reafirma su vocaci\u00f3n de servicio y compromiso con la comunidad, consolidando su presencia en la prevenci\u00f3n, asistencia y formaci\u00f3n permanente&#8221;<\/em> expresaron desde Bomberos Voluntarios. <\/p>\n\n\n\n<p><\/p>\n","protected":false},"excerpt":{"rendered":"<p>Las acciones incluyeron incendios, rescates, capacitaciones, guardias y presencia institucional. Durante el mes de agosto Bomberos Voluntarios de Olavarr\u00eda llevaron<\/p>\n","protected":false},"author":6,"featured_media":175722,"comment_status":"closed","ping_status":"closed","sticky":false,"template":"","format":"standard","meta":{"_jetpack_memberships_contains_paid_content":false,"footnotes":""},"categories":[5,1],"tags":[],"class_list":["post-181220","post","type-post","status-publish","format-standard","has-post-thumbnail","hentry","category-informacion-general","category-portada"],"jetpack_featured_media_url":"https:\/\/i0.wp.com\/cdnoticias.com\/wp-content\/uploads\/2025\/07\/bomberos-incendio.png?fit=800%2C445&ssl=1","jetpack_sharing_enabled":true,"_links":{"self":[{"href":"https:\/\/cdnoticias.com\/index.php\/wp-json\/wp\/v2\/posts\/181220","targetHints":{"allow":["GET"]}}],"collection":[{"href":"https:\/\/cdnoticias.com\/index.php\/wp-json\/wp\/v2\/posts"}],"about":[{"href":"https:\/\/cdnoticias.com\/index.php\/wp-json\/wp\/v2\/types\/post"}],"author":[{"embeddable":true,"href":"https:\/\/cdnoticias.com\/index.php\/wp-json\/wp\/v2\/users\/6"}],"replies":[{"embeddable":true,"href":"https:\/\/cdnoticias.com\/index.php\/wp-json\/wp\/v2\/comments?post=181220"}],"version-history":[{"count":0,"href":"https:\/\/cdnoticias.com\/index.php\/wp-json\/wp\/v2\/posts\/181220\/revisions"}],"wp:featuredmedia":[{"embeddable":true,"href":"https:\/\/cdnoticias.com\/index.php\/wp-json\/wp\/v2\/media\/175722"}],"wp:attachment":[{"href":"https:\/\/cdnoticias.com\/index.php\/wp-json\/wp\/v2\/media?parent=181220"}],"wp:term":[{"taxonomy":"category","embeddable":true,"href":"https:\/\/cdnoticias.com\/index.php\/wp-json\/wp\/v2\/categories?post=181220"},{"taxonomy":"post_tag","embeddable":true,"href":"https:\/\/cdnoticias.com\/index.php\/wp-json\/wp\/v2\/tags?post=181220"}],"curies":[{"name":"wp","href":"https:\/\/api.w.org\/{rel}","templated":true}]}}