{"id":181208,"date":"2025-09-02T18:01:38","date_gmt":"2025-09-02T21:01:38","guid":{"rendered":"https:\/\/cdnoticias.com\/?p=181208"},"modified":"2025-09-02T18:01:39","modified_gmt":"2025-09-02T21:01:39","slug":"la-participacion-estudiantil-como-eje-de-debate-y-dialogo","status":"publish","type":"post","link":"https:\/\/cdnoticias.com\/index.php\/2025\/09\/02\/la-participacion-estudiantil-como-eje-de-debate-y-dialogo\/","title":{"rendered":"La participaci\u00f3n estudiantil como eje de debate y di\u00e1logo"},"content":{"rendered":"\n<p>El pasado jueves se llev\u00f3 adelante el segundo encuentro del Ciclo \u201cEscuela y J\u00f3venes en debate\u201d donde se analiz\u00f3 el rol de la escuela secundaria en relaci\u00f3n a la participaci\u00f3n pol\u00edtica juvenil.&nbsp;<\/p>\n\n\n\n<hr class=\"wp-block-separator aligncenter has-alpha-channel-opacity\"\/>\n\n\n\n<p>El <strong>Centro Cultural Universitario Olavarr\u00eda<\/strong> fue sede del conversatorio<strong> \u201cJ\u00f3venes, Escuela Secundaria y Participaci\u00f3n\u201d,<\/strong> en el marco del Ciclo \u201cEscuela y J\u00f3venes en debate\u201d que desarrolla el Departamento de Educaci\u00f3n de la Facultad de Ciencias Sociales (UNICEN).<\/p>\n\n\n\n<p><\/p>\n\n\n\n<p>En este segundo encuentro<strong> se analiz\u00f3 el rol de la escuela secundaria en relaci\u00f3n a la participaci\u00f3n pol\u00edtica juvenil,<\/strong> para lo que se abordaron las normativas que promueven la participaci\u00f3n estudiantil y las pr\u00e1cticas que ocurren de forma cotidiana en las escuelas.<\/p>\n\n\n\n<p><\/p>\n\n\n\n<blockquote class=\"wp-block-quote is-layout-flow wp-block-quote-is-layout-flow\">\n<p>La coordinaci\u00f3n estuvo a cargo de la Dra. Stella Pasquariello y de la Esp. Florencia Torregiani, con la participaci\u00f3n de estudiantes de nivel terciario y secundario, miembros de centros de estudiantes de nivel secundario, referentes del HCD estudiantil, docentes en formaci\u00f3n y en ejercicio de nuestra ciudad.<\/p>\n<\/blockquote>\n\n\n\n<p><\/p>\n\n\n\n<figure class=\"wp-block-image aligncenter size-full\"><img data-recalc-dims=\"1\" loading=\"lazy\" decoding=\"async\" width=\"800\" height=\"512\" src=\"https:\/\/i0.wp.com\/cdnoticias.com\/wp-content\/uploads\/2025\/09\/jovenes-conversatorio-ccy.png?resize=800%2C512&#038;ssl=1\" alt=\"\" class=\"wp-image-181211\" srcset=\"https:\/\/i0.wp.com\/cdnoticias.com\/wp-content\/uploads\/2025\/09\/jovenes-conversatorio-ccy.png?w=900&amp;ssl=1 900w, https:\/\/i0.wp.com\/cdnoticias.com\/wp-content\/uploads\/2025\/09\/jovenes-conversatorio-ccy.png?resize=300%2C192&amp;ssl=1 300w, https:\/\/i0.wp.com\/cdnoticias.com\/wp-content\/uploads\/2025\/09\/jovenes-conversatorio-ccy.png?resize=768%2C492&amp;ssl=1 768w\" sizes=\"auto, (max-width: 800px) 100vw, 800px\" \/><\/figure>\n\n\n\n<p><\/p>\n\n\n\n<p>El conversatorio promovi\u00f3<strong> debatir y compartir experiencias y sensaciones acerca de la complejidad de la participaci\u00f3n estudiantil, <\/strong>la importancia de esta pr\u00e1ctica y conocer<strong> cu\u00e1les son los espacios que propician la pr\u00e1ctica pol\u00edtica<\/strong> en las escuelas secundarias de Olavarr\u00eda.<\/p>\n\n\n\n<p><\/p>\n\n\n\n<p>El objetivo del ciclo de conversatorios del Departamento de Educaci\u00f3n, cuya primera charla se llev\u00f3 adelante en junio pasado, es poner en di\u00e1logo t\u00f3picos, preguntas y <strong>discusiones actuales que conectan a la escuela secundaria con quienes la viven d\u00eda a d\u00eda, <\/strong>para lo que se promueve la <strong>construcci\u00f3n colectiva <\/strong>de conocimientos que retroalimenten las propuestas de formaci\u00f3n docente.<\/p>\n\n\n\n<p><\/p>\n","protected":false},"excerpt":{"rendered":"<p>El pasado jueves se llev\u00f3 adelante el segundo encuentro del Ciclo \u201cEscuela y J\u00f3venes en debate\u201d donde se analiz\u00f3 el<\/p>\n","protected":false},"author":6,"featured_media":181210,"comment_status":"closed","ping_status":"closed","sticky":false,"template":"","format":"standard","meta":{"_jetpack_memberships_contains_paid_content":false,"footnotes":""},"categories":[5,1],"tags":[],"class_list":["post-181208","post","type-post","status-publish","format-standard","has-post-thumbnail","hentry","category-informacion-general","category-portada"],"jetpack_featured_media_url":"https:\/\/i0.wp.com\/cdnoticias.com\/wp-content\/uploads\/2025\/09\/jovenes-conversatorio-ccu1.png?fit=900%2C594&ssl=1","jetpack_sharing_enabled":true,"_links":{"self":[{"href":"https:\/\/cdnoticias.com\/index.php\/wp-json\/wp\/v2\/posts\/181208","targetHints":{"allow":["GET"]}}],"collection":[{"href":"https:\/\/cdnoticias.com\/index.php\/wp-json\/wp\/v2\/posts"}],"about":[{"href":"https:\/\/cdnoticias.com\/index.php\/wp-json\/wp\/v2\/types\/post"}],"author":[{"embeddable":true,"href":"https:\/\/cdnoticias.com\/index.php\/wp-json\/wp\/v2\/users\/6"}],"replies":[{"embeddable":true,"href":"https:\/\/cdnoticias.com\/index.php\/wp-json\/wp\/v2\/comments?post=181208"}],"version-history":[{"count":0,"href":"https:\/\/cdnoticias.com\/index.php\/wp-json\/wp\/v2\/posts\/181208\/revisions"}],"wp:featuredmedia":[{"embeddable":true,"href":"https:\/\/cdnoticias.com\/index.php\/wp-json\/wp\/v2\/media\/181210"}],"wp:attachment":[{"href":"https:\/\/cdnoticias.com\/index.php\/wp-json\/wp\/v2\/media?parent=181208"}],"wp:term":[{"taxonomy":"category","embeddable":true,"href":"https:\/\/cdnoticias.com\/index.php\/wp-json\/wp\/v2\/categories?post=181208"},{"taxonomy":"post_tag","embeddable":true,"href":"https:\/\/cdnoticias.com\/index.php\/wp-json\/wp\/v2\/tags?post=181208"}],"curies":[{"name":"wp","href":"https:\/\/api.w.org\/{rel}","templated":true}]}}