{"id":181183,"date":"2025-09-02T15:51:47","date_gmt":"2025-09-02T18:51:47","guid":{"rendered":"https:\/\/cdnoticias.com\/?p=181183"},"modified":"2025-09-02T18:40:14","modified_gmt":"2025-09-02T21:40:14","slug":"dia-de-la-industria-en-un-escenario-de-inestabilidad-e-incertidumbre","status":"publish","type":"post","link":"https:\/\/cdnoticias.com\/index.php\/2025\/09\/02\/dia-de-la-industria-en-un-escenario-de-inestabilidad-e-incertidumbre\/","title":{"rendered":"D\u00eda de la Industria en un \u201cescenario de inestabilidad e incertidumbre\u201d"},"content":{"rendered":"<p>As\u00ed lo defini\u00f3 el Municipio que, en la conmemoraci\u00f3n de la fecha, apunt\u00f3 a &#8220;las medidas tomadas por el Ejecutivo Nacional&#8221;. Se resalt\u00f3 que \u201ces necesario destacar a quienes pese a todo siguen invirtiendo, confiando, insistiendo\u201d.<!--more--><\/p>\n<hr \/>\n<p>El <strong>Municipio de Olavarr\u00eda<\/strong> record\u00f3 que este martes, como sucede <strong>cada 2 de septiembre<\/strong>, se conmemora en nuestro pa\u00eds el <strong>D\u00eda de la Industria<\/strong>. Es la fecha en la que se registr\u00f3 la<strong> primera exportaci\u00f3n desde el territorio argentino<\/strong> que sucedi\u00f3 en el a\u00f1o 1587 con destino al pa\u00eds vecino de Brasil. La celebraci\u00f3n se incorpor\u00f3 al calendario nacional en el a\u00f1o 1941.<\/p>\n<h4>El mensaje del Municipio:<\/h4>\n<p><em>Para un distrito como el nuestro no es un d\u00eda m\u00e1s, es <strong>una jornada marcada de manera indeleble<\/strong>. Olavarr\u00eda, como coraz\u00f3n productivo de la provincia de Buenos Aires, ha estado siempre vinculada con el crecimiento del pa\u00eds, acompa\u00f1ando la capacidad y, m\u00e1s a\u00fan, el <strong>potencial de la industria argentina<\/strong>.<\/em><\/p>\n<p><em>Hoy, lamentablemente, la realidad nos muestra un panorama totalmente distinto al que supo y puede ser. <strong>La industria olavarriense, uno de los motores de la econom\u00eda local<\/strong>, se encuentra totalmente afectado por las decisiones macroecon\u00f3micas. Un entramado productivo constituido por grandes, medianas y peque\u00f1as empresas, que en su conjunto aportan al desarrollo tecnol\u00f3gico, dan valor agregado, crean empleos, pero sin embargo <strong>atraviesan un escenario de inestabilidad e incertidumbre debido a las medidas tomadas por el Ejecutivo Nacional.<\/strong><\/em><\/p>\n<p><img data-recalc-dims=\"1\" loading=\"lazy\" decoding=\"async\" class=\"alignnone size-full wp-image-181186 aligncenter\" src=\"https:\/\/i0.wp.com\/cdnoticias.com\/wp-content\/uploads\/2025\/09\/dia-de-la-industria-01.jpg?resize=800%2C445&#038;ssl=1\" alt=\"\" width=\"800\" height=\"445\" srcset=\"https:\/\/i0.wp.com\/cdnoticias.com\/wp-content\/uploads\/2025\/09\/dia-de-la-industria-01.jpg?w=1000&amp;ssl=1 1000w, https:\/\/i0.wp.com\/cdnoticias.com\/wp-content\/uploads\/2025\/09\/dia-de-la-industria-01.jpg?resize=300%2C167&amp;ssl=1 300w, https:\/\/i0.wp.com\/cdnoticias.com\/wp-content\/uploads\/2025\/09\/dia-de-la-industria-01.jpg?resize=768%2C427&amp;ssl=1 768w, https:\/\/i0.wp.com\/cdnoticias.com\/wp-content\/uploads\/2025\/09\/dia-de-la-industria-01.jpg?resize=800%2C445&amp;ssl=1 800w\" sizes=\"auto, (max-width: 800px) 100vw, 800px\" \/><\/p>\n<p><em>En este d\u00eda, y ante la compleja situaci\u00f3n local, es necesario <strong>destacar a quienes pese a todo siguen invirtiendo, confiando, insistiendo<\/strong>. Por su resiliencia, sus ganas de seguir haciendo y creciendo.<\/em><\/p>\n<p><em>Desde el Municipio destacamos esa <strong>impronta distintiva del empresario<\/strong>, que generan inversiones, que apuestan, que generan trabajo y empleo, acciones que derraman econ\u00f3micamente en la ciudad.<\/em><\/p>\n<p><em><strong>Ante este dif\u00edcil panorama econ\u00f3mico nacional, la peor parte se la llevan los vecinos y vecinas<\/strong>, quienes pierden sus fuentes de trabajo ante la retracci\u00f3n econ\u00f3mica que hoy estamos transitando. Entendiendo que detr\u00e1s de cada empresa, grande o chica, hay familias, vecinos y vecinas que tienen proyecciones y piensan en futuro.<\/em><\/p>\n<p><img data-recalc-dims=\"1\" loading=\"lazy\" decoding=\"async\" class=\"alignnone size-full wp-image-181184 aligncenter\" src=\"https:\/\/i0.wp.com\/cdnoticias.com\/wp-content\/uploads\/2025\/09\/dia-de-la-industria-02.jpg?resize=800%2C445&#038;ssl=1\" alt=\"\" width=\"800\" height=\"445\" srcset=\"https:\/\/i0.wp.com\/cdnoticias.com\/wp-content\/uploads\/2025\/09\/dia-de-la-industria-02.jpg?w=1000&amp;ssl=1 1000w, https:\/\/i0.wp.com\/cdnoticias.com\/wp-content\/uploads\/2025\/09\/dia-de-la-industria-02.jpg?resize=300%2C167&amp;ssl=1 300w, https:\/\/i0.wp.com\/cdnoticias.com\/wp-content\/uploads\/2025\/09\/dia-de-la-industria-02.jpg?resize=768%2C427&amp;ssl=1 768w, https:\/\/i0.wp.com\/cdnoticias.com\/wp-content\/uploads\/2025\/09\/dia-de-la-industria-02.jpg?resize=800%2C445&amp;ssl=1 800w\" sizes=\"auto, (max-width: 800px) 100vw, 800px\" \/><\/p>\n<p><em>Este 2 de septiembre debemos <strong>unir y levantar las voces, para llamar a la reflexi\u00f3n al gobierno nacional,<\/strong> haci\u00e9ndoles ver y entender que la obra p\u00fablica es generadora de trabajo y movimiento econ\u00f3mico. Que la <strong>apertura de las importaciones<\/strong> de manera indiscriminada ocasiona una competencia desigual, que <strong>desprotege a la industria nacional.<\/strong><\/em><\/p>\n<p><em>Entendiendo estas dos grandes cuestiones y tomando las medidas necesarias, <strong>Olavarr\u00eda podr\u00e1 volver a ser nuevamente el Coraz\u00f3n Productivo de la Provincia de Buenos Aires y del trabajo<\/strong>.<\/em><\/p>\n<p><em>Las fuerzas y las ganas est\u00e1n, sigamos generando todas las acciones posibles para <strong>recuperar el camino y seguir mejorando la ciudad<\/strong>, con di\u00e1logo y consenso con la matriz productiva de la ciudad, con una gesti\u00f3n municipal dispuesta al trabajo conjunto.<\/em><\/p>\n<blockquote class=\"wp-embedded-content\" data-secret=\"otCFKA05uX\"><p><a href=\"https:\/\/cdnoticias.com\/index.php\/2025\/09\/02\/dia-de-la-industria-si-hay-algo-que-destacar-en-olavarria-es-el-pensamiento-del-empresario\/\">D\u00eda de la Industria: \u201cSi hay algo que destacar en Olavarr\u00eda es el pensamiento del empresario\u201d<\/a><\/p><\/blockquote>\n<p><iframe loading=\"lazy\" class=\"wp-embedded-content\" sandbox=\"allow-scripts\" security=\"restricted\" style=\"position: absolute; visibility: hidden;\" title=\"&#8220;D\u00eda de la Industria: \u201cSi hay algo que destacar en Olavarr\u00eda es el pensamiento del empresario\u201d&#8221; &#8212; Central de Noticias | Olavarr\u00eda\" src=\"https:\/\/cdnoticias.com\/index.php\/2025\/09\/02\/dia-de-la-industria-si-hay-algo-que-destacar-en-olavarria-es-el-pensamiento-del-empresario\/embed\/#?secret=4P9KkrpuGj#?secret=otCFKA05uX\" data-secret=\"otCFKA05uX\" width=\"600\" height=\"338\" frameborder=\"0\" marginwidth=\"0\" marginheight=\"0\" scrolling=\"no\"><\/iframe><\/p>\n","protected":false},"excerpt":{"rendered":"<p>As\u00ed lo defini\u00f3 el Municipio que, en la conmemoraci\u00f3n de la fecha, apunt\u00f3 a &#8220;las medidas tomadas por el Ejecutivo<\/p>\n","protected":false},"author":4,"featured_media":181185,"comment_status":"closed","ping_status":"closed","sticky":false,"template":"","format":"standard","meta":{"_jetpack_memberships_contains_paid_content":false,"footnotes":""},"categories":[65,5,1],"tags":[],"class_list":["post-181183","post","type-post","status-publish","format-standard","has-post-thumbnail","hentry","category-dia-de-la-industria","category-informacion-general","category-portada"],"jetpack_featured_media_url":"https:\/\/i0.wp.com\/cdnoticias.com\/wp-content\/uploads\/2025\/09\/dia-de-la-industria-00.jpg?fit=1000%2C556&ssl=1","jetpack_sharing_enabled":true,"_links":{"self":[{"href":"https:\/\/cdnoticias.com\/index.php\/wp-json\/wp\/v2\/posts\/181183","targetHints":{"allow":["GET"]}}],"collection":[{"href":"https:\/\/cdnoticias.com\/index.php\/wp-json\/wp\/v2\/posts"}],"about":[{"href":"https:\/\/cdnoticias.com\/index.php\/wp-json\/wp\/v2\/types\/post"}],"author":[{"embeddable":true,"href":"https:\/\/cdnoticias.com\/index.php\/wp-json\/wp\/v2\/users\/4"}],"replies":[{"embeddable":true,"href":"https:\/\/cdnoticias.com\/index.php\/wp-json\/wp\/v2\/comments?post=181183"}],"version-history":[{"count":0,"href":"https:\/\/cdnoticias.com\/index.php\/wp-json\/wp\/v2\/posts\/181183\/revisions"}],"wp:featuredmedia":[{"embeddable":true,"href":"https:\/\/cdnoticias.com\/index.php\/wp-json\/wp\/v2\/media\/181185"}],"wp:attachment":[{"href":"https:\/\/cdnoticias.com\/index.php\/wp-json\/wp\/v2\/media?parent=181183"}],"wp:term":[{"taxonomy":"category","embeddable":true,"href":"https:\/\/cdnoticias.com\/index.php\/wp-json\/wp\/v2\/categories?post=181183"},{"taxonomy":"post_tag","embeddable":true,"href":"https:\/\/cdnoticias.com\/index.php\/wp-json\/wp\/v2\/tags?post=181183"}],"curies":[{"name":"wp","href":"https:\/\/api.w.org\/{rel}","templated":true}]}}