{"id":181105,"date":"2025-09-02T08:35:44","date_gmt":"2025-09-02T11:35:44","guid":{"rendered":"https:\/\/cdnoticias.com\/?p=181105"},"modified":"2025-09-02T13:57:35","modified_gmt":"2025-09-02T16:57:35","slug":"dia-de-la-industria-si-hay-algo-que-destacar-en-olavarria-es-el-pensamiento-del-empresario","status":"publish","type":"post","link":"https:\/\/cdnoticias.com\/index.php\/2025\/09\/02\/dia-de-la-industria-si-hay-algo-que-destacar-en-olavarria-es-el-pensamiento-del-empresario\/","title":{"rendered":"D\u00eda de la Industria: \u201cSi hay algo que destacar en Olavarr\u00eda es el pensamiento del empresario\u201d"},"content":{"rendered":"\n<p>Lo defini\u00f3 el secretario de Desarrollo Econ\u00f3mico, Pablo Di Uono. El contexto negativo para el sector que afecta a toda la econom\u00eda del distrito: &#8220;est\u00e1 cerrada directamente la obra p\u00fablica nacional y hay una apertura indiscriminada de las importaciones&#8221;. La b\u00fasqueda de nuevas cadenas de valor.<\/p>\n\n\n\n<!--more-->\n\n\n\n<hr class=\"wp-block-separator has-alpha-channel-opacity\"\/>\n\n\n\n<p>El <strong>secretario de Desarrollo Econ\u00f3mico y Productivo municipal, Pablo Di Uono<\/strong>, habl\u00f3 con <strong>Central de Noticias<\/strong> en el marco del <strong>D\u00eda de la Industria<\/strong> que se conmemora este martes. Resalt\u00f3 la labor de <strong>desarrollo de <a href=\"https:\/\/www.olavarria.gov.ar\/wp-content\/uploads\/2025\/08\/Informe-Actividad-Economica-Junio-2025.pdf\" target=\"_blank\" rel=\"noopener\">indicadores econ\u00f3micos<\/a><\/strong> que elabora el \u00e1rea que encabeza, que actualmente dan cuenta de una <strong>ca\u00edda de la producci\u00f3n industrial del orden del 25%<\/strong>.<\/p>\n\n\n\n<figure class=\"wp-block-image aligncenter size-full\"><a href=\"https:\/\/cdnoticias.com\/mobile\/index.html\" target=\"_blank\" rel=\" noreferrer noopener\"><img data-recalc-dims=\"1\" loading=\"lazy\" decoding=\"async\" width=\"800\" height=\"100\" src=\"https:\/\/i0.wp.com\/cdnoticias.com\/wp-content\/uploads\/2025\/09\/btn-dia-industria-2025.jpg?resize=800%2C100&#038;ssl=1\" alt=\"\" class=\"wp-image-181189\" srcset=\"https:\/\/i0.wp.com\/cdnoticias.com\/wp-content\/uploads\/2025\/09\/btn-dia-industria-2025.jpg?w=800&amp;ssl=1 800w, https:\/\/i0.wp.com\/cdnoticias.com\/wp-content\/uploads\/2025\/09\/btn-dia-industria-2025.jpg?resize=300%2C38&amp;ssl=1 300w, https:\/\/i0.wp.com\/cdnoticias.com\/wp-content\/uploads\/2025\/09\/btn-dia-industria-2025.jpg?resize=768%2C96&amp;ssl=1 768w\" sizes=\"auto, (max-width: 800px) 100vw, 800px\" \/><\/a><\/figure>\n\n\n\n<p>&nbsp;<\/p>\n\n\n\n<blockquote class=\"wp-block-quote is-layout-flow wp-block-quote-is-layout-flow\">\n<p>En ese contexto, valor\u00f3 \u201csi hay algo que hay que destacar en Olavarr\u00eda es el pensamiento de los empresarios\u201d. Indic\u00f3 que buscan \u201cdiversificar su matriz\u201d y abrirse \u201ca otras cadenas de valor\u201d, algo en lo que busca colaborar el Municipio de diversas maneras.<\/p>\n<\/blockquote>\n\n\n\n<p>\u201cVenimos haciendo un <strong>relevamiento<\/strong> de varias cuestiones, de varios puntos dentro del trabajo productivo y dentro de la econom\u00eda de tendiendo a exponer lo que se refiere la matriz productiva, poder ir sacando <strong>informaci\u00f3n fehaciente y lo m\u00e1s certera posible\u201d<\/strong> cont\u00f3 sobre los indicadores que registran desde la Secretar\u00eda municipal. <strong>\u201cPermite tomar decisiones pol\u00edticas. Lo que nos solicit\u00f3 Maxi (Wesner) es tener un observatorio econ\u00f3mico Olavarr\u00eda\u201d<\/strong> ampli\u00f3.<\/p>\n\n\n\n<p>En el<a href=\"https:\/\/cdnoticias.com\/index.php\/2025\/08\/27\/indicadores-economicos-vemos-una-caida-de-todos-los-sectores\/\" target=\"_blank\" rel=\"noopener\"> \u00faltimo informe, presentado a empresarios locales<\/a> \u2013 \u201cfrente a la institucionalidad de la matriz productiva de la ciudad\u201d dijo- se registr\u00f3 <strong>25% de retracci\u00f3n econ\u00f3mica en el primer semestre.<\/strong><\/p>\n\n\n\n<figure class=\"wp-block-image aligncenter\"><img data-recalc-dims=\"1\" loading=\"lazy\" decoding=\"async\" width=\"692\" height=\"420\" src=\"https:\/\/i0.wp.com\/cdnoticias.com\/wp-content\/uploads\/2025\/08\/actividad-economica-olavarria.jpg?resize=692%2C420&#038;ssl=1\" alt=\"\" class=\"wp-image-180556\" srcset=\"https:\/\/i0.wp.com\/cdnoticias.com\/wp-content\/uploads\/2025\/08\/actividad-economica-olavarria.jpg?w=692&amp;ssl=1 692w, https:\/\/i0.wp.com\/cdnoticias.com\/wp-content\/uploads\/2025\/08\/actividad-economica-olavarria.jpg?resize=300%2C182&amp;ssl=1 300w\" sizes=\"auto, (max-width: 692px) 100vw, 692px\" \/><\/figure>\n\n\n\n<p><\/p>\n\n\n\n<p>Las novedades en cuanto a estos relevamientos fueron dos:<strong> el sector comercial y la medici\u00f3n de precios de la canasta b\u00e1sica<\/strong>. \u201cSe empez\u00f3 a hacer un relevamiento <strong>comercial en el macrocentro<\/strong>. Creemos que hoy engloba la mayor cantidad de comercios. Se relevaron m\u00e1s de<strong> 140 comercios, la mayor\u00eda est\u00e1 hablando de una baja en ventas<\/strong> que est\u00e1 alcanzando, seg\u00fan el rubro, entre <strong>40 y 50%<\/strong>. En <strong>indumentaria est\u00e1 cerca del 60% a la baja\u201d<\/strong> cont\u00f3 Pablo Di Uono.<\/p>\n\n\n\n<p>En cuanto al \u00edndice de precios se realiza un relevamiento quincenal de <strong>costo de productos de la Canasta B\u00e1sica en locales mayoristas<\/strong>, de barrio, supermercados. <strong>\u201c<a href=\"https:\/\/cdnoticias.com\/index.php\/2025\/08\/27\/monitoreo-local-de-precios-de-alimentos-el-aumento-nunca-ha-dejado-de-existir\/\" target=\"_blank\" rel=\"noopener\">La inflaci\u00f3n sigue subiendo todos los meses<\/a>. Hay valores que van coincidiendo, pero siempre nos da un poquito por encima de lo que da el Indec<\/strong>, pero con cuestiones desestacionadas\u201d detall\u00f3. A modo de ejemplo, se\u00f1al\u00f3 que \u201cla harina y la manteca est\u00e1n entre 5 y 7% de aumento. Por eso los costos de pan se elevaron. Hoy los comerciantes est\u00e1n complicados porque<strong> los costos operativos se fueron mucho: luz, gas, alquileres\u201d<\/strong> agreg\u00f3.<\/p>\n\n\n\n<blockquote class=\"wp-block-quote is-layout-flow wp-block-quote-is-layout-flow\">\n<p>Esa situaci\u00f3n se da combinada con la baja el consumo en el comercio en general. \u201cLa industria con retracci\u00f3n econ\u00f3mica a nivel global de la ciudad, hace que todo eso no tenga el derrame econ\u00f3mico que te genera la industria. El motor econ\u00f3mico hoy est\u00e1 afectado directamente por las pol\u00edticas macroecon\u00f3micas: est\u00e1 cerrada directamente la obra p\u00fablica nacional y hay una apertura indiscriminada de las importaciones. Hoy a la matriz productiva y a la esencia del producto le pega de lleno\u201d.<\/p>\n<\/blockquote>\n\n\n\n<p><em>\u00bfHay margen de acci\u00f3n del Municipio o la Provincia para reducir el impacto negativo?<\/em> \u201cNo. Hoy como Municipio y hasta como Povincia <strong>no ten\u00e9s capacidad para generar el movimiento econ\u00f3mico que se necesita<\/strong> o el que plantea el empresario. Hoy eso lo puede generar<strong> solamente la obra p\u00fablica nacional<\/strong> en virtud a la magnitud del movimiento econ\u00f3mico\u201d respondi\u00f3 el secretario.<\/p>\n\n\n\n<figure class=\"wp-block-image aligncenter\"><img data-recalc-dims=\"1\" loading=\"lazy\" decoding=\"async\" width=\"800\" height=\"445\" src=\"https:\/\/i0.wp.com\/cdnoticias.com\/wp-content\/uploads\/2025\/07\/economia-wesner-reunion-empresarios-00.jpg?resize=800%2C445&#038;ssl=1\" alt=\"\" class=\"wp-image-175970\" srcset=\"https:\/\/i0.wp.com\/cdnoticias.com\/wp-content\/uploads\/2025\/07\/economia-wesner-reunion-empresarios-00.jpg?w=1000&amp;ssl=1 1000w, https:\/\/i0.wp.com\/cdnoticias.com\/wp-content\/uploads\/2025\/07\/economia-wesner-reunion-empresarios-00.jpg?resize=300%2C167&amp;ssl=1 300w, https:\/\/i0.wp.com\/cdnoticias.com\/wp-content\/uploads\/2025\/07\/economia-wesner-reunion-empresarios-00.jpg?resize=768%2C427&amp;ssl=1 768w, https:\/\/i0.wp.com\/cdnoticias.com\/wp-content\/uploads\/2025\/07\/economia-wesner-reunion-empresarios-00.jpg?resize=800%2C445&amp;ssl=1 800w\" sizes=\"auto, (max-width: 800px) 100vw, 800px\" \/><\/figure>\n\n\n\n<p><\/p>\n\n\n\n<p>Igualmente hay un lugar de impulso desde la gesti\u00f3n local para \u201cgenerar el di\u00e1logo, el consenso para <strong>mejorar las cuestiones que hoy necesita el empresariado\u201d<\/strong>.<\/p>\n\n\n\n<blockquote class=\"wp-block-quote is-layout-flow wp-block-quote-is-layout-flow\">\n<p>\u201cSi hoy no hay un cambio de pol\u00edtica macroecon\u00f3mica es imposible que se que cambie la situaci\u00f3n. La obra p\u00fablica mueve la miner\u00eda, la industria, el comercio. Si no ten\u00e9s todo el derrame de las grandes empresas, que no est\u00e1 despachando cemento, no ten\u00e9s construcci\u00f3n. Es una gran ca\u00edda de construcci\u00f3n tanto p\u00fablica como privada, no ten\u00e9s movimiento econ\u00f3mico\u201d expres\u00f3.<\/p>\n<\/blockquote>\n\n\n\n<p>A\u00fan en este contexto, hace pocas semanas <a href=\"https:\/\/cdnoticias.com\/index.php\/2025\/08\/08\/diesel-lange-inauguro-su-sucursal-en-olavarria-apostar-por-un-futuro-mas-grande\/\" target=\"_blank\" rel=\"noopener\">se inaugur\u00f3 la sucursal Olavarr\u00eda de una empresa<\/a> -all\u00ed estuvo el funcionario- cuyo objetivo es el <strong>sector de construcci\u00f3n y movimiento de suelos<\/strong>. El secretario enumer\u00f3 las <strong>\u201cventajas significativas\u201d de Olavarr\u00eda<\/strong> para la instalaci\u00f3n de empresas de ese tipo.<\/p>\n\n\n\n<figure class=\"wp-block-image aligncenter\"><img data-recalc-dims=\"1\" loading=\"lazy\" decoding=\"async\" width=\"800\" height=\"445\" src=\"https:\/\/i0.wp.com\/cdnoticias.com\/wp-content\/uploads\/2025\/07\/economia-wesner-reunion-empresarios-01.jpg?resize=800%2C445&#038;ssl=1\" alt=\"\" class=\"wp-image-175971\" srcset=\"https:\/\/i0.wp.com\/cdnoticias.com\/wp-content\/uploads\/2025\/07\/economia-wesner-reunion-empresarios-01.jpg?w=1000&amp;ssl=1 1000w, https:\/\/i0.wp.com\/cdnoticias.com\/wp-content\/uploads\/2025\/07\/economia-wesner-reunion-empresarios-01.jpg?resize=300%2C167&amp;ssl=1 300w, https:\/\/i0.wp.com\/cdnoticias.com\/wp-content\/uploads\/2025\/07\/economia-wesner-reunion-empresarios-01.jpg?resize=768%2C427&amp;ssl=1 768w, https:\/\/i0.wp.com\/cdnoticias.com\/wp-content\/uploads\/2025\/07\/economia-wesner-reunion-empresarios-01.jpg?resize=800%2C445&amp;ssl=1 800w\" sizes=\"auto, (max-width: 800px) 100vw, 800px\" \/><\/figure>\n\n\n\n<p><\/p>\n\n\n\n<blockquote class=\"wp-block-quote is-layout-flow wp-block-quote-is-layout-flow\">\n<p>En ese marco, se refiri\u00f3 a que \u201cel empresariado siempre va a estar pensando hacia futuro. Si hay algo que destacar en Olavarr\u00eda es el pensamiento del empresario. Le mete ganas, le mete garra, piensa que puede llegar a haber alg\u00fan cambio. M\u00e1s all\u00e1 de que hoy no est\u00e1 esa luz de esperanza, no la est\u00e1 viendo. Lo que est\u00e1 haciendo hoy el empresariado es tratar de diversificar su matriz lo m\u00e1s que puedan; o sea ir a buscar cadenas de valor en otro lado\u201d.<\/p>\n<\/blockquote>\n\n\n\n<p>Di Uono abord\u00f3 otro problema derivado del freno a la base de la matriz productiva: \u201clo que m\u00e1s te duele de toda esta crisis es que<strong> somos una de las ciudades con mayor cantidad de despidos. Arriba de los 1.500<\/strong>. O sea hoy Olavarr\u00eda est\u00e1 afectada directamente en su l\u00ednea de flotaci\u00f3n con las decisiones macroecon\u00f3micas del pa\u00eds\u201d.<\/p>\n\n\n\n<p>Por \u00faltimo, el funcionario local volvi\u00f3 sobre el <strong>rol del Municipio en apoyo a la industria<\/strong> de Olavarr\u00eda: \u201cuna cuesti\u00f3n que nos pide y solicita el Intendente es poder <strong>tener el di\u00e1logo lo m\u00e1s aceitado posible con la institucionalidad, en este caso el Parque Industrial pero con los empresarios tambi\u00e9n<\/strong>. Vamos a poder escucharlos, <strong>se mejor\u00f3 la iluminaci\u00f3n de PIO y ZALO, se limpian canales, es dialogar con ellos, saber qu\u00e9 es lo que est\u00e1n necesitando<\/strong> por lo menos para poder ir teni\u00e9ndose <strong>esa cercan\u00eda que hoy nos est\u00e1 pidiendo el intendente\u201d<\/strong>.<\/p>\n","protected":false},"excerpt":{"rendered":"<p>Lo defini\u00f3 el secretario de Desarrollo Econ\u00f3mico, Pablo Di Uono. El contexto negativo para el sector que afecta a toda<\/p>\n","protected":false},"author":4,"featured_media":175977,"comment_status":"closed","ping_status":"closed","sticky":false,"template":"","format":"standard","meta":{"_jetpack_memberships_contains_paid_content":false,"footnotes":""},"categories":[65,5],"tags":[],"class_list":["post-181105","post","type-post","status-publish","format-standard","has-post-thumbnail","hentry","category-dia-de-la-industria","category-informacion-general"],"jetpack_featured_media_url":"https:\/\/i0.wp.com\/cdnoticias.com\/wp-content\/uploads\/2025\/07\/economia-wesner-reunion-empresarios-06-pablo-di-uono.jpg?fit=800%2C445&ssl=1","jetpack_sharing_enabled":true,"_links":{"self":[{"href":"https:\/\/cdnoticias.com\/index.php\/wp-json\/wp\/v2\/posts\/181105","targetHints":{"allow":["GET"]}}],"collection":[{"href":"https:\/\/cdnoticias.com\/index.php\/wp-json\/wp\/v2\/posts"}],"about":[{"href":"https:\/\/cdnoticias.com\/index.php\/wp-json\/wp\/v2\/types\/post"}],"author":[{"embeddable":true,"href":"https:\/\/cdnoticias.com\/index.php\/wp-json\/wp\/v2\/users\/4"}],"replies":[{"embeddable":true,"href":"https:\/\/cdnoticias.com\/index.php\/wp-json\/wp\/v2\/comments?post=181105"}],"version-history":[{"count":0,"href":"https:\/\/cdnoticias.com\/index.php\/wp-json\/wp\/v2\/posts\/181105\/revisions"}],"wp:featuredmedia":[{"embeddable":true,"href":"https:\/\/cdnoticias.com\/index.php\/wp-json\/wp\/v2\/media\/175977"}],"wp:attachment":[{"href":"https:\/\/cdnoticias.com\/index.php\/wp-json\/wp\/v2\/media?parent=181105"}],"wp:term":[{"taxonomy":"category","embeddable":true,"href":"https:\/\/cdnoticias.com\/index.php\/wp-json\/wp\/v2\/categories?post=181105"},{"taxonomy":"post_tag","embeddable":true,"href":"https:\/\/cdnoticias.com\/index.php\/wp-json\/wp\/v2\/tags?post=181105"}],"curies":[{"name":"wp","href":"https:\/\/api.w.org\/{rel}","templated":true}]}}