{"id":181084,"date":"2025-09-02T18:30:47","date_gmt":"2025-09-02T21:30:47","guid":{"rendered":"https:\/\/cdnoticias.com\/?p=181084"},"modified":"2025-09-02T18:40:01","modified_gmt":"2025-09-02T21:40:01","slug":"suplemento-digital-por-el-dia-de-la-industria-las-empresas-que-marcan-el-desarrollo-de-olavarria","status":"publish","type":"post","link":"https:\/\/cdnoticias.com\/index.php\/2025\/09\/02\/suplemento-digital-por-el-dia-de-la-industria-las-empresas-que-marcan-el-desarrollo-de-olavarria\/","title":{"rendered":"Suplemento digital por el D\u00eda de la Industria: las empresas que marcan el desarrollo de Olavarr\u00eda"},"content":{"rendered":"\n<p>Central presenta una revista digital que muestra el enorme esfuerzo de empresas locales para apostar al desarrollo y la producci\u00f3n en un distrito pujante. Todo, en una fecha muy especial.<\/p>\n\n\n\n<hr class=\"wp-block-separator aligncenter has-alpha-channel-opacity\"\/>\n\n\n\n<p>Hay tantas historias como empresas por contar. <strong>Olavarr\u00eda es un distrito industrial por excelencia y en tiempos complejos, su esfuerzo cobra otro sentido, otra importancia<\/strong>. Y Central logr\u00f3 recopilar estas historias, las trayectorias, en una propuesta especial.<\/p>\n\n\n\n<figure class=\"wp-block-image size-full\"><img data-recalc-dims=\"1\" loading=\"lazy\" decoding=\"async\" width=\"800\" height=\"444\" src=\"https:\/\/i0.wp.com\/cdnoticias.com\/wp-content\/uploads\/2025\/09\/industria.jpeg?resize=800%2C444&#038;ssl=1\" alt=\"\" class=\"wp-image-181088\" srcset=\"https:\/\/i0.wp.com\/cdnoticias.com\/wp-content\/uploads\/2025\/09\/industria.jpeg?w=828&amp;ssl=1 828w, https:\/\/i0.wp.com\/cdnoticias.com\/wp-content\/uploads\/2025\/09\/industria.jpeg?resize=300%2C167&amp;ssl=1 300w, https:\/\/i0.wp.com\/cdnoticias.com\/wp-content\/uploads\/2025\/09\/industria.jpeg?resize=768%2C427&amp;ssl=1 768w, https:\/\/i0.wp.com\/cdnoticias.com\/wp-content\/uploads\/2025\/09\/industria.jpeg?resize=800%2C445&amp;ssl=1 800w\" sizes=\"auto, (max-width: 800px) 100vw, 800px\" \/><\/figure>\n\n\n\n<blockquote class=\"wp-block-quote is-layout-flow wp-block-quote-is-layout-flow\">\n<p>Se trata de la revista digital del D\u00eda de la Industria, que tiene el acompa\u00f1amiento de una decena de empresas que cuentan su historia, muestran sus servicios y exponen el gran valor que tiene Olavarr\u00eda como ciudad industrial.<\/p>\n<\/blockquote>\n\n\n\n<figure class=\"wp-block-image aligncenter size-full\"><a href=\"https:\/\/cdnoticias.com\/mobile\/index.html\" target=\"_blank\" rel=\" noreferrer noopener\"><img data-recalc-dims=\"1\" loading=\"lazy\" decoding=\"async\" width=\"800\" height=\"100\" src=\"https:\/\/i0.wp.com\/cdnoticias.com\/wp-content\/uploads\/2025\/09\/btn-dia-industria-2025.jpg?resize=800%2C100&#038;ssl=1\" alt=\"\" class=\"wp-image-181189\" srcset=\"https:\/\/i0.wp.com\/cdnoticias.com\/wp-content\/uploads\/2025\/09\/btn-dia-industria-2025.jpg?w=800&amp;ssl=1 800w, https:\/\/i0.wp.com\/cdnoticias.com\/wp-content\/uploads\/2025\/09\/btn-dia-industria-2025.jpg?resize=300%2C38&amp;ssl=1 300w, https:\/\/i0.wp.com\/cdnoticias.com\/wp-content\/uploads\/2025\/09\/btn-dia-industria-2025.jpg?resize=768%2C96&amp;ssl=1 768w\" sizes=\"auto, (max-width: 800px) 100vw, 800px\" \/><\/a><\/figure>\n\n\n\n<p>Brindan trabajo, renuevan propuestas, apuestan por la innovaci\u00f3n. <strong>Sanitarios 9 de Julio, Metal\u00fargica Avenida, Cuni Gonz\u00e1lez \u2013 Bosque y jard\u00edn, Impermeabilizaciones Federico, Navarro Marmoler\u00eda, Mat\u00edas N\u00fa\u00f1ez \u2013 Colocaci\u00f3n de aberturas de aluminio y PVC, Refrigeraci\u00f3n Olavarr\u00eda, Rent-All y Solumet <\/strong>son las que eligieron presentar sus lugares, sus servicios y exponer la premisa con la que se form\u00f3 este suplemento en este d\u00eda tan especial: <strong>Olavarr\u00eda tiene mucho por contar, por mostrar, y que es orgullo de sus vecinos.<\/strong><\/p>\n\n\n\n<figure class=\"wp-block-image size-large\"><img data-recalc-dims=\"1\" loading=\"lazy\" decoding=\"async\" width=\"800\" height=\"451\" src=\"https:\/\/i0.wp.com\/cdnoticias.com\/wp-content\/uploads\/2025\/09\/industria3.jpeg?resize=800%2C451&#038;ssl=1\" alt=\"\" class=\"wp-image-181090\" srcset=\"https:\/\/i0.wp.com\/cdnoticias.com\/wp-content\/uploads\/2025\/09\/industria3.jpeg?resize=1024%2C577&amp;ssl=1 1024w, https:\/\/i0.wp.com\/cdnoticias.com\/wp-content\/uploads\/2025\/09\/industria3.jpeg?resize=300%2C169&amp;ssl=1 300w, https:\/\/i0.wp.com\/cdnoticias.com\/wp-content\/uploads\/2025\/09\/industria3.jpeg?resize=768%2C432&amp;ssl=1 768w, https:\/\/i0.wp.com\/cdnoticias.com\/wp-content\/uploads\/2025\/09\/industria3.jpeg?resize=1536%2C865&amp;ssl=1 1536w, https:\/\/i0.wp.com\/cdnoticias.com\/wp-content\/uploads\/2025\/09\/industria3.jpeg?w=1600&amp;ssl=1 1600w\" sizes=\"auto, (max-width: 800px) 100vw, 800px\" \/><\/figure>\n\n\n\n<p><strong>Queremos agradecer especialmente a todas las empresas que se sumaron a nuestra propuesta por el D\u00eda de la Industria.<\/strong> Su compromiso y esfuerzo cotidiano son el motor del desarrollo local, y para nosotros es un orgullo poder acompa\u00f1arlos desde nuestro trabajo period\u00edstico, generando espacios de comunicaci\u00f3n que ponen en valor su historia, sus logros y sus proyectos. <\/p>\n\n\n\n<figure class=\"wp-block-image size-large\"><img data-recalc-dims=\"1\" loading=\"lazy\" decoding=\"async\" width=\"800\" height=\"438\" src=\"https:\/\/i0.wp.com\/cdnoticias.com\/wp-content\/uploads\/2025\/09\/industria1.jpg?resize=800%2C438&#038;ssl=1\" alt=\"\" class=\"wp-image-181089\" srcset=\"https:\/\/i0.wp.com\/cdnoticias.com\/wp-content\/uploads\/2025\/09\/industria1.jpg?resize=1024%2C560&amp;ssl=1 1024w, https:\/\/i0.wp.com\/cdnoticias.com\/wp-content\/uploads\/2025\/09\/industria1.jpg?resize=300%2C164&amp;ssl=1 300w, https:\/\/i0.wp.com\/cdnoticias.com\/wp-content\/uploads\/2025\/09\/industria1.jpg?resize=768%2C420&amp;ssl=1 768w, https:\/\/i0.wp.com\/cdnoticias.com\/wp-content\/uploads\/2025\/09\/industria1.jpg?resize=1536%2C840&amp;ssl=1 1536w, https:\/\/i0.wp.com\/cdnoticias.com\/wp-content\/uploads\/2025\/09\/industria1.jpg?w=1600&amp;ssl=1 1600w\" sizes=\"auto, (max-width: 800px) 100vw, 800px\" \/><\/figure>\n\n\n\n<p><strong>Revalorizamos este camino compartido: ustedes, impulsando la producci\u00f3n y el crecimiento; nosotros, comunicando y visibilizando ese esfuerzo para toda la comunidad.<\/strong><\/p>\n","protected":false},"excerpt":{"rendered":"<p>Central presenta una revista digital que muestra el enorme esfuerzo de empresas locales para apostar al desarrollo y la producci\u00f3n<\/p>\n","protected":false},"author":2,"featured_media":181087,"comment_status":"closed","ping_status":"closed","sticky":false,"template":"","format":"standard","meta":{"_jetpack_memberships_contains_paid_content":false,"footnotes":""},"categories":[65,5,1],"tags":[],"class_list":["post-181084","post","type-post","status-publish","format-standard","has-post-thumbnail","hentry","category-dia-de-la-industria","category-informacion-general","category-portada"],"jetpack_featured_media_url":"https:\/\/i0.wp.com\/cdnoticias.com\/wp-content\/uploads\/2025\/09\/industria2.jpg?fit=1280%2C730&ssl=1","jetpack_sharing_enabled":true,"_links":{"self":[{"href":"https:\/\/cdnoticias.com\/index.php\/wp-json\/wp\/v2\/posts\/181084","targetHints":{"allow":["GET"]}}],"collection":[{"href":"https:\/\/cdnoticias.com\/index.php\/wp-json\/wp\/v2\/posts"}],"about":[{"href":"https:\/\/cdnoticias.com\/index.php\/wp-json\/wp\/v2\/types\/post"}],"author":[{"embeddable":true,"href":"https:\/\/cdnoticias.com\/index.php\/wp-json\/wp\/v2\/users\/2"}],"replies":[{"embeddable":true,"href":"https:\/\/cdnoticias.com\/index.php\/wp-json\/wp\/v2\/comments?post=181084"}],"version-history":[{"count":0,"href":"https:\/\/cdnoticias.com\/index.php\/wp-json\/wp\/v2\/posts\/181084\/revisions"}],"wp:featuredmedia":[{"embeddable":true,"href":"https:\/\/cdnoticias.com\/index.php\/wp-json\/wp\/v2\/media\/181087"}],"wp:attachment":[{"href":"https:\/\/cdnoticias.com\/index.php\/wp-json\/wp\/v2\/media?parent=181084"}],"wp:term":[{"taxonomy":"category","embeddable":true,"href":"https:\/\/cdnoticias.com\/index.php\/wp-json\/wp\/v2\/categories?post=181084"},{"taxonomy":"post_tag","embeddable":true,"href":"https:\/\/cdnoticias.com\/index.php\/wp-json\/wp\/v2\/tags?post=181084"}],"curies":[{"name":"wp","href":"https:\/\/api.w.org\/{rel}","templated":true}]}}