{"id":181066,"date":"2025-09-02T08:21:28","date_gmt":"2025-09-02T11:21:28","guid":{"rendered":"https:\/\/cdnoticias.com\/?p=181066"},"modified":"2025-09-02T08:21:29","modified_gmt":"2025-09-02T11:21:29","slug":"jornada-ludica-y-recreativa-para-personas-mayores-en-el-salon-rivadavia","status":"publish","type":"post","link":"https:\/\/cdnoticias.com\/index.php\/2025\/09\/02\/jornada-ludica-y-recreativa-para-personas-mayores-en-el-salon-rivadavia\/","title":{"rendered":"Jornada l\u00fadica y recreativa para personas mayores en el Sal\u00f3n Rivadavia"},"content":{"rendered":"\n<p>Ser\u00e1 el jueves 4 de septiembre. Este tipo de propuestas est\u00e1n pensadas no s\u00f3lo a nivel educativo sino m\u00e1s bien como espacios de socializaci\u00f3n, recreaci\u00f3n y amistad.<\/p>\n\n\n\n<hr class=\"wp-block-separator aligncenter has-alpha-channel-opacity\"\/>\n\n\n\n<p>El <strong>Sal\u00f3n Rivadavia <\/strong>ser\u00e1 sede de una <strong>jornada recreativa destinada a integrantes de Centros de Jubilados y socios, Escuelas Primarias de Adultos (EPA), Centros Recreativos Municipales y personas mayores de la comunidad.<\/strong><\/p>\n\n\n\n<p><\/p>\n\n\n\n<blockquote class=\"wp-block-quote is-layout-flow wp-block-quote-is-layout-flow\">\n<p>La jornada se realizar\u00e1 el pr\u00f3ximo 4 de septiembre de 10:30 a 12:00 horas. Habr\u00e1 actividades recreativas, l\u00fadicas y din\u00e1micas de grupo, tal como sucedi\u00f3 en el pasado encuentro del 26 de junio.<\/p>\n<\/blockquote>\n\n\n\n<p><\/p>\n\n\n\n<p>Este tipo de propuestas est\u00e1n pensadas no s\u00f3lo a nivel educativo sino m\u00e1s bien como espacios de socializaci\u00f3n, recreaci\u00f3n y amistad.\u00a0Se pretende, a trav\u00e9s del juego y la recreaci\u00f3n, <strong>visibilizar estereotipos y prejuicios, que se encuentran muchas veces naturalizados en nuestras pr\u00e1cticas cotidianas<\/strong>. Poder compartir esta nueva forma de ver las vejeces dentro del paradigma del curso de la vida.<\/p>\n\n\n\n<p><\/p>\n\n\n\n<p>La jornada est\u00e1 organizada por la Coordinaci\u00f3n de Personas Mayores de la Subsecretar\u00eda de Desarrollo Social.<\/p>\n\n\n\n<p><\/p>\n","protected":false},"excerpt":{"rendered":"<p>Ser\u00e1 el jueves 4 de septiembre. Este tipo de propuestas est\u00e1n pensadas no s\u00f3lo a nivel educativo sino m\u00e1s bien<\/p>\n","protected":false},"author":6,"featured_media":181068,"comment_status":"closed","ping_status":"closed","sticky":false,"template":"","format":"standard","meta":{"_jetpack_memberships_contains_paid_content":false,"footnotes":""},"categories":[5,1],"tags":[],"class_list":["post-181066","post","type-post","status-publish","format-standard","has-post-thumbnail","hentry","category-informacion-general","category-portada"],"jetpack_featured_media_url":"https:\/\/i0.wp.com\/cdnoticias.com\/wp-content\/uploads\/2025\/09\/personas-mayores-actividad1.png?fit=866%2C611&ssl=1","jetpack_sharing_enabled":true,"_links":{"self":[{"href":"https:\/\/cdnoticias.com\/index.php\/wp-json\/wp\/v2\/posts\/181066","targetHints":{"allow":["GET"]}}],"collection":[{"href":"https:\/\/cdnoticias.com\/index.php\/wp-json\/wp\/v2\/posts"}],"about":[{"href":"https:\/\/cdnoticias.com\/index.php\/wp-json\/wp\/v2\/types\/post"}],"author":[{"embeddable":true,"href":"https:\/\/cdnoticias.com\/index.php\/wp-json\/wp\/v2\/users\/6"}],"replies":[{"embeddable":true,"href":"https:\/\/cdnoticias.com\/index.php\/wp-json\/wp\/v2\/comments?post=181066"}],"version-history":[{"count":0,"href":"https:\/\/cdnoticias.com\/index.php\/wp-json\/wp\/v2\/posts\/181066\/revisions"}],"wp:featuredmedia":[{"embeddable":true,"href":"https:\/\/cdnoticias.com\/index.php\/wp-json\/wp\/v2\/media\/181068"}],"wp:attachment":[{"href":"https:\/\/cdnoticias.com\/index.php\/wp-json\/wp\/v2\/media?parent=181066"}],"wp:term":[{"taxonomy":"category","embeddable":true,"href":"https:\/\/cdnoticias.com\/index.php\/wp-json\/wp\/v2\/categories?post=181066"},{"taxonomy":"post_tag","embeddable":true,"href":"https:\/\/cdnoticias.com\/index.php\/wp-json\/wp\/v2\/tags?post=181066"}],"curies":[{"name":"wp","href":"https:\/\/api.w.org\/{rel}","templated":true}]}}