{"id":181024,"date":"2025-09-21T12:18:37","date_gmt":"2025-09-21T15:18:37","guid":{"rendered":"https:\/\/cdnoticias.com\/?p=181024"},"modified":"2025-09-21T12:28:02","modified_gmt":"2025-09-21T15:28:02","slug":"destacados-central-jorge-scotton-40-anos-apostando-al-periodismo","status":"publish","type":"post","link":"https:\/\/cdnoticias.com\/index.php\/2025\/09\/21\/destacados-central-jorge-scotton-40-anos-apostando-al-periodismo\/","title":{"rendered":"Destacados Central: Jorge Scotton, 40 a\u00f1os apostando al periodismo"},"content":{"rendered":"\n<p>Un emprendedor que cre\u00f3 su propio proyecto, con sus reglas y apostando a crecer. El periodismo como forma de vida. La defensa de la profesi\u00f3n en tiempos de desprestigio.<\/p>\n\n\n\n<hr class=\"wp-block-separator has-alpha-channel-opacity\"\/>\n\n\n\n<p>Jorge Scotton lleva adelante el <strong>proyecto period\u00edstico de En L\u00ednea Noticias<\/strong>, un medio digital que <strong>tuvo su origen como blog en 2009<\/strong> vinculado a un programa de radio de la primera ma\u00f1ana que se emit\u00eda primero en FM 90 y luego en la radio de Fomento Pueblo Nuevo.<\/p>\n\n\n\n<p><\/p>\n\n\n\n<p>Su recorrido continu\u00f3 en el portal digital Infoeme en 2010 y el blog pas\u00f3 a un segundo plano. \u201cCuando Infoeme se vende yo paso a trabajar con los nuevos due\u00f1os por casi dos a\u00f1os hasta que me despiden y yo hago de este proyecto que ya ten\u00eda en marcha un proyecto unipersonal period\u00edstico para poder desarrollar mi profesi\u00f3n\u201d, cont\u00f3 Scotton.<\/p>\n\n\n\n<p><\/p>\n\n\n\n<blockquote class=\"wp-block-quote is-layout-flow wp-block-quote-is-layout-flow\">\n<p>\u201cArranqu\u00e9 en 2016 con m\u00e1s fuerza y con dedicaci\u00f3n exclusiva a esto que era el \u00fanico espacio que yo ten\u00eda para poder desarrollar el laburo\u201d, agreg\u00f3.<\/p>\n<\/blockquote>\n\n\n\n<p><\/p>\n\n\n\n<p>En estos a\u00f1os de recorrido <strong>el proyecto sum\u00f3 desaf\u00edos y voces<\/strong> con el lanzamiento reciente de<strong> CoNverSo, el ciclo de entrevistas que produce En L\u00ednea Noticias y conduce Fabricio Lucio.<\/strong> Adem\u00e1s, es el fruto de una idea que sobrevolaba desde hace mucho tiempo pero que siempre encontraba su limitante en la cuesti\u00f3n t\u00e9cnica.<\/p>\n\n\n\n<p><\/p>\n\n\n\n<p>\u201c<strong>De a poquito fui invirtiendo <\/strong>en equipamiento, c\u00e1maras, micr\u00f3fonos, luces, apuntando a tener independencia t\u00e9cnica. Porque emprender sin<strong> independencia t\u00e9cnica <\/strong>un proyecto que no sab\u00e9s c\u00f3mo va a salir, significa que ten\u00e9s que juntar mucha guita para pagar ese servicio\u201d, resalt\u00f3.<\/p>\n\n\n\n<p><\/p>\n\n\n\n<blockquote class=\"wp-block-quote is-layout-flow wp-block-quote-is-layout-flow\">\n<p>\u201cTengo los equipos, hacemos todo nosotros, grabamos cuando queremos, lo hacemos como queremos. Eso para nosotros es muy importante porque el producto necesita tener el tiempo para instalarse, para crecer y despu\u00e9s para rendir sus frutos\u201d, complet\u00f3.<\/p>\n<\/blockquote>\n\n\n\n<p><\/p>\n\n\n\n<p><strong>40 a\u00f1os: cambios y experiencia<\/strong><\/p>\n\n\n\n<p><\/p>\n\n\n\n<p>Este a\u00f1o <strong>Jorge Scotton cumpli\u00f3 40 a\u00f1os de trabajo vinculado a la comunicaci\u00f3n period\u00edstica.<\/strong> \u201cEmpec\u00e9 a los 17 a\u00f1os a trabajar en Radio Olavarr\u00eda\u201d, indic\u00f3 y reconoci\u00f3 que \u201csi uno mira en retrospectiva tecnol\u00f3gica, de forma de trabajo, de fauna de medios de la ciudad y dem\u00e1s, lo que ha pasado en los \u00faltimos 40 a\u00f1os es incre\u00edble\u201d.<\/p>\n\n\n\n<p><\/p>\n\n\n\n<figure class=\"wp-block-image size-full\"><img data-recalc-dims=\"1\" loading=\"lazy\" decoding=\"async\" width=\"800\" height=\"445\" src=\"https:\/\/i0.wp.com\/cdnoticias.com\/wp-content\/uploads\/2025\/08\/jorge-scotton-03.png?resize=800%2C445&#038;ssl=1\" alt=\"\" class=\"wp-image-180226\" srcset=\"https:\/\/i0.wp.com\/cdnoticias.com\/wp-content\/uploads\/2025\/08\/jorge-scotton-03.png?w=800&amp;ssl=1 800w, https:\/\/i0.wp.com\/cdnoticias.com\/wp-content\/uploads\/2025\/08\/jorge-scotton-03.png?resize=300%2C167&amp;ssl=1 300w, https:\/\/i0.wp.com\/cdnoticias.com\/wp-content\/uploads\/2025\/08\/jorge-scotton-03.png?resize=768%2C427&amp;ssl=1 768w\" sizes=\"auto, (max-width: 800px) 100vw, 800px\" \/><\/figure>\n\n\n\n<p><\/p>\n\n\n\n<p>\u201c<strong>Y en estos \u00faltimos 15 a\u00f1os precisamente se transform\u00f3 todo de una forma alucinante.<\/strong> Que no s\u00e9 d\u00f3nde termina. Yo reci\u00e9n estoy tratando de entender la IA. Primero por una cuesti\u00f3n generacional hubo una especie de rechazo y ahora estoy mirando que algunas herramientas que estoy utilizando me facilitan el laburo\u201d.<\/p>\n\n\n\n<p><\/p>\n\n\n\n<p><strong>\u00bfAnte tantos cambios por qu\u00e9 sobrevive En L\u00ednea Noticias?<\/strong> \u201cPrimero y fundamental porque <strong>es mi sustento de vida,<\/strong> es mi laburo, de esto come mi familia, se desarrolla mi familia, no tengo otro trabajo que no sea esto. Somos un equipito chiquito que labura todo el d\u00eda, todos los d\u00edas\u201d, resalt\u00f3.<\/p>\n\n\n\n<p><\/p>\n\n\n\n<blockquote class=\"wp-block-quote is-layout-flow wp-block-quote-is-layout-flow\">\n<p>\u201cA m\u00ed me gusta ir sobre tierra firme, ir pisando sobre paso firme, no me gusta caerme\u201d, asegur\u00f3 Scotton y consider\u00f3 que \u201ctengo 57 a\u00f1os, no me quiero caer a los 57 a\u00f1os. Yo no tengo margen para hacer cagadas\u201d. <\/p>\n<\/blockquote>\n\n\n\n<p><\/p>\n\n\n\n<p><strong>Emprender en periodismo<\/strong><\/p>\n\n\n\n<p><\/p>\n\n\n\n<p>En tiempos complejos para desarrollar la profesi\u00f3n, tanto a nivel comunicacional como econ\u00f3mico, sostener un proyecto requiere de tiempo: <strong>\u201ctodos los proyectos necesitan m\u00ednimo dos a\u00f1os de laburo\u201d.<\/strong><\/p>\n\n\n\n<p><\/p>\n\n\n\n<p>\u201cEn el periodismo estamos pasando por un momento complicado, en un<strong> contexto de agresi\u00f3n permanente hacia los periodistas y de desprestigio de los medios. <\/strong>Con la intenci\u00f3n de tirar un manto de sospecha a todos los que laburan dignamente\u201d, sostuvo.<\/p>\n\n\n\n<p><\/p>\n\n\n\n<figure class=\"wp-block-image size-full\"><img data-recalc-dims=\"1\" loading=\"lazy\" decoding=\"async\" width=\"800\" height=\"445\" src=\"https:\/\/i0.wp.com\/cdnoticias.com\/wp-content\/uploads\/2025\/08\/jorge-scotton-02.png?resize=800%2C445&#038;ssl=1\" alt=\"\" class=\"wp-image-180227\" srcset=\"https:\/\/i0.wp.com\/cdnoticias.com\/wp-content\/uploads\/2025\/08\/jorge-scotton-02.png?w=800&amp;ssl=1 800w, https:\/\/i0.wp.com\/cdnoticias.com\/wp-content\/uploads\/2025\/08\/jorge-scotton-02.png?resize=300%2C167&amp;ssl=1 300w, https:\/\/i0.wp.com\/cdnoticias.com\/wp-content\/uploads\/2025\/08\/jorge-scotton-02.png?resize=768%2C427&amp;ssl=1 768w\" sizes=\"auto, (max-width: 800px) 100vw, 800px\" \/><\/figure>\n\n\n\n<p><\/p>\n\n\n\n<p>\u201cMe parece totalmente injusto que se se\u00f1ale a todos con el mismo dedo\u201d, concluy\u00f3 y confes\u00f3 que <strong>\u201ca veces me canso, me cansa mucho el boludeo, me agota. A veces me dan ganas de tirar todo\u201d.<\/strong><\/p>\n\n\n\n<p><\/p>\n\n\n\n<p>Sin embargo, al final del d\u00eda, el objetivo para el proyecto siempre es <strong>\u201csubsistir y seguir creciendo\u201d.<\/strong> Adem\u00e1s, valor\u00f3 la posibilidad de \u201ctrabajar para vos, tomar tus propias decisiones. Esta rebueno.<strong> Yo no s\u00e9 si hubiese subsistido a ser un empleado durante 40 a\u00f1os<\/strong>. Hoy no podr\u00eda volver a ser empleado en un medio de comunicaci\u00f3n\u201d.<\/p>\n","protected":false},"excerpt":{"rendered":"<p>Un emprendedor que cre\u00f3 su propio proyecto, con sus reglas y apostando a crecer. El periodismo como forma de vida.<\/p>\n","protected":false},"author":5,"featured_media":180228,"comment_status":"closed","ping_status":"closed","sticky":false,"template":"","format":"standard","meta":{"_jetpack_memberships_contains_paid_content":false,"footnotes":""},"categories":[20,1],"tags":[],"class_list":["post-181024","post","type-post","status-publish","format-standard","has-post-thumbnail","hentry","category-destacados","category-portada"],"jetpack_featured_media_url":"https:\/\/i0.wp.com\/cdnoticias.com\/wp-content\/uploads\/2025\/08\/jorge-scotton-01.png?fit=800%2C445&ssl=1","jetpack_sharing_enabled":true,"_links":{"self":[{"href":"https:\/\/cdnoticias.com\/index.php\/wp-json\/wp\/v2\/posts\/181024","targetHints":{"allow":["GET"]}}],"collection":[{"href":"https:\/\/cdnoticias.com\/index.php\/wp-json\/wp\/v2\/posts"}],"about":[{"href":"https:\/\/cdnoticias.com\/index.php\/wp-json\/wp\/v2\/types\/post"}],"author":[{"embeddable":true,"href":"https:\/\/cdnoticias.com\/index.php\/wp-json\/wp\/v2\/users\/5"}],"replies":[{"embeddable":true,"href":"https:\/\/cdnoticias.com\/index.php\/wp-json\/wp\/v2\/comments?post=181024"}],"version-history":[{"count":0,"href":"https:\/\/cdnoticias.com\/index.php\/wp-json\/wp\/v2\/posts\/181024\/revisions"}],"wp:featuredmedia":[{"embeddable":true,"href":"https:\/\/cdnoticias.com\/index.php\/wp-json\/wp\/v2\/media\/180228"}],"wp:attachment":[{"href":"https:\/\/cdnoticias.com\/index.php\/wp-json\/wp\/v2\/media?parent=181024"}],"wp:term":[{"taxonomy":"category","embeddable":true,"href":"https:\/\/cdnoticias.com\/index.php\/wp-json\/wp\/v2\/categories?post=181024"},{"taxonomy":"post_tag","embeddable":true,"href":"https:\/\/cdnoticias.com\/index.php\/wp-json\/wp\/v2\/tags?post=181024"}],"curies":[{"name":"wp","href":"https:\/\/api.w.org\/{rel}","templated":true}]}}