{"id":181003,"date":"2025-09-01T10:51:58","date_gmt":"2025-09-01T13:51:58","guid":{"rendered":"https:\/\/cdnoticias.com\/?p=181003"},"modified":"2025-09-01T11:34:47","modified_gmt":"2025-09-01T14:34:47","slug":"un-hombre-fue-aprehendido-tras-robar-en-una-vivienda","status":"publish","type":"post","link":"https:\/\/cdnoticias.com\/index.php\/2025\/09\/01\/un-hombre-fue-aprehendido-tras-robar-en-una-vivienda\/","title":{"rendered":"Un hombre fue aprehendido tras robar en una vivienda"},"content":{"rendered":"\n<p>Hab\u00eda logrado apoderarse de herramientas. Personal policial lo descubri\u00f3 cuando intentaba escapar por los techos de la propiedad.<\/p>\n\n\n\n<hr class=\"wp-block-separator has-alpha-channel-opacity\"\/>\n\n\n\n<p>Un hombre de 26 a\u00f1os fue aprehendido en<strong> Bol\u00edvar al 4300 luego de ser sorprendido en pleno robo.<\/strong><\/p>\n\n\n\n<p><\/p>\n\n\n\n<p>De acuerdo con lo informado, personal policial fue alertado sobre la presencia de un individuo que<strong> se encontraba arriba del techo de un garaje.<\/strong> Al llegar, los efectivos<strong> divisaron al hombre, quien ten\u00eda en su poder un bolso.<\/strong><\/p>\n\n\n\n<p><\/p>\n\n\n\n<blockquote class=\"wp-block-quote is-layout-flow wp-block-quote-is-layout-flow\">\n<p>Al ser interceptado, no pudo justificar su presencia en el lugar ni la propiedad de los elementos que llevaba consigo. En el bolso se hallaron un cargador de bater\u00eda marca \u201cEnerbox\u201d, un taladro percutor \u201cBosch\u201d, un punz\u00f3n, 18 mechas de hierro, 6 mechas de pared, dos adaptadores y objetos de uso personal.<\/p>\n<\/blockquote>\n\n\n\n<p><\/p>\n\n\n\n<figure class=\"wp-block-image size-full\"><img data-recalc-dims=\"1\" loading=\"lazy\" decoding=\"async\" width=\"800\" height=\"445\" src=\"https:\/\/i0.wp.com\/cdnoticias.com\/wp-content\/uploads\/2025\/09\/bolivar-4300-hurto-B.jpg?resize=800%2C445&#038;ssl=1\" alt=\"\" class=\"wp-image-181001\" srcset=\"https:\/\/i0.wp.com\/cdnoticias.com\/wp-content\/uploads\/2025\/09\/bolivar-4300-hurto-B.jpg?w=1000&amp;ssl=1 1000w, https:\/\/i0.wp.com\/cdnoticias.com\/wp-content\/uploads\/2025\/09\/bolivar-4300-hurto-B.jpg?resize=300%2C167&amp;ssl=1 300w, https:\/\/i0.wp.com\/cdnoticias.com\/wp-content\/uploads\/2025\/09\/bolivar-4300-hurto-B.jpg?resize=768%2C427&amp;ssl=1 768w, https:\/\/i0.wp.com\/cdnoticias.com\/wp-content\/uploads\/2025\/09\/bolivar-4300-hurto-B.jpg?resize=800%2C445&amp;ssl=1 800w\" sizes=\"auto, (max-width: 800px) 100vw, 800px\" \/><\/figure>\n\n\n\n<p><\/p>\n\n\n\n<p><strong>El propietario de la vivienda reconoci\u00f3 dichos elementos como de su pertenencia,<\/strong> indicando que se encontraban dentro del garaje al que el acusado habr\u00eda <strong>ingresado tras forzar una ventana.<\/strong><\/p>\n\n\n\n<p><\/p>\n\n\n\n<p>El hombre fue trasladado a la dependencia policial y qued\u00f3 a disposici\u00f3n de la fiscal\u00eda en el marco de la causa caratulada <strong>\u201cHurto agravado por escalamiento in fraganti delito\u201d<\/strong>, con intervenci\u00f3n de la UFI (Unidad Fiscal de Investigaci\u00f3n) N\u00ba 4 a cargo de la doctora Paula Serrano.<\/p>\n\n\n\n<p><\/p>\n","protected":false},"excerpt":{"rendered":"<p>Hab\u00eda logrado apoderarse de herramientas. Personal policial lo descubri\u00f3 cuando intentaba escapar por los techos de la propiedad. Un hombre<\/p>\n","protected":false},"author":5,"featured_media":181002,"comment_status":"closed","ping_status":"closed","sticky":false,"template":"","format":"standard","meta":{"_jetpack_memberships_contains_paid_content":false,"footnotes":""},"categories":[14,1],"tags":[],"class_list":["post-181003","post","type-post","status-publish","format-standard","has-post-thumbnail","hentry","category-policiales","category-portada"],"jetpack_featured_media_url":"https:\/\/i0.wp.com\/cdnoticias.com\/wp-content\/uploads\/2025\/09\/bolivar-4300-hurto-A.jpg?fit=800%2C269&ssl=1","jetpack_sharing_enabled":true,"_links":{"self":[{"href":"https:\/\/cdnoticias.com\/index.php\/wp-json\/wp\/v2\/posts\/181003","targetHints":{"allow":["GET"]}}],"collection":[{"href":"https:\/\/cdnoticias.com\/index.php\/wp-json\/wp\/v2\/posts"}],"about":[{"href":"https:\/\/cdnoticias.com\/index.php\/wp-json\/wp\/v2\/types\/post"}],"author":[{"embeddable":true,"href":"https:\/\/cdnoticias.com\/index.php\/wp-json\/wp\/v2\/users\/5"}],"replies":[{"embeddable":true,"href":"https:\/\/cdnoticias.com\/index.php\/wp-json\/wp\/v2\/comments?post=181003"}],"version-history":[{"count":0,"href":"https:\/\/cdnoticias.com\/index.php\/wp-json\/wp\/v2\/posts\/181003\/revisions"}],"wp:featuredmedia":[{"embeddable":true,"href":"https:\/\/cdnoticias.com\/index.php\/wp-json\/wp\/v2\/media\/181002"}],"wp:attachment":[{"href":"https:\/\/cdnoticias.com\/index.php\/wp-json\/wp\/v2\/media?parent=181003"}],"wp:term":[{"taxonomy":"category","embeddable":true,"href":"https:\/\/cdnoticias.com\/index.php\/wp-json\/wp\/v2\/categories?post=181003"},{"taxonomy":"post_tag","embeddable":true,"href":"https:\/\/cdnoticias.com\/index.php\/wp-json\/wp\/v2\/tags?post=181003"}],"curies":[{"name":"wp","href":"https:\/\/api.w.org\/{rel}","templated":true}]}}