{"id":18100,"date":"2021-04-07T09:38:23","date_gmt":"2021-04-07T12:38:23","guid":{"rendered":"http:\/\/www.centraldenoticias.com.ar\/?p=18100"},"modified":"2021-04-07T09:38:23","modified_gmt":"2021-04-07T12:38:23","slug":"el-domingo-se-presentara-el-libro-sobre-la-historia-de-colonia-nievas","status":"publish","type":"post","link":"https:\/\/cdnoticias.com\/index.php\/2021\/04\/07\/el-domingo-se-presentara-el-libro-sobre-la-historia-de-colonia-nievas\/","title":{"rendered":"El domingo se presentar\u00e1 el libro sobre la historia de Colonia Nievas"},"content":{"rendered":"<p>Ser\u00e1 en la localidad de Azul con entrada libre y gratuita. Tambi\u00e9n se transmitir\u00e1 en vivo por redes sociales.<!--more--><\/p>\n<hr \/>\n<p><strong>\u201cColonia Nievas. Alemanes del Volga. Relatos de su historia\u201d<\/strong> <strong>se presentar\u00e1 el domingo en la localidad de Azul.<\/strong><\/p>\n<p>&nbsp;<\/p>\n<p>Los autores, <a href=\"https:\/\/cdnoticias.com\/index.php\/2021\/03\/21\/un-libro-sobre-la-historia-de-colonia-nievas\/\" target=\"_blank\" rel=\"noopener\">Osvaldo Bugliese y Mingo Jacobo<\/a>, estar\u00e1n en la presentaci\u00f3n<strong> en la Escuela de Plater\u00eda<\/strong> de la vecina localidad, en la sede de la ex Estaci\u00f3n del Ferrocarril Roca <strong>desde las 18 con entrada gratuita<\/strong>.<\/p>\n<p>&nbsp;<\/p>\n<p>Se aclar\u00f3 que <strong>la capacidad del local es reducida<\/strong>, sujeta a los protocolos sanitarios, y que <strong>se transmitir\u00e1 en vivo por la cuenta de Instagram de @direcciondeculturaazul<\/strong>.<\/p>\n<p>&nbsp;<\/p>\n<p>En Olavarr\u00eda se suspendi\u00f3 la presentaci\u00f3n prevista debido a las restricciones dispuestas por el Covid.<\/p>\n","protected":false},"excerpt":{"rendered":"<p>Ser\u00e1 en la localidad de Azul con entrada libre y gratuita. Tambi\u00e9n se transmitir\u00e1 en vivo por redes sociales.<\/p>\n","protected":false},"author":2,"featured_media":18102,"comment_status":"closed","ping_status":"closed","sticky":false,"template":"","format":"standard","meta":{"_jetpack_memberships_contains_paid_content":false,"footnotes":""},"categories":[9,1],"tags":[],"class_list":["post-18100","post","type-post","status-publish","format-standard","has-post-thumbnail","hentry","category-cultura","category-portada"],"jetpack_featured_media_url":"https:\/\/i0.wp.com\/cdnoticias.com\/wp-content\/uploads\/2021\/04\/libro-colonia-nievas800x445.jpg?fit=800%2C444&ssl=1","jetpack_sharing_enabled":true,"_links":{"self":[{"href":"https:\/\/cdnoticias.com\/index.php\/wp-json\/wp\/v2\/posts\/18100","targetHints":{"allow":["GET"]}}],"collection":[{"href":"https:\/\/cdnoticias.com\/index.php\/wp-json\/wp\/v2\/posts"}],"about":[{"href":"https:\/\/cdnoticias.com\/index.php\/wp-json\/wp\/v2\/types\/post"}],"author":[{"embeddable":true,"href":"https:\/\/cdnoticias.com\/index.php\/wp-json\/wp\/v2\/users\/2"}],"replies":[{"embeddable":true,"href":"https:\/\/cdnoticias.com\/index.php\/wp-json\/wp\/v2\/comments?post=18100"}],"version-history":[{"count":0,"href":"https:\/\/cdnoticias.com\/index.php\/wp-json\/wp\/v2\/posts\/18100\/revisions"}],"wp:featuredmedia":[{"embeddable":true,"href":"https:\/\/cdnoticias.com\/index.php\/wp-json\/wp\/v2\/media\/18102"}],"wp:attachment":[{"href":"https:\/\/cdnoticias.com\/index.php\/wp-json\/wp\/v2\/media?parent=18100"}],"wp:term":[{"taxonomy":"category","embeddable":true,"href":"https:\/\/cdnoticias.com\/index.php\/wp-json\/wp\/v2\/categories?post=18100"},{"taxonomy":"post_tag","embeddable":true,"href":"https:\/\/cdnoticias.com\/index.php\/wp-json\/wp\/v2\/tags?post=18100"}],"curies":[{"name":"wp","href":"https:\/\/api.w.org\/{rel}","templated":true}]}}