{"id":18097,"date":"2021-04-06T12:47:01","date_gmt":"2021-04-06T15:47:01","guid":{"rendered":"http:\/\/www.centraldenoticias.com.ar\/?p=18097"},"modified":"2021-04-06T12:47:01","modified_gmt":"2021-04-06T15:47:01","slug":"allanamiento-en-barrio-alberdi-por-un-robo","status":"publish","type":"post","link":"https:\/\/cdnoticias.com\/index.php\/2021\/04\/06\/allanamiento-en-barrio-alberdi-por-un-robo\/","title":{"rendered":"Allanamiento en barrio Alberdi por un robo"},"content":{"rendered":"<p>Se concret\u00f3 este lunes con resultado positivo. Adem\u00e1s se secuestr\u00f3 droga y se inici\u00f3 una investigaci\u00f3n diferenciada.<!--more--><\/p>\n<hr \/>\n<p><strong>La Sub DDI Olavarr\u00eda encabez\u00f3 un allanamiento en el barrio Alberdi con resultado positivo en el marco de la investigaci\u00f3n de un robo<\/strong>.<\/p>\n<p>&nbsp;<\/p>\n<p>Se dej\u00f3 saber que<strong> las averiguaciones fueron iniciadas por personal de la DDI<\/strong> y se trabaj\u00f3 de manera conjunta con la UFI que encabeza la fiscal Paula Serrano quien solicit\u00f3 la orden de allanamiento que habilit\u00f3 el procedimiento del lunes por la tarde con el aval de la Justicia de Garant\u00edas.<\/p>\n<p>&nbsp;<\/p>\n<p>C\u00f3mo resultado<strong> se secuestraron elementos de inter\u00e9s que ser\u00edan parte de los sustra\u00eddos en el caso que se investiga<\/strong>.<\/p>\n<p>&nbsp;<\/p>\n<p>A su vez, se indic\u00f3 que <strong>se secuestraron estupefacientes por lo que personal de la SubDDI debi\u00f3 iniciar actuaciones por \u201ctenencia de estupefacientes\u201d<\/strong> con intervenci\u00f3n de la UFI N 19 especializada a cargo de Lucas Moyano.<\/p>\n<p>&nbsp;<\/p>\n<p>Finalmente, se inform\u00f3 que<strong> los propietarios del domicilio fueron notificados del inicio de la causa<\/strong>. Prest\u00f3 colaboraci\u00f3n personal de Polic\u00eda de Seguridad Departamental local y motopolic\u00edas de Polic\u00eda Local.<\/p>\n","protected":false},"excerpt":{"rendered":"<p>Se concret\u00f3 este lunes con resultado positivo. Adem\u00e1s se secuestr\u00f3 droga y se inici\u00f3 una investigaci\u00f3n diferenciada.<\/p>\n","protected":false},"author":2,"featured_media":18098,"comment_status":"closed","ping_status":"closed","sticky":false,"template":"","format":"standard","meta":{"_jetpack_memberships_contains_paid_content":false,"footnotes":""},"categories":[14,1],"tags":[],"class_list":["post-18097","post","type-post","status-publish","format-standard","has-post-thumbnail","hentry","category-policiales","category-portada"],"jetpack_featured_media_url":"https:\/\/i0.wp.com\/cdnoticias.com\/wp-content\/uploads\/2021\/04\/allanamiento-DDI.jpeg?fit=1280%2C958&ssl=1","jetpack_sharing_enabled":true,"_links":{"self":[{"href":"https:\/\/cdnoticias.com\/index.php\/wp-json\/wp\/v2\/posts\/18097","targetHints":{"allow":["GET"]}}],"collection":[{"href":"https:\/\/cdnoticias.com\/index.php\/wp-json\/wp\/v2\/posts"}],"about":[{"href":"https:\/\/cdnoticias.com\/index.php\/wp-json\/wp\/v2\/types\/post"}],"author":[{"embeddable":true,"href":"https:\/\/cdnoticias.com\/index.php\/wp-json\/wp\/v2\/users\/2"}],"replies":[{"embeddable":true,"href":"https:\/\/cdnoticias.com\/index.php\/wp-json\/wp\/v2\/comments?post=18097"}],"version-history":[{"count":0,"href":"https:\/\/cdnoticias.com\/index.php\/wp-json\/wp\/v2\/posts\/18097\/revisions"}],"wp:featuredmedia":[{"embeddable":true,"href":"https:\/\/cdnoticias.com\/index.php\/wp-json\/wp\/v2\/media\/18098"}],"wp:attachment":[{"href":"https:\/\/cdnoticias.com\/index.php\/wp-json\/wp\/v2\/media?parent=18097"}],"wp:term":[{"taxonomy":"category","embeddable":true,"href":"https:\/\/cdnoticias.com\/index.php\/wp-json\/wp\/v2\/categories?post=18097"},{"taxonomy":"post_tag","embeddable":true,"href":"https:\/\/cdnoticias.com\/index.php\/wp-json\/wp\/v2\/tags?post=18097"}],"curies":[{"name":"wp","href":"https:\/\/api.w.org\/{rel}","templated":true}]}}