{"id":180968,"date":"2025-08-31T20:30:04","date_gmt":"2025-08-31T23:30:04","guid":{"rendered":"https:\/\/cdnoticias.com\/?p=180968"},"modified":"2025-08-31T20:30:06","modified_gmt":"2025-08-31T23:30:06","slug":"ciclo-la-casa-invita-en-chamula-tierra-de-las-artes","status":"publish","type":"post","link":"https:\/\/cdnoticias.com\/index.php\/2025\/08\/31\/ciclo-la-casa-invita-en-chamula-tierra-de-las-artes\/","title":{"rendered":"Ciclo \u201cLa Casa Invita\u201d en Chamula Tierra de las Artes\u00a0"},"content":{"rendered":"\n<p>Comienza este viernes 5 de septiembre con la presentaci\u00f3n de un d\u00fao en formato ac\u00fastico. Entrada libre y gratuita.\u00a0<\/p>\n\n\n\n<hr class=\"wp-block-separator aligncenter has-alpha-channel-opacity\"\/>\n\n\n\n<p>El pr\u00f3ximo<strong> viernes 5 de septiembre a las 21 horas <\/strong>comienza un <strong>nuevo ciclo en Chamula Tierra de las Artes <\/strong>denominado \u201c<strong>La Casa Invita\u201d.\u00a0<\/strong><\/p>\n\n\n\n<p><\/p>\n\n\n\n<p>En esta ocasi\u00f3n se presentar\u00e1n<strong> Daiana y Erica Labelle,<\/strong> quienes conforman un <strong>d\u00fao de voz y guitarra en formato ac\u00fastico <\/strong>muy c\u00e1lido y con un sonido particular donde realizar\u00e1n versiones de covers en espa\u00f1ol y temas propios.\u00a0<\/p>\n\n\n\n<p><\/p>\n\n\n\n<p>Adem\u00e1s, har\u00e1n un <strong>recorrido por la m\u00fasica latinoamericana <\/strong>de solistas y agrupaciones no muy difundidas,<strong> <\/strong>lo cual hace que el espectador pueda disfrutar de bell\u00edsimas canciones abordadas de manera sutil y amable.\u00a0<\/p>\n\n\n\n<p><\/p>\n\n\n\n<p>Habr\u00e1 <strong>servicio de cantina<\/strong> durante todo el espect\u00e1culo. <strong>La entrada es libre y gratuita.\u00a0<\/strong><\/p>\n\n\n\n<p><\/p>\n","protected":false},"excerpt":{"rendered":"<p>Comienza este viernes 5 de septiembre con la presentaci\u00f3n de un d\u00fao en formato ac\u00fastico. Entrada libre y gratuita.\u00a0 El<\/p>\n","protected":false},"author":6,"featured_media":129614,"comment_status":"closed","ping_status":"closed","sticky":false,"template":"","format":"standard","meta":{"_jetpack_memberships_contains_paid_content":false,"footnotes":""},"categories":[9,1],"tags":[],"class_list":["post-180968","post","type-post","status-publish","format-standard","has-post-thumbnail","hentry","category-cultura","category-portada"],"jetpack_featured_media_url":"https:\/\/i0.wp.com\/cdnoticias.com\/wp-content\/uploads\/2024\/11\/chamula-espacio3.jpg?fit=900%2C476&ssl=1","jetpack_sharing_enabled":true,"_links":{"self":[{"href":"https:\/\/cdnoticias.com\/index.php\/wp-json\/wp\/v2\/posts\/180968","targetHints":{"allow":["GET"]}}],"collection":[{"href":"https:\/\/cdnoticias.com\/index.php\/wp-json\/wp\/v2\/posts"}],"about":[{"href":"https:\/\/cdnoticias.com\/index.php\/wp-json\/wp\/v2\/types\/post"}],"author":[{"embeddable":true,"href":"https:\/\/cdnoticias.com\/index.php\/wp-json\/wp\/v2\/users\/6"}],"replies":[{"embeddable":true,"href":"https:\/\/cdnoticias.com\/index.php\/wp-json\/wp\/v2\/comments?post=180968"}],"version-history":[{"count":0,"href":"https:\/\/cdnoticias.com\/index.php\/wp-json\/wp\/v2\/posts\/180968\/revisions"}],"wp:featuredmedia":[{"embeddable":true,"href":"https:\/\/cdnoticias.com\/index.php\/wp-json\/wp\/v2\/media\/129614"}],"wp:attachment":[{"href":"https:\/\/cdnoticias.com\/index.php\/wp-json\/wp\/v2\/media?parent=180968"}],"wp:term":[{"taxonomy":"category","embeddable":true,"href":"https:\/\/cdnoticias.com\/index.php\/wp-json\/wp\/v2\/categories?post=180968"},{"taxonomy":"post_tag","embeddable":true,"href":"https:\/\/cdnoticias.com\/index.php\/wp-json\/wp\/v2\/tags?post=180968"}],"curies":[{"name":"wp","href":"https:\/\/api.w.org\/{rel}","templated":true}]}}