{"id":180957,"date":"2025-08-31T12:16:51","date_gmt":"2025-08-31T15:16:51","guid":{"rendered":"https:\/\/cdnoticias.com\/?p=180957"},"modified":"2025-08-31T12:16:53","modified_gmt":"2025-08-31T15:16:53","slug":"el-futbol-local-quedo-suspendido-por-alerta-meteorologica","status":"publish","type":"post","link":"https:\/\/cdnoticias.com\/index.php\/2025\/08\/31\/el-futbol-local-quedo-suspendido-por-alerta-meteorologica\/","title":{"rendered":"El f\u00fatbol local qued\u00f3 suspendido por alerta meteorol\u00f3gica"},"content":{"rendered":"\n<p>Ser\u00e1 tanto para f\u00fatbol masculino como el femenino. Se prev\u00e9 recuperaci\u00f3n de partidos en la semana.<\/p>\n\n\n\n<hr class=\"wp-block-separator aligncenter has-alpha-channel-opacity\"\/>\n\n\n\n<p>La jornada de este domingo<strong> no tendr\u00e1 actividad en el f\u00fatbol de Olavarr\u00eda. Debido a la alerta amarilla que anticipa lluvias en la regi\u00f3n, se resolvi\u00f3 suspender la fecha prevista tanto en la rama masculina como en la femenina.<\/strong><\/p>\n\n\n\n<p>Las autoridades informaron que <strong>la reprogramaci\u00f3n de la fecha ser\u00e1 comunicada oportunamente.<\/strong><\/p>\n\n\n\n<p>Se estima, por los calendarios, que <strong>la fecha se ir\u00e1 recuperando en el transcurso de la semana, para no perder el tren de la organizaci\u00f3n de la Liga de F\u00fatbol de Olavarr\u00eda.<\/strong><\/p>\n","protected":false},"excerpt":{"rendered":"<p>Ser\u00e1 tanto para f\u00fatbol masculino como el femenino. Se prev\u00e9 recuperaci\u00f3n de partidos en la semana. La jornada de este<\/p>\n","protected":false},"author":2,"featured_media":180960,"comment_status":"closed","ping_status":"closed","sticky":false,"template":"","format":"standard","meta":{"_jetpack_memberships_contains_paid_content":false,"footnotes":""},"categories":[29,35,1],"tags":[],"class_list":["post-180957","post","type-post","status-publish","format-standard","has-post-thumbnail","hentry","category-deportes","category-futbol","category-portada"],"jetpack_featured_media_url":"https:\/\/i0.wp.com\/cdnoticias.com\/wp-content\/uploads\/2025\/08\/suspension-futbol-lluvia-olavarria.jpg?fit=1000%2C600&ssl=1","jetpack_sharing_enabled":true,"_links":{"self":[{"href":"https:\/\/cdnoticias.com\/index.php\/wp-json\/wp\/v2\/posts\/180957","targetHints":{"allow":["GET"]}}],"collection":[{"href":"https:\/\/cdnoticias.com\/index.php\/wp-json\/wp\/v2\/posts"}],"about":[{"href":"https:\/\/cdnoticias.com\/index.php\/wp-json\/wp\/v2\/types\/post"}],"author":[{"embeddable":true,"href":"https:\/\/cdnoticias.com\/index.php\/wp-json\/wp\/v2\/users\/2"}],"replies":[{"embeddable":true,"href":"https:\/\/cdnoticias.com\/index.php\/wp-json\/wp\/v2\/comments?post=180957"}],"version-history":[{"count":0,"href":"https:\/\/cdnoticias.com\/index.php\/wp-json\/wp\/v2\/posts\/180957\/revisions"}],"wp:featuredmedia":[{"embeddable":true,"href":"https:\/\/cdnoticias.com\/index.php\/wp-json\/wp\/v2\/media\/180960"}],"wp:attachment":[{"href":"https:\/\/cdnoticias.com\/index.php\/wp-json\/wp\/v2\/media?parent=180957"}],"wp:term":[{"taxonomy":"category","embeddable":true,"href":"https:\/\/cdnoticias.com\/index.php\/wp-json\/wp\/v2\/categories?post=180957"},{"taxonomy":"post_tag","embeddable":true,"href":"https:\/\/cdnoticias.com\/index.php\/wp-json\/wp\/v2\/tags?post=180957"}],"curies":[{"name":"wp","href":"https:\/\/api.w.org\/{rel}","templated":true}]}}