{"id":180904,"date":"2025-08-30T16:54:03","date_gmt":"2025-08-30T19:54:03","guid":{"rendered":"https:\/\/cdnoticias.com\/?p=180904"},"modified":"2025-08-30T20:03:01","modified_gmt":"2025-08-30T23:03:01","slug":"santa-rosa-alerta-amarillo-por-lluvias-y-tormentas-para-olavarria","status":"publish","type":"post","link":"https:\/\/cdnoticias.com\/index.php\/2025\/08\/30\/santa-rosa-alerta-amarillo-por-lluvias-y-tormentas-para-olavarria\/","title":{"rendered":"Santa Rosa: Alerta amarillo por lluvias y tormentas para Olavarr\u00eda"},"content":{"rendered":"\n<p>Se estiman fuertes lluvias para el domingo por la tarde mientras que el lunes por la ma\u00f1ana habr\u00eda fuertes tormentas. El mal tiempo se extender\u00e1 hasta el martes.<\/p>\n\n\n\n<hr class=\"wp-block-separator aligncenter has-alpha-channel-opacity\"\/>\n\n\n\n<p>Este s\u00e1bado por la tarde, <strong>el Servicio Meteorol\u00f3gico Nacional inform\u00f3 de un doble alerta amarillo por lluvias y tormentas para el domingo y lunes en Olavarr\u00eda.<\/strong><\/p>\n\n\n\n<p>En lo que podr\u00eda denominarse como la <strong>tormenta de Santa Rosa <\/strong>(que dar\u00e1 paso a la primavera) <strong>el SMN inform\u00f3 que Olavarr\u00eda y la regi\u00f3n se encuentra en zona de alerta amarilla para la tarde del domingo <\/strong>donde<em> \u201cel \u00e1rea ser\u00e1 afectada por lluvias y tormentas de variada intensidad, algunas localmente fuertes. Se espera que las tormentas puedan estar acompa\u00f1adas fundamentalmente por abundante ca\u00edda de agua en cortos per\u00edodos, actividad el\u00e9ctrica, r\u00e1fagas y ocasional granizo\u201d.<\/em><\/p>\n\n\n\n<p>Adem\u00e1s, <em><strong>\u201cse prev\u00e9n valores de precipitaci\u00f3n acumulada entre 30 y 50 mm, pudiendo ser superados de forma puntual\u201d.<\/strong><\/em><\/p>\n\n\n\n<p>Para el<strong> lunes por la ma\u00f1ana,<\/strong> hay una alerta por fuertes tormentas: <em><strong>\u201cel \u00e1rea ser\u00e1 afectada por lluvias de intensidad moderada a localmente fuerte. Particularmente sobre el oeste de la provincia de La Pampa, las precipitaciones pueden ser en forma de lluvia y nieve mezclada o nieve\u201d.<\/strong><\/em><\/p>\n\n\n\n<p>En este punto, tambi\u00e9n podr\u00edan caer entre 30 y 50 mil\u00edmetros.<\/p>\n\n\n\n<p>A tener en cuenta:<strong> tanto para el domingo como para el lunes se estiman lluvias en toda la jornada, con menor intensidad a lo anunciado en las alertas.<\/strong> Para el martes ya no se prev\u00e9n lluvias y se estima una temperatura m\u00e1xima de 18 grados.<\/p>\n","protected":false},"excerpt":{"rendered":"<p>Se estiman fuertes lluvias para el domingo por la tarde mientras que el lunes por la ma\u00f1ana habr\u00eda fuertes tormentas.<\/p>\n","protected":false},"author":2,"featured_media":165638,"comment_status":"closed","ping_status":"closed","sticky":false,"template":"","format":"standard","meta":{"_jetpack_memberships_contains_paid_content":false,"footnotes":""},"categories":[5,1],"tags":[],"class_list":["post-180904","post","type-post","status-publish","format-standard","has-post-thumbnail","hentry","category-informacion-general","category-portada"],"jetpack_featured_media_url":"https:\/\/i0.wp.com\/cdnoticias.com\/wp-content\/uploads\/2025\/03\/lluvia-tormenta-4-de-marzo-2025-f-plaza-central.jpg?fit=1000%2C556&ssl=1","jetpack_sharing_enabled":true,"_links":{"self":[{"href":"https:\/\/cdnoticias.com\/index.php\/wp-json\/wp\/v2\/posts\/180904","targetHints":{"allow":["GET"]}}],"collection":[{"href":"https:\/\/cdnoticias.com\/index.php\/wp-json\/wp\/v2\/posts"}],"about":[{"href":"https:\/\/cdnoticias.com\/index.php\/wp-json\/wp\/v2\/types\/post"}],"author":[{"embeddable":true,"href":"https:\/\/cdnoticias.com\/index.php\/wp-json\/wp\/v2\/users\/2"}],"replies":[{"embeddable":true,"href":"https:\/\/cdnoticias.com\/index.php\/wp-json\/wp\/v2\/comments?post=180904"}],"version-history":[{"count":0,"href":"https:\/\/cdnoticias.com\/index.php\/wp-json\/wp\/v2\/posts\/180904\/revisions"}],"wp:featuredmedia":[{"embeddable":true,"href":"https:\/\/cdnoticias.com\/index.php\/wp-json\/wp\/v2\/media\/165638"}],"wp:attachment":[{"href":"https:\/\/cdnoticias.com\/index.php\/wp-json\/wp\/v2\/media?parent=180904"}],"wp:term":[{"taxonomy":"category","embeddable":true,"href":"https:\/\/cdnoticias.com\/index.php\/wp-json\/wp\/v2\/categories?post=180904"},{"taxonomy":"post_tag","embeddable":true,"href":"https:\/\/cdnoticias.com\/index.php\/wp-json\/wp\/v2\/tags?post=180904"}],"curies":[{"name":"wp","href":"https:\/\/api.w.org\/{rel}","templated":true}]}}