{"id":180896,"date":"2025-08-30T12:30:15","date_gmt":"2025-08-30T15:30:15","guid":{"rendered":"https:\/\/cdnoticias.com\/?p=180896"},"modified":"2025-08-30T17:04:03","modified_gmt":"2025-08-30T20:04:03","slug":"fuerte-choque-en-avenida-del-valle-dejo-danos-materiales","status":"publish","type":"post","link":"https:\/\/cdnoticias.com\/index.php\/2025\/08\/30\/fuerte-choque-en-avenida-del-valle-dejo-danos-materiales\/","title":{"rendered":"Fuerte choque en avenida Del Valle dej\u00f3 da\u00f1os materiales\u00a0"},"content":{"rendered":"\n<p>El hecho se dio este viernes por la noche en Alsina y avenida Del Valle. Afortunadamente, no hay heridos.&nbsp;<\/p>\n\n\n\n<hr class=\"wp-block-separator aligncenter has-alpha-channel-opacity\"\/>\n\n\n\n<p>Este viernes por la noche <strong>se produjo un violento choque <\/strong>entre un<strong> VW Passat y un VW Fox.<\/strong><\/p>\n\n\n\n<figure class=\"wp-block-image aligncenter size-full\"><img data-recalc-dims=\"1\" loading=\"lazy\" decoding=\"async\" width=\"800\" height=\"444\" src=\"https:\/\/i0.wp.com\/cdnoticias.com\/wp-content\/uploads\/2025\/08\/choque-alsina-del-valle-1.jpg?resize=800%2C444&#038;ssl=1\" alt=\"\" class=\"wp-image-180901\" srcset=\"https:\/\/i0.wp.com\/cdnoticias.com\/wp-content\/uploads\/2025\/08\/choque-alsina-del-valle-1.jpg?w=900&amp;ssl=1 900w, https:\/\/i0.wp.com\/cdnoticias.com\/wp-content\/uploads\/2025\/08\/choque-alsina-del-valle-1.jpg?resize=300%2C166&amp;ssl=1 300w, https:\/\/i0.wp.com\/cdnoticias.com\/wp-content\/uploads\/2025\/08\/choque-alsina-del-valle-1.jpg?resize=768%2C426&amp;ssl=1 768w, https:\/\/i0.wp.com\/cdnoticias.com\/wp-content\/uploads\/2025\/08\/choque-alsina-del-valle-1.jpg?resize=800%2C445&amp;ssl=1 800w\" sizes=\"auto, (max-width: 800px) 100vw, 800px\" \/><\/figure>\n\n\n\n<p><\/p>\n\n\n\n<blockquote class=\"wp-block-quote is-layout-flow wp-block-quote-is-layout-flow\">\n<p>El hecho ocurri\u00f3 en Alsina y avenida Del Valle donde personal del SAME asisti\u00f3 a personas con diversos golpes. Afortunadamente, no hay heridos de gravedad.&nbsp;<\/p>\n<\/blockquote>\n\n\n\n<p><\/p>\n\n\n\n<p><\/p>\n\n\n\n<figure class=\"wp-block-image aligncenter size-full\"><img data-recalc-dims=\"1\" loading=\"lazy\" decoding=\"async\" width=\"800\" height=\"492\" src=\"https:\/\/i0.wp.com\/cdnoticias.com\/wp-content\/uploads\/2025\/08\/choque-alsina-del-valle-3.jpg?resize=800%2C492&#038;ssl=1\" alt=\"\" class=\"wp-image-180899\" srcset=\"https:\/\/i0.wp.com\/cdnoticias.com\/wp-content\/uploads\/2025\/08\/choque-alsina-del-valle-3.jpg?w=900&amp;ssl=1 900w, https:\/\/i0.wp.com\/cdnoticias.com\/wp-content\/uploads\/2025\/08\/choque-alsina-del-valle-3.jpg?resize=300%2C185&amp;ssl=1 300w, https:\/\/i0.wp.com\/cdnoticias.com\/wp-content\/uploads\/2025\/08\/choque-alsina-del-valle-3.jpg?resize=768%2C473&amp;ssl=1 768w\" sizes=\"auto, (max-width: 800px) 100vw, 800px\" \/><\/figure>\n\n\n\n<p>Asimismo, <strong>s\u00f3lo se contabilizaron da\u00f1os materiales<\/strong>. Por \u00faltimo, personal policial trabaj\u00f3 en el lugar para ordenar el tr\u00e1nsito.&nbsp;&nbsp;<\/p>\n\n\n\n<p><\/p>\n\n\n\n<figure class=\"wp-block-image aligncenter size-full\"><img data-recalc-dims=\"1\" loading=\"lazy\" decoding=\"async\" width=\"800\" height=\"480\" src=\"https:\/\/i0.wp.com\/cdnoticias.com\/wp-content\/uploads\/2025\/08\/choque-alsina-del-valle-4.jpg?resize=800%2C480&#038;ssl=1\" alt=\"\" class=\"wp-image-180898\" srcset=\"https:\/\/i0.wp.com\/cdnoticias.com\/wp-content\/uploads\/2025\/08\/choque-alsina-del-valle-4.jpg?w=900&amp;ssl=1 900w, https:\/\/i0.wp.com\/cdnoticias.com\/wp-content\/uploads\/2025\/08\/choque-alsina-del-valle-4.jpg?resize=300%2C180&amp;ssl=1 300w, https:\/\/i0.wp.com\/cdnoticias.com\/wp-content\/uploads\/2025\/08\/choque-alsina-del-valle-4.jpg?resize=768%2C461&amp;ssl=1 768w\" sizes=\"auto, (max-width: 800px) 100vw, 800px\" \/><\/figure>\n\n\n\n<p><\/p>\n\n\n\n<p><\/p>\n","protected":false},"excerpt":{"rendered":"<p>El hecho se dio este viernes por la noche en Alsina y avenida Del Valle. Afortunadamente, no hay heridos.&nbsp; Este<\/p>\n","protected":false},"author":6,"featured_media":180900,"comment_status":"closed","ping_status":"closed","sticky":false,"template":"","format":"standard","meta":{"_jetpack_memberships_contains_paid_content":false,"footnotes":""},"categories":[14,1],"tags":[],"class_list":["post-180896","post","type-post","status-publish","format-standard","has-post-thumbnail","hentry","category-policiales","category-portada"],"jetpack_featured_media_url":"https:\/\/i0.wp.com\/cdnoticias.com\/wp-content\/uploads\/2025\/08\/choque-alsina-del-valle-2.jpg?fit=900%2C525&ssl=1","jetpack_sharing_enabled":true,"_links":{"self":[{"href":"https:\/\/cdnoticias.com\/index.php\/wp-json\/wp\/v2\/posts\/180896","targetHints":{"allow":["GET"]}}],"collection":[{"href":"https:\/\/cdnoticias.com\/index.php\/wp-json\/wp\/v2\/posts"}],"about":[{"href":"https:\/\/cdnoticias.com\/index.php\/wp-json\/wp\/v2\/types\/post"}],"author":[{"embeddable":true,"href":"https:\/\/cdnoticias.com\/index.php\/wp-json\/wp\/v2\/users\/6"}],"replies":[{"embeddable":true,"href":"https:\/\/cdnoticias.com\/index.php\/wp-json\/wp\/v2\/comments?post=180896"}],"version-history":[{"count":0,"href":"https:\/\/cdnoticias.com\/index.php\/wp-json\/wp\/v2\/posts\/180896\/revisions"}],"wp:featuredmedia":[{"embeddable":true,"href":"https:\/\/cdnoticias.com\/index.php\/wp-json\/wp\/v2\/media\/180900"}],"wp:attachment":[{"href":"https:\/\/cdnoticias.com\/index.php\/wp-json\/wp\/v2\/media?parent=180896"}],"wp:term":[{"taxonomy":"category","embeddable":true,"href":"https:\/\/cdnoticias.com\/index.php\/wp-json\/wp\/v2\/categories?post=180896"},{"taxonomy":"post_tag","embeddable":true,"href":"https:\/\/cdnoticias.com\/index.php\/wp-json\/wp\/v2\/tags?post=180896"}],"curies":[{"name":"wp","href":"https:\/\/api.w.org\/{rel}","templated":true}]}}