{"id":180893,"date":"2025-08-30T16:12:43","date_gmt":"2025-08-30T19:12:43","guid":{"rendered":"https:\/\/cdnoticias.com\/?p=180893"},"modified":"2025-09-01T17:06:03","modified_gmt":"2025-09-01T20:06:03","slug":"oficina-de-empleo-nuevas-propuestas-laborales-vigentes-2","status":"publish","type":"post","link":"https:\/\/cdnoticias.com\/index.php\/2025\/08\/30\/oficina-de-empleo-nuevas-propuestas-laborales-vigentes-2\/","title":{"rendered":"Oficina de empleo: nuevas propuestas laborales vigentes\u00a0"},"content":{"rendered":"\n<p>En esta oportunidad, se est\u00e1 realizando la selecci\u00f3n de candidatos y candidatas para la cobertura de cinco puestos de trabajo.<\/p>\n\n\n\n<hr class=\"wp-block-separator aligncenter has-alpha-channel-opacity\"\/>\n\n\n\n<p>El Municipio de Olavarr\u00eda a trav\u00e9s de la Secretar\u00eda de Desarrollo Econ\u00f3mico y Productivo dio a conocer las <strong>nuevas propuestas laborales vigentes<\/strong>, en el marco de las constantes interrelaciones con las diferentes empresas del entramado productivo de la ciudad y que utilizan a la Coordinaci\u00f3n de Empleo para las intermediaciones laborales.<\/p>\n\n\n\n<p><\/p>\n\n\n\n<p>Aquellas personas interesadas <strong>podr\u00e1n postularse online a trav\u00e9s del<\/strong> <a href=\"https:\/\/invertir.olavarria.gov.ar\/servicios\/portal-de-empleo\/\" target=\"_blank\" rel=\"noreferrer noopener\">Portal de Empleo<\/a>, o <strong>acercando su CV a la oficina ubicada en la sede de la Secretar\u00eda de Desarrollo Econ\u00f3mico o Productivo<\/strong>, ubicada sobre Moreno 2765, en el horario de 8 a 13 horas.<\/p>\n\n\n\n<p><\/p>\n\n\n\n<p>En esta oportunidad, se est\u00e1 realizando la <strong>selecci\u00f3n de candidatos y candidatas<\/strong>\u00a0 para la cobertura de los siguientes <strong>cinco puestos de trabajo:<\/strong><\/p>\n\n\n\n<p><\/p>\n\n\n\n<ul class=\"wp-block-list\">\n<li><strong>Supervisor de planta para cantera de granito<\/strong><\/li>\n<\/ul>\n\n\n\n<p>Establecimiento dedicado a la explotaci\u00f3n de granito se encuentra en la b\u00fasqueda de una persona para cubrir el puesto de Supervisor de Planta.<\/p>\n\n\n\n<p>Ser\u00e1n sus funciones: asignar tareas, coordinar y liderar equipo de trabajo, cumplir los objetivos de producci\u00f3n, calidad y seguridad, supervisar el correcto funcionamiento y mantenimiento de equipos y solucionar problemas t\u00e9cnicos, operativos o de personal que puedan surgir durante el turno de trabajo.<\/p>\n\n\n\n<p>La jornada laboral ser\u00e1 de lunes a viernes en turnos de 10 horas rotativos y s\u00e1bados 4 horas.<\/p>\n\n\n\n<p>Requisitos: experiencia previa en puestos similares, rango de edad: 30 a 55 a\u00f1os, g\u00e9nero masculino y carnet de conducir vigente.<\/p>\n\n\n\n<p><\/p>\n\n\n\n<ul class=\"wp-block-list\">\n<li><strong>Responsable de dep\u00f3sito de insumos&nbsp;<\/strong><\/li>\n<\/ul>\n\n\n\n<p>Importante empresa comercializadora de granos, semillas, fertilizantes e insumos agropecuarios se encuentra en la b\u00fasqueda de responsable de dep\u00f3sito de insumos. Ser\u00e1n sus tareas realizar la gesti\u00f3n de stock e inventario, recepcionar y despachar insumos, organizar el dep\u00f3sito, efectuar mantenimiento y planificaci\u00f3n y mantener las normas de higiene y seguridad. La jornada laboral ser\u00e1 de lunes a viernes de 8 a 16 y s\u00e1bados de 8 a 13 horas.<\/p>\n\n\n\n<p>Requisitos: experiencia previa en puestos similares, perfil proactivo, organizado, comprometido, con iniciativa y liderazgo.<\/p>\n\n\n\n<ul class=\"wp-block-list\">\n<li><strong>Responsable de mantenimiento&nbsp;<\/strong><\/li>\n<\/ul>\n\n\n\n<p>Importante empresa de la industria agr\u00edcola se encuentra en la b\u00fasqueda de responsable de mantenimiento. Ser\u00e1n sus tareas realizar el mantenimiento preventivo y correctivo de la planta de maquinarias CNC, equipos de corte l\u00e1ser, plegadoras, soldadoras, compresores y sistemas robotizados.&nbsp;<\/p>\n\n\n\n<p>Adem\u00e1s, ser\u00e1 encargado de coordinar con el \u00e1rea de producci\u00f3n el mantenimiento de la planta con un plan de mantenimiento preventivo y correctivo, minimizando tiempos de parada. La jornada laboral ser\u00e1 de lunes a viernes de 7:00 a 16:30 horas.<\/p>\n\n\n\n<p>Requisitos: tecnicatura en electromec\u00e1nica, el\u00e9ctrica o mec\u00e1nica, experiencia previa en mantenimiento industrial, habilidades para el trabajo en equipo.<\/p>\n\n\n\n<ul class=\"wp-block-list\">\n<li><strong>Asesor\/a comercial<\/strong><\/li>\n<\/ul>\n\n\n\n<p>Empresa dedicada a la prestaci\u00f3n de servicios financieros se encuentra en la b\u00fasqueda de asesor\/a comercial. Ser\u00e1n sus tareas comercializar pr\u00e9stamos personales, asesorar y acompa\u00f1ar a clientes durante la vida del cr\u00e9dito. La jornada laboral ser\u00e1 de lunes a viernes de 9 a 13 horas y de 14 a 18 horas, s\u00e1bados de 9 a 13 horas.<\/p>\n\n\n\n<p>Requisitos: marcado perfil comercial, experiencia previa en venta de intangibles, conocimiento en herramientas inform\u00e1ticas.<\/p>\n\n\n\n<ul class=\"wp-block-list\">\n<li><strong>Responsable t\u00e9cnico posventa&nbsp;<\/strong><\/li>\n<\/ul>\n\n\n\n<p>Importante empresa industrial selecciona soporte t\u00e9cnico posventa. ser\u00e1n sus funciones: realizar instalaciones, configuraciones y calibraciones de equipos \u2013 asistir a clientes en el diagn\u00f3stico y resoluci\u00f3n de fallas t\u00e9cnicas \u2013 brindar capacitaciones sobre el uso de productos \u2013 coordinar visitas t\u00e9cnicas y realizar mantenimiento preventivo. la jornada laboral ser\u00e1 de lunes a viernes de 8:00 a 17:30 horas.<\/p>\n\n\n\n<p>Requisitos: t\u00e9cnico en electr\u00f3nica, electromec\u00e1nica, mec\u00e1nica, inform\u00e1tica o afines. Instalaci\u00f3n, calibraci\u00f3n y diagn\u00f3stico de equipos electr\u00f3nicos o electromec\u00e1nicos. Deseable experiencia previa en agricultura de precisi\u00f3n. Conocimientos t\u00e9cnicos: tecnolog\u00eda de agricultura de precisi\u00f3n: sistemas de guiado, Isobus, sensores de rinde, mapeo. Electr\u00f3nica y electricidad aplicada a maquinaria agr\u00edcola. Lectura de manuales t\u00e9cnicos. Diagn\u00f3stico integral (el\u00e9ctrico, electr\u00f3nico, mec\u00e1nico b\u00e1sico). Manejo b\u00e1sico de CRM, correo y Excel.<\/p>\n","protected":false},"excerpt":{"rendered":"<p>En esta oportunidad, se est\u00e1 realizando la selecci\u00f3n de candidatos y candidatas para la cobertura de cinco puestos de trabajo.<\/p>\n","protected":false},"author":6,"featured_media":116462,"comment_status":"closed","ping_status":"closed","sticky":false,"template":"","format":"standard","meta":{"_jetpack_memberships_contains_paid_content":false,"footnotes":""},"categories":[5,1],"tags":[],"class_list":["post-180893","post","type-post","status-publish","format-standard","has-post-thumbnail","hentry","category-informacion-general","category-portada"],"jetpack_featured_media_url":"https:\/\/i0.wp.com\/cdnoticias.com\/wp-content\/uploads\/2024\/05\/oficina-de-empleo.jpeg?fit=700%2C389&ssl=1","jetpack_sharing_enabled":true,"_links":{"self":[{"href":"https:\/\/cdnoticias.com\/index.php\/wp-json\/wp\/v2\/posts\/180893","targetHints":{"allow":["GET"]}}],"collection":[{"href":"https:\/\/cdnoticias.com\/index.php\/wp-json\/wp\/v2\/posts"}],"about":[{"href":"https:\/\/cdnoticias.com\/index.php\/wp-json\/wp\/v2\/types\/post"}],"author":[{"embeddable":true,"href":"https:\/\/cdnoticias.com\/index.php\/wp-json\/wp\/v2\/users\/6"}],"replies":[{"embeddable":true,"href":"https:\/\/cdnoticias.com\/index.php\/wp-json\/wp\/v2\/comments?post=180893"}],"version-history":[{"count":0,"href":"https:\/\/cdnoticias.com\/index.php\/wp-json\/wp\/v2\/posts\/180893\/revisions"}],"wp:featuredmedia":[{"embeddable":true,"href":"https:\/\/cdnoticias.com\/index.php\/wp-json\/wp\/v2\/media\/116462"}],"wp:attachment":[{"href":"https:\/\/cdnoticias.com\/index.php\/wp-json\/wp\/v2\/media?parent=180893"}],"wp:term":[{"taxonomy":"category","embeddable":true,"href":"https:\/\/cdnoticias.com\/index.php\/wp-json\/wp\/v2\/categories?post=180893"},{"taxonomy":"post_tag","embeddable":true,"href":"https:\/\/cdnoticias.com\/index.php\/wp-json\/wp\/v2\/tags?post=180893"}],"curies":[{"name":"wp","href":"https:\/\/api.w.org\/{rel}","templated":true}]}}