{"id":180890,"date":"2025-09-21T12:10:36","date_gmt":"2025-09-21T15:10:36","guid":{"rendered":"https:\/\/cdnoticias.com\/?p=180890"},"modified":"2025-09-21T12:19:07","modified_gmt":"2025-09-21T15:19:07","slug":"destacados-central-ideo-una-escuela-con-vida-y-deseos","status":"publish","type":"post","link":"https:\/\/cdnoticias.com\/index.php\/2025\/09\/21\/destacados-central-ideo-una-escuela-con-vida-y-deseos\/","title":{"rendered":"Destacados Central: Ideo, una escuela con vida y deseos"},"content":{"rendered":"\n<p>Este 2025 la instituci\u00f3n cumple 40 a\u00f1os de crecimiento y superaci\u00f3n de adversidades. Los cambios pedag\u00f3gicos, el acompa\u00f1amiento de la comunidad y los nuevos desaf\u00edos.<\/p>\n\n\n\n<hr class=\"wp-block-separator has-alpha-channel-opacity\"\/>\n\n\n\n<p>Ideo<strong> surge hace 40 a\u00f1os en 1985<\/strong> \u201cante la necesidad de pap\u00e1s que, ante el diagn\u00f3stico de una p\u00e9rdida auditiva, no sab\u00edan qu\u00e9 hacer\u201d. En estos inicios fue clave la participaci\u00f3n de <strong>Sonia Schiaffino,<\/strong> una profesora de sordos que se form\u00f3 en Buenos Aires y se vino a instalar a Olavarr\u00eda. Ella fue directora de la instituci\u00f3n durante 30 a\u00f1os.<\/p>\n\n\n\n<p><\/p>\n\n\n\n<p>En la actualidad, <strong>Mait\u00e9n Arrondo conduce la instituci\u00f3n desde hace 10 a\u00f1os<\/strong> y valor\u00f3 desde los inicios \u201cel amor de esas familias que junto a la figura de un representante legal le dieron un marco de escuela. Y a su vez, el orgullo de ser la \u00fanica escuela del centro de la provincia de Buenos Aires que era una escuela para ni\u00f1os sordos e hipoac\u00fasicos. Los ni\u00f1os pod\u00edan transitar su nivel primario y con su t\u00edtulo despu\u00e9s seguir estudiando\u201d.<\/p>\n\n\n\n<p><\/p>\n\n\n\n<blockquote class=\"wp-block-quote is-layout-flow wp-block-quote-is-layout-flow\">\n<p>\u201cA lo largo de estos 40 a\u00f1os ha cambiado el paradigma de la educaci\u00f3n, empezamos a hablar de integraci\u00f3n, de inclusi\u00f3n y ah\u00ed intervienen las escuelas de nivel donde la mayor cantidad de estudiantes se fueron a transitar su trayectoria y nosotros acompa\u00f1ando\u201d, cont\u00f3 la directora de IDEO.<\/p>\n<\/blockquote>\n\n\n\n<p><\/p>\n\n\n\n<p>En ese sentido, explic\u00f3 que<strong> \u201ca partir de 2016 toda la matr\u00edcula estaba en las escuelas de nivel por una ley, la 1664, que establece el derecho de la familia a elegir el establecimiento para su hijo\u201d.<\/strong> Sin embargo, <strong>\u201ccon el tiempo nos dimos cuenta de que no todos los ni\u00f1os pueden seguir el ritmo de una escuela de nivel y buscamos tambi\u00e9n nuevamente el espacio, volver a sede<\/strong> porque necesitan m\u00e1s tiempo en grupos m\u00e1s reducidos, una atenci\u00f3n m\u00e1s personalizada\u201d.<\/p>\n\n\n\n<p><\/p>\n\n\n\n<p>De esta forma, <strong>en 2024 se volvi\u00f3 a recuperar la atenci\u00f3n en sede.<\/strong> \u201cAhora tenemos un<strong> grupo de 9 estudiantes <\/strong>que est\u00e1n transitando su nivel primario en IDEO y la idea es fortalecerlos para que despu\u00e9s puedan seguir o un secundario de nivel o un secundario dentro de la modalidad especial, que vendr\u00edan a ser los centros de formaci\u00f3n integral\u201d, se\u00f1al\u00f3 Arrondo.<\/p>\n\n\n\n<p><\/p>\n\n\n\n<p>Es as\u00ed que<strong> se habilit\u00f3 nuevamente la posibilidad de recuperar sede y para Arrondo \u201cel balance es sumamente positivo\u201d <\/strong>ya que \u201cson estudiantes que no quieren faltar, que tienen una carga horaria de 8 horas, que es mucho, pero la propuesta es atractiva. Trabajan en turno ma\u00f1ana las \u00e1reas pedag\u00f3gicas, tienen arte, tienen educaci\u00f3n f\u00edsica. Dentro del proyecto tambi\u00e9n est\u00e1 en el espacio de pileta en Estudiantes y en el turno tarde realizan propuestas curriculares complementarias\u201d.<\/p>\n\n\n\n<p><\/p>\n\n\n\n<blockquote class=\"wp-block-quote is-layout-flow wp-block-quote-is-layout-flow\">\n<p>Adem\u00e1s de las 9 personas en sede,<strong> IDEO cuenta con una matr\u00edcula de 94 estudiantes en propuestas de inclusi\u00f3n, nivel inicial, primario y secundario.<\/strong> \u201cDentro de esa matr\u00edcula tenemos ni\u00f1os que presentan p\u00e9rdida auditiva -que es en la menor cantidad- y ni\u00f1os con trastornos del lenguaje. Se trabaja la parte de lenguaje expresivo, lenguaje comprensivo y a su vez, la parte, cognitiva\u201d.<\/p>\n<\/blockquote>\n\n\n\n<p><\/p>\n\n\n\n<p>La planta docente est\u00e1 compuesta por<strong> 19 cargos<\/strong> \u201cdonde est\u00e1 el equipo t\u00e9cnico, fonoaudi\u00f3loga, educacional, social, profesora de educaci\u00f3n f\u00edsica, profesora de arte y el resto son MG, que ser\u00edan maestras de inclusi\u00f3n. Cada maestra de inclusi\u00f3n tiene aproximadamente ocho estudiantes. La mayor\u00eda est\u00e1n en las escuelas, pero hay docentes que est\u00e1n en sede o van a las escuelas y hacen apoyo\u201d.<\/p>\n\n\n\n<p><\/p>\n\n\n\n<figure class=\"wp-block-image size-full\"><img data-recalc-dims=\"1\" loading=\"lazy\" decoding=\"async\" width=\"800\" height=\"445\" src=\"https:\/\/i0.wp.com\/cdnoticias.com\/wp-content\/uploads\/2025\/08\/maiten-arrondo-IDEO-02.png?resize=800%2C445&#038;ssl=1\" alt=\"\" class=\"wp-image-180230\" srcset=\"https:\/\/i0.wp.com\/cdnoticias.com\/wp-content\/uploads\/2025\/08\/maiten-arrondo-IDEO-02.png?w=800&amp;ssl=1 800w, https:\/\/i0.wp.com\/cdnoticias.com\/wp-content\/uploads\/2025\/08\/maiten-arrondo-IDEO-02.png?resize=300%2C167&amp;ssl=1 300w, https:\/\/i0.wp.com\/cdnoticias.com\/wp-content\/uploads\/2025\/08\/maiten-arrondo-IDEO-02.png?resize=768%2C427&amp;ssl=1 768w\" sizes=\"auto, (max-width: 800px) 100vw, 800px\" \/><\/figure>\n\n\n\n<p><\/p>\n\n\n\n<p><strong>\u201cNo me imagino haciendo otra cosa\u201d<\/strong><\/p>\n\n\n\n<p><\/p>\n\n\n\n<p>Lo se\u00f1al\u00f3 Mait\u00e9n Arrondo respecto a su recorrido profesional.<strong> \u201cMe siento muy bien escuchando a las familias, me gusta acompa\u00f1ar ese proceso en esto de que siempre hay oportunidades\u201d.<\/strong><\/p>\n\n\n\n<p><\/p>\n\n\n\n<p><strong>\u201cNos falta un mont\u00f3n, pero hemos avanzado much\u00edsimo en lo que es modalidad especial\u201d <\/strong>reconoci\u00f3 y cont\u00f3 que est\u00e1 a cargo de la direcci\u00f3n de IDEO desde hace 10 a\u00f1os. \u201cYo estuve mucho tiempo como maestra de grado, de nivel inicial, primario, despu\u00e9s maestra integradora en su momento, maestra de articulaci\u00f3n, fui pasando por distintos cargos\u201d.<\/p>\n\n\n\n<p><\/p>\n\n\n\n<p>\u201cMe convocaron para este desaf\u00edo, con mucho temor, pero la verdad que siento que soy una cara nada m\u00e1s porque aqu\u00ed<strong> hay un grupo de trabajo que es sumamente responsable y todas tienen su fortaleza.<\/strong> Entonces, yo me apoyo en cada fortaleza\u201d, agreg\u00f3.<\/p>\n\n\n\n<p><\/p>\n\n\n\n<p>En este camino, <strong>reconoci\u00f3 el trabajo realizado para sostener econ\u00f3micamente a la instituci\u00f3n.<\/strong> \u201cPasamos una pandemia, una emergencia edilicia porque tuvimos una p\u00e9rdida de gas muy importante, muchos desaf\u00edos\u201d, relat\u00f3.<\/p>\n\n\n\n<p><\/p>\n\n\n\n<p>\u201cLa cuesti\u00f3n econ\u00f3mica<strong> reci\u00e9n el a\u00f1o pasado recuperamos un poquito de tranquilidad<\/strong> porque el recurso para sostener el edificio, el auxiliar, todo esto lo tiene que generar la escuela y los recursos son acotados\u201d indic\u00f3 Arrondo y destac\u00f3 que \u201chemos hechos de todo para recurrir a la comunidad que ha sido muy solidaria\u201d.<\/p>\n\n\n\n<p><\/p>\n\n\n\n<p>IDEO es<strong> prestador de salud<\/strong> por lo que se sostiene con el pago que realizan las obras sociales. \u201c<strong>El tema es que a veces las obras sociales se atrasan o es fluctuante.<\/strong> Tratamos de ser muy prolijos cuando recibimos esa plata, se reserva y vamos administrando los sueldos, el mantenimiento, los servicios\u201d.<\/p>\n\n\n\n<p><\/p>\n\n\n\n<blockquote class=\"wp-block-quote is-layout-flow wp-block-quote-is-layout-flow\">\n<p>\u201cHoy en 2025 estamos con un poquito m\u00e1s de tranquilidad, recuperamos la personer\u00eda jur\u00eddica que es muy importante. Tenemos lo justo, lo cuidamos y esperamos que sea m\u00e1s s\u00f3lido en un futuro porque esa energ\u00eda hay que depositarla en nuestra formaci\u00f3n y no preocuparnos si llegamos a pagar la luz, el gas, la alarma\u201d.<\/p>\n<\/blockquote>\n\n\n\n<p><\/p>\n\n\n\n<figure class=\"wp-block-image size-full\"><img data-recalc-dims=\"1\" loading=\"lazy\" decoding=\"async\" width=\"800\" height=\"445\" src=\"https:\/\/i0.wp.com\/cdnoticias.com\/wp-content\/uploads\/2025\/08\/maiten-arrondo-IDEO-01.png?resize=800%2C445&#038;ssl=1\" alt=\"\" class=\"wp-image-180231\" srcset=\"https:\/\/i0.wp.com\/cdnoticias.com\/wp-content\/uploads\/2025\/08\/maiten-arrondo-IDEO-01.png?w=800&amp;ssl=1 800w, https:\/\/i0.wp.com\/cdnoticias.com\/wp-content\/uploads\/2025\/08\/maiten-arrondo-IDEO-01.png?resize=300%2C167&amp;ssl=1 300w, https:\/\/i0.wp.com\/cdnoticias.com\/wp-content\/uploads\/2025\/08\/maiten-arrondo-IDEO-01.png?resize=768%2C427&amp;ssl=1 768w\" sizes=\"auto, (max-width: 800px) 100vw, 800px\" \/><\/figure>\n\n\n\n<p><\/p>\n\n\n\n<p><strong>Los deseos<\/strong><\/p>\n\n\n\n<p><\/p>\n\n\n\n<p><strong>\u201cDeseo que IDEO siga creciendo. Yo siento que hay una muy linda energ\u00eda en esta escuela. Siento tambi\u00e9n que siempre alguien nos protege\u201d<\/strong>, sostuvo Arrondo.<\/p>\n\n\n\n<p><\/p>\n\n\n\n<blockquote class=\"wp-block-quote is-layout-flow wp-block-quote-is-layout-flow\">\n<p>\u201cSe generan proyectos lindos, las familias se encuentran que hay una escuela que tal vez le falta pintura o le faltan detalles, pero en esta escuela hay vida y hay deseos tambi\u00e9n de transmitir, de construir con los ni\u00f1os, de que este grupo siga aumentando\u201d.<\/p>\n<\/blockquote>\n\n\n\n<p><\/p>\n\n\n\n<p>Por \u00faltimo, asegur\u00f3 que \u201cdeseo tener tranquilidad desde lo econ\u00f3mico que nos permita estar abocados a nuestra profesi\u00f3n y que eso no nos quite el sue\u00f1o. Nosotros estamos de paso, en estos 40 a\u00f1os pasaron muchas familias, estudiantes, docentes.<strong> Ahora me toca hablar a m\u00ed, pero hay todo un camino recorrido de mucho esfuerzo<\/strong>\u201d.<\/p>\n","protected":false},"excerpt":{"rendered":"<p>Este 2025 la instituci\u00f3n cumple 40 a\u00f1os de crecimiento y superaci\u00f3n de adversidades. Los cambios pedag\u00f3gicos, el acompa\u00f1amiento de la<\/p>\n","protected":false},"author":5,"featured_media":180229,"comment_status":"closed","ping_status":"closed","sticky":false,"template":"","format":"standard","meta":{"_jetpack_memberships_contains_paid_content":false,"footnotes":""},"categories":[20,1],"tags":[],"class_list":["post-180890","post","type-post","status-publish","format-standard","has-post-thumbnail","hentry","category-destacados","category-portada"],"jetpack_featured_media_url":"https:\/\/i0.wp.com\/cdnoticias.com\/wp-content\/uploads\/2025\/08\/maiten-arrondo-IDEO-03.png?fit=800%2C445&ssl=1","jetpack_sharing_enabled":true,"_links":{"self":[{"href":"https:\/\/cdnoticias.com\/index.php\/wp-json\/wp\/v2\/posts\/180890","targetHints":{"allow":["GET"]}}],"collection":[{"href":"https:\/\/cdnoticias.com\/index.php\/wp-json\/wp\/v2\/posts"}],"about":[{"href":"https:\/\/cdnoticias.com\/index.php\/wp-json\/wp\/v2\/types\/post"}],"author":[{"embeddable":true,"href":"https:\/\/cdnoticias.com\/index.php\/wp-json\/wp\/v2\/users\/5"}],"replies":[{"embeddable":true,"href":"https:\/\/cdnoticias.com\/index.php\/wp-json\/wp\/v2\/comments?post=180890"}],"version-history":[{"count":0,"href":"https:\/\/cdnoticias.com\/index.php\/wp-json\/wp\/v2\/posts\/180890\/revisions"}],"wp:featuredmedia":[{"embeddable":true,"href":"https:\/\/cdnoticias.com\/index.php\/wp-json\/wp\/v2\/media\/180229"}],"wp:attachment":[{"href":"https:\/\/cdnoticias.com\/index.php\/wp-json\/wp\/v2\/media?parent=180890"}],"wp:term":[{"taxonomy":"category","embeddable":true,"href":"https:\/\/cdnoticias.com\/index.php\/wp-json\/wp\/v2\/categories?post=180890"},{"taxonomy":"post_tag","embeddable":true,"href":"https:\/\/cdnoticias.com\/index.php\/wp-json\/wp\/v2\/tags?post=180890"}],"curies":[{"name":"wp","href":"https:\/\/api.w.org\/{rel}","templated":true}]}}