{"id":180889,"date":"2025-08-30T11:34:34","date_gmt":"2025-08-30T14:34:34","guid":{"rendered":"https:\/\/cdnoticias.com\/?p=180889"},"modified":"2025-08-30T17:05:01","modified_gmt":"2025-08-30T20:05:01","slug":"se-suspendio-la-llegada-de-federico-sturzenegger-a-olavarria","status":"publish","type":"post","link":"https:\/\/cdnoticias.com\/index.php\/2025\/08\/30\/se-suspendio-la-llegada-de-federico-sturzenegger-a-olavarria\/","title":{"rendered":"Se suspendi\u00f3 la llegada de Federico Sturzenegger a Olavarr\u00eda\u00a0"},"content":{"rendered":"\n<p>El ministro de Desregulaci\u00f3n y Transformaci\u00f3n del Estado de la Naci\u00f3n iba a realizar una charla empresarial sobre desburocratizaci\u00f3n y desarrollo. No se justific\u00f3 la raz\u00f3n de la ausencia del ministro.&nbsp;<\/p>\n\n\n\n<hr class=\"wp-block-separator aligncenter has-alpha-channel-opacity\"\/>\n\n\n\n<p>Este s\u00e1bado a primera hora se dio a conocer que <strong>se suspendi\u00f3 la llegada de Federico Sturzenegger a Olavarr\u00eda.\u00a0<\/strong>El ministro de Desregulaci\u00f3n y Transformaci\u00f3n del Estado de la Naci\u00f3n <strong>iba a realizar una charla empresarial <\/strong>sobre desburocratizaci\u00f3n y desarrollo.\u00a0<\/p>\n\n\n\n<p><\/p>\n\n\n\n<blockquote class=\"wp-block-quote is-layout-flow wp-block-quote-is-layout-flow\">\n<p>Si bien la informaci\u00f3n se dio por trascendidos y no de forma oficial, no se justific\u00f3 la raz\u00f3n de la ausencia del ministro.\u00a0Central de Noticias acudi\u00f3 al lugar del evento que iba a realizarse en el sal\u00f3n Mariano Moreno y pudo confirmar la suspensi\u00f3n de la jornada.\u00a0<\/p>\n<\/blockquote>\n\n\n\n<p><\/p>\n\n\n\n<p>El ministro adem\u00e1s iba a contar con el acompa\u00f1amiento de los <strong>dirigentes locales de La Libertad Avanza <\/strong>as\u00ed como tambi\u00e9n con integrantes de las listas que encabeza Nicol\u00e1s Zampini en concejales y Alejandro Speroni en senadores provinciales.<\/p>\n\n\n\n<p><\/p>\n\n\n\n<p>Las <strong>suspensiones de Federico Sturzenegger y Karina Milei a nuestra ciudad se dan en el marco de una semana compleja para el gobierno:<\/strong> entre la profundizaci\u00f3n de las acusaciones por el cobro de coimas en la Agencia Nacional de Discapacidad que llegan hasta la Secretaria de Presidencia, Karina Milei, hasta la violencia pol\u00edtica en los actos que intentaron protagonizar, como una recorrida en Florencia Varela y en la Provincia de Corrientes.<\/p>\n\n\n\n<p><\/p>\n","protected":false},"excerpt":{"rendered":"<p>El ministro de Desregulaci\u00f3n y Transformaci\u00f3n del Estado de la Naci\u00f3n iba a realizar una charla empresarial sobre desburocratizaci\u00f3n y<\/p>\n","protected":false},"author":6,"featured_media":126409,"comment_status":"closed","ping_status":"closed","sticky":false,"template":"","format":"standard","meta":{"_jetpack_memberships_contains_paid_content":false,"footnotes":""},"categories":[4,1],"tags":[],"class_list":["post-180889","post","type-post","status-publish","format-standard","has-post-thumbnail","hentry","category-politica","category-portada"],"jetpack_featured_media_url":"https:\/\/i0.wp.com\/cdnoticias.com\/wp-content\/uploads\/2024\/09\/sturzenegger-DIB.jpg?fit=696%2C391&ssl=1","jetpack_sharing_enabled":true,"_links":{"self":[{"href":"https:\/\/cdnoticias.com\/index.php\/wp-json\/wp\/v2\/posts\/180889","targetHints":{"allow":["GET"]}}],"collection":[{"href":"https:\/\/cdnoticias.com\/index.php\/wp-json\/wp\/v2\/posts"}],"about":[{"href":"https:\/\/cdnoticias.com\/index.php\/wp-json\/wp\/v2\/types\/post"}],"author":[{"embeddable":true,"href":"https:\/\/cdnoticias.com\/index.php\/wp-json\/wp\/v2\/users\/6"}],"replies":[{"embeddable":true,"href":"https:\/\/cdnoticias.com\/index.php\/wp-json\/wp\/v2\/comments?post=180889"}],"version-history":[{"count":0,"href":"https:\/\/cdnoticias.com\/index.php\/wp-json\/wp\/v2\/posts\/180889\/revisions"}],"wp:featuredmedia":[{"embeddable":true,"href":"https:\/\/cdnoticias.com\/index.php\/wp-json\/wp\/v2\/media\/126409"}],"wp:attachment":[{"href":"https:\/\/cdnoticias.com\/index.php\/wp-json\/wp\/v2\/media?parent=180889"}],"wp:term":[{"taxonomy":"category","embeddable":true,"href":"https:\/\/cdnoticias.com\/index.php\/wp-json\/wp\/v2\/categories?post=180889"},{"taxonomy":"post_tag","embeddable":true,"href":"https:\/\/cdnoticias.com\/index.php\/wp-json\/wp\/v2\/tags?post=180889"}],"curies":[{"name":"wp","href":"https:\/\/api.w.org\/{rel}","templated":true}]}}