{"id":180886,"date":"2025-08-30T13:30:13","date_gmt":"2025-08-30T16:30:13","guid":{"rendered":"https:\/\/cdnoticias.com\/?p=180886"},"modified":"2025-08-30T13:30:15","modified_gmt":"2025-08-30T16:30:15","slug":"coimas-nuevos-allanamientos-en-sedes-de-la-andis-y-la-drogueria-suizo-argentina","status":"publish","type":"post","link":"https:\/\/cdnoticias.com\/index.php\/2025\/08\/30\/coimas-nuevos-allanamientos-en-sedes-de-la-andis-y-la-drogueria-suizo-argentina\/","title":{"rendered":"Coimas: nuevos allanamientos en sedes de la ANDIS y la droguer\u00eda Suizo Argentina"},"content":{"rendered":"\n<p>Lo orden\u00f3 la Justicia Federal, a ra\u00edz de los audios filtrados del ex titular de la Agencia Nacional de Discapacidad, Diego Spagnuolo.<\/p>\n\n\n\n<hr class=\"wp-block-separator aligncenter has-alpha-channel-opacity\"\/>\n\n\n\n<p>En el marco de la <a href=\"https:\/\/cdnoticias.com\/index.php\/2025\/08\/21\/desplazan-a-spagnuolo-de-la-agencia-de-discapacidad-por-el-escandalo-de-los-audios\/\" target=\"_blank\" rel=\"noreferrer noopener\">causa de las presuntas coimas para el pago de medicamentos en el \u00e1rea de discapacidad<\/a><strong>,<\/strong> el juez federal Sebasti\u00e1n Casanello, a pedido del fiscal Franco Picardi, realiz\u00f3 este viernes con la Polic\u00eda de la Ciudad <strong>cuatro nuevos allanamientos en todas las sedes de la Agencia Nacional de Discapacidad (ANDIS) y en la droguer\u00eda Suizo Argentina.\u00a0<\/strong><\/p>\n\n\n\n<p><\/p>\n\n\n\n<p>El operativo se realiz\u00f3 a ra\u00edz de los<strong> audios que se filtraron del ex titular del \u00e1rea, Diego Spagnuolo.<\/strong> Una de las sedes allanadas se encuentra en la calle Hip\u00f3lito Irigoyen, en la zona del Congreso de la Naci\u00f3n. Tambi\u00e9n hubo un operativo similar en un edificio que se encuentra en la avenida Rivadavia.<\/p>\n\n\n\n<p><\/p>\n\n\n\n<p>Los investigadores buscan <strong>documentaci\u00f3n de relevancia <\/strong>para incorporar al expediente que involucra a Karina Milei, secretaria general de la Presidencia, y su estrecho colaborador Eduardo &#8220;Lule&#8221; Menem, adem\u00e1s de los empresarios Emmanuel y Jonathan Kovalivker.<\/p>\n\n\n\n<p><\/p>\n\n\n\n<blockquote class=\"wp-block-quote is-layout-flow wp-block-quote-is-layout-flow\">\n<p>Con estas medidas de prueba la Justicia Federal avanza en su objetivo de determinar si la hermana del Presidente recibi\u00f3 sobornos por la compra de medicamentos llevada a cabo por el Estado, tal como se desprende de los audios de Spagnuolo.<\/p>\n<\/blockquote>\n\n\n\n<p><\/p>\n\n\n\n<p>La semana pasada, al inicio de la investigaci\u00f3n,<strong> tambi\u00e9n fueron allanadas la ANDIS y la droguer\u00eda. <\/strong>Adem\u00e1s, en ese momento <strong>los operativos incluyeron a las viviendas de Spagnuolo, de Emmanuel y Jonathan Kovalivker, y de Daniel Garbellini<\/strong>, ex director Nacional de Acceso a los Servicios de Salud de la ANDIS.<\/p>\n\n\n\n<p><\/p>\n\n\n\n<p><strong>Celulares<\/strong><\/p>\n\n\n\n<p>En los \u00faltimos d\u00edas, la Justicia intent\u00f3 avanzar con los <strong>peritajes a los celulares secuestrados.\u00a0<\/strong>En el caso del <strong>m\u00f3vil de Spagnuolo,<\/strong> se detect\u00f3 que <strong>hay mensajes eliminados del dispositivo,<\/strong> y se busca determinar si hay <strong>conversaciones con el presidente Javier Milei, Karina Milei, \u201cLule\u201d Menem o empresarios vinculados <\/strong>a la causa.<\/p>\n\n\n\n<p><\/p>\n\n\n\n<blockquote class=\"wp-block-quote is-layout-flow wp-block-quote-is-layout-flow\">\n<p>En tanto, los peritos determinaron que el celular de Emmanuel Kovalivker no se podr\u00e1 \u201cabrir\u201d, dado que es un Samsung \u00faltimo modelo y la Justicia no tiene la tecnolog\u00eda apropiada para destrabarlo.<\/p>\n<\/blockquote>\n\n\n\n<p><\/p>\n\n\n\n<p>Hasta el momento, <strong>el Gobierno dispuso una auditor\u00eda interna en la Agencia Nacional de Discapacidad,<\/strong> despu\u00e9s de que designaran a <strong>Alejandro Vilches <\/strong>como interventor del organismo.\u00a0<\/p>\n\n\n\n<p><\/p>\n\n\n\n<p>De esta manera, el funcionario de confianza del ministro de Salud, <strong>Mario Lugones, <\/strong>tendr\u00e1 como objetivo analizar <strong>posibles irregularidades detectadas<\/strong> en los procesos de compra y gesti\u00f3n.\u00a0<\/p>\n\n\n\n<p><\/p>\n\n\n\n<p><em>Fuente: DIB<\/em><\/p>\n","protected":false},"excerpt":{"rendered":"<p>Lo orden\u00f3 la Justicia Federal, a ra\u00edz de los audios filtrados del ex titular de la Agencia Nacional de Discapacidad,<\/p>\n","protected":false},"author":6,"featured_media":180887,"comment_status":"closed","ping_status":"closed","sticky":false,"template":"","format":"standard","meta":{"_jetpack_memberships_contains_paid_content":false,"footnotes":""},"categories":[6,1],"tags":[],"class_list":["post-180886","post","type-post","status-publish","format-standard","has-post-thumbnail","hentry","category-nacionales","category-portada"],"jetpack_featured_media_url":"https:\/\/i0.wp.com\/cdnoticias.com\/wp-content\/uploads\/2025\/08\/allanamiento-andis.webp?fit=790%2C592&ssl=1","jetpack_sharing_enabled":true,"_links":{"self":[{"href":"https:\/\/cdnoticias.com\/index.php\/wp-json\/wp\/v2\/posts\/180886","targetHints":{"allow":["GET"]}}],"collection":[{"href":"https:\/\/cdnoticias.com\/index.php\/wp-json\/wp\/v2\/posts"}],"about":[{"href":"https:\/\/cdnoticias.com\/index.php\/wp-json\/wp\/v2\/types\/post"}],"author":[{"embeddable":true,"href":"https:\/\/cdnoticias.com\/index.php\/wp-json\/wp\/v2\/users\/6"}],"replies":[{"embeddable":true,"href":"https:\/\/cdnoticias.com\/index.php\/wp-json\/wp\/v2\/comments?post=180886"}],"version-history":[{"count":0,"href":"https:\/\/cdnoticias.com\/index.php\/wp-json\/wp\/v2\/posts\/180886\/revisions"}],"wp:featuredmedia":[{"embeddable":true,"href":"https:\/\/cdnoticias.com\/index.php\/wp-json\/wp\/v2\/media\/180887"}],"wp:attachment":[{"href":"https:\/\/cdnoticias.com\/index.php\/wp-json\/wp\/v2\/media?parent=180886"}],"wp:term":[{"taxonomy":"category","embeddable":true,"href":"https:\/\/cdnoticias.com\/index.php\/wp-json\/wp\/v2\/categories?post=180886"},{"taxonomy":"post_tag","embeddable":true,"href":"https:\/\/cdnoticias.com\/index.php\/wp-json\/wp\/v2\/tags?post=180886"}],"curies":[{"name":"wp","href":"https:\/\/api.w.org\/{rel}","templated":true}]}}