{"id":180881,"date":"2025-08-31T16:41:24","date_gmt":"2025-08-31T19:41:24","guid":{"rendered":"https:\/\/cdnoticias.com\/?p=180881"},"modified":"2025-08-31T21:01:49","modified_gmt":"2025-09-01T00:01:49","slug":"conoce-la-nueva-propuesta-de-talleres-del-programa-centros-juveniles","status":"publish","type":"post","link":"https:\/\/cdnoticias.com\/index.php\/2025\/08\/31\/conoce-la-nueva-propuesta-de-talleres-del-programa-centros-juveniles\/","title":{"rendered":"Conoc\u00e9 la nueva propuesta de talleres del programa Centros Juveniles\u00a0"},"content":{"rendered":"\n<p>Entre las opciones, habr\u00e1 pintura y graffiti, freestyle, skateboarding y talleres de abordaje comunitario. Todos son gratuitos.&nbsp;<\/p>\n\n\n\n<hr class=\"wp-block-separator aligncenter has-alpha-channel-opacity\"\/>\n\n\n\n<p>Se dar\u00e1 inicio a los<strong> talleres del programa Centros Juveniles,<\/strong> una pol\u00edtica p\u00fablica <strong>destinada a j\u00f3venes de entre 14 y 29 a\u00f1os,<\/strong> gestionada en conjunto por la Direcci\u00f3n Provincial de Juventudes y el Municipio de Olavarr\u00eda.<\/p>\n\n\n\n<p><\/p>\n\n\n\n<p>La iniciativa busca <strong>generar espacios de participaci\u00f3n, expresi\u00f3n y construcci\u00f3n colectiva<\/strong> a trav\u00e9s de<strong> talleres con anclaje territorial en distintos puntos de la ciudad.<\/strong><\/p>\n\n\n\n<p><\/p>\n\n\n\n<blockquote class=\"wp-block-quote is-layout-flow wp-block-quote-is-layout-flow\">\n<p>Los Centros Juveniles llevar\u00e1n el nombre \u201cDesde el Barrio\u201d y funcionar\u00e1n en articulaci\u00f3n con espacios comunitarios ya existentes, ofreciendo propuestas como pintura y graffiti, freestyle, skateboarding y talleres de abordaje comunitario.<\/p>\n<\/blockquote>\n\n\n\n<p><\/p>\n\n\n\n<p>Esta nueva l\u00ednea de trabajo tiene como objetivo fortalecer el a<strong>compa\u00f1amiento a las juventudes desde una perspectiva de derechos, promoviendo el arte, el deporte urbano<\/strong> y la participaci\u00f3n activa como herramientas de inclusi\u00f3n y transformaci\u00f3n social.<\/p>\n\n\n\n<p><\/p>\n\n\n\n<p>&#8220;<em>Desde la Subsecretar\u00eda de Protecci\u00f3n Integral de Derechos se invita a las juventudes a sumarse a las distintas propuestas del Centro Juvenil, un espacio libre y gratuito, coordinado por j\u00f3venes referentes en cada disciplina, quienes acompa\u00f1an y se vinculan directamente con los chicos y chicas que participan&#8221;<\/em> se\u00f1alaron. <\/p>\n\n\n\n<p><\/p>\n\n\n\n<p>La <strong>inscripci\u00f3n se puede llevar adelante a trav\u00e9s del formulario <\/strong>al que se accede <a href=\"https:\/\/pem.olavarria.gov.ar\/sistema-formularios\/#\/form\/zmOYnyQlw3\" target=\"_blank\" rel=\"noreferrer noopener\">haciendo click aqu\u00ed.<\/a> Los <strong>talleres son completamente gratuitos<\/strong> y se desarrollan en diferentes puntos de la ciudad, de acuerdo al siguiente cronograma:<\/p>\n\n\n\n<p><strong>Lunes<\/strong><\/p>\n\n\n\n<ul class=\"wp-block-list\">\n<li>Taller de Abordaje Comunitario \u2013 15:00 a 17:00 horas. Sede: Casa del Bicentenario.<\/li>\n<\/ul>\n\n\n\n<p><strong>Martes<\/strong><\/p>\n\n\n\n<p>Taller de Freestyle \u2013 17:00 a 19.30 horas. Sede: Centro Deportivo Recreativo DAM.<\/p>\n\n\n\n<p><strong>Mi\u00e9rcoles<\/strong><\/p>\n\n\n\n<p>Taller de Skateboarding \u2013 15:30 a 18:00 horas. Sede: Skatepark \/ Casa del Bicentenario.<\/p>\n\n\n\n<p><strong>Jueves<\/strong><\/p>\n\n\n\n<p>Taller de Skateboarding \u2013 15:30 a 18:00 horas. Sede: Barrio Jard\u00edn.<\/p>\n\n\n\n<p><strong>Viernes<\/strong><\/p>\n\n\n\n<p>Taller de Pintura Urbana\/Graffiti \u2013 17:00 a 19:00 horas. Sede: CIC Barrio Facundo Quiroga II.<\/p>\n\n\n\n<p><\/p>\n","protected":false},"excerpt":{"rendered":"<p>Entre las opciones, habr\u00e1 pintura y graffiti, freestyle, skateboarding y talleres de abordaje comunitario. Todos son gratuitos.&nbsp; Se dar\u00e1 inicio<\/p>\n","protected":false},"author":6,"featured_media":178461,"comment_status":"closed","ping_status":"closed","sticky":false,"template":"","format":"standard","meta":{"_jetpack_memberships_contains_paid_content":false,"footnotes":""},"categories":[9,1],"tags":[],"class_list":["post-180881","post","type-post","status-publish","format-standard","has-post-thumbnail","hentry","category-cultura","category-portada"],"jetpack_featured_media_url":"https:\/\/i0.wp.com\/cdnoticias.com\/wp-content\/uploads\/2025\/08\/olavarria-vacaciones-invierno1.jpg?fit=900%2C531&ssl=1","jetpack_sharing_enabled":true,"_links":{"self":[{"href":"https:\/\/cdnoticias.com\/index.php\/wp-json\/wp\/v2\/posts\/180881","targetHints":{"allow":["GET"]}}],"collection":[{"href":"https:\/\/cdnoticias.com\/index.php\/wp-json\/wp\/v2\/posts"}],"about":[{"href":"https:\/\/cdnoticias.com\/index.php\/wp-json\/wp\/v2\/types\/post"}],"author":[{"embeddable":true,"href":"https:\/\/cdnoticias.com\/index.php\/wp-json\/wp\/v2\/users\/6"}],"replies":[{"embeddable":true,"href":"https:\/\/cdnoticias.com\/index.php\/wp-json\/wp\/v2\/comments?post=180881"}],"version-history":[{"count":0,"href":"https:\/\/cdnoticias.com\/index.php\/wp-json\/wp\/v2\/posts\/180881\/revisions"}],"wp:featuredmedia":[{"embeddable":true,"href":"https:\/\/cdnoticias.com\/index.php\/wp-json\/wp\/v2\/media\/178461"}],"wp:attachment":[{"href":"https:\/\/cdnoticias.com\/index.php\/wp-json\/wp\/v2\/media?parent=180881"}],"wp:term":[{"taxonomy":"category","embeddable":true,"href":"https:\/\/cdnoticias.com\/index.php\/wp-json\/wp\/v2\/categories?post=180881"},{"taxonomy":"post_tag","embeddable":true,"href":"https:\/\/cdnoticias.com\/index.php\/wp-json\/wp\/v2\/tags?post=180881"}],"curies":[{"name":"wp","href":"https:\/\/api.w.org\/{rel}","templated":true}]}}