{"id":180873,"date":"2025-08-30T10:31:33","date_gmt":"2025-08-30T13:31:33","guid":{"rendered":"https:\/\/cdnoticias.com\/?p=180873"},"modified":"2025-08-30T12:30:32","modified_gmt":"2025-08-30T15:30:32","slug":"convocatoria-a-escritores-locales-para-la-29o-feria-del-libro-y-4o-festival-del-libro","status":"publish","type":"post","link":"https:\/\/cdnoticias.com\/index.php\/2025\/08\/30\/convocatoria-a-escritores-locales-para-la-29o-feria-del-libro-y-4o-festival-del-libro\/","title":{"rendered":"Convocatoria a escritores locales para la 29\u00ba Feria del Libro y 4\u00ba Festival del Libro"},"content":{"rendered":"\n<p>La convocatoria se encuentra abierta hasta el viernes 12 de septiembre inclusive. Cupos limitados.<\/p>\n\n\n\n<hr class=\"wp-block-separator aligncenter has-alpha-channel-opacity\"\/>\n\n\n\n<p>Del <strong>9 al 12 de octubre <\/strong>en el <strong>Centro Cultural San Jos\u00e9,<\/strong> se desarrollar\u00e1 la<strong> 29\u00ba edici\u00f3n de la Feria del Libro y el 4\u00ba Festival del Libro.<\/strong><\/p>\n\n\n\n<p><\/p>\n\n\n\n<p>Este evento cultural es de gran inter\u00e9s para la comunidad ya que ofrece <strong>m\u00faltiples y diversas propuestas,<\/strong> como presentaciones, charlas, talleres, espacios l\u00fadicos-recreativos y exposiciones.<\/p>\n\n\n\n<p><\/p>\n\n\n\n<blockquote class=\"wp-block-quote is-layout-flow wp-block-quote-is-layout-flow\">\n<p>Entre sus propuestas se encuentra la presentaci\u00f3n de escritores locales, regionales y nacionales que ven en esta actividad la posibilidad de dar a conocer sus obras.<\/p>\n<\/blockquote>\n\n\n\n<p><\/p>\n\n\n\n<p>Se <strong>convoca a los escritores locales <\/strong>que deseen participar a que se inscriban a trav\u00e9s del <a href=\"https:\/\/docs.google.com\/forms\/d\/e\/1FAIpQLSfR6qDoP99UVxFHEJPaD6WsYEtNEyDR6wIIjJxegZfaODmg5A\/viewform\" target=\"_blank\" rel=\"noreferrer noopener\">siguiente formulario. <\/a><strong>La convocatoria se encuentra abierta hasta el viernes 12 de septiembre inclusive<\/strong>. Asimismo, se inform\u00f3 que <strong>el cupo de escritores seleccionados ser\u00e1 limitado<\/strong> dada la programaci\u00f3n prevista.<\/p>\n\n\n\n<p><\/p>\n\n\n\n<p>Una vez finalizado el per\u00edodo de inscripci\u00f3n, <strong>los organizadores se comunicar\u00e1n con cada solicitante para informar si los autores quedan confirmados dentro de la programaci\u00f3n 2025 <\/strong>y en tal caso cu\u00e1l ser\u00e1 el d\u00eda, horario y sala de presentaci\u00f3n, as\u00ed como otras especificaciones que resulten necesarias.\u00a0<\/p>\n\n\n\n<p><\/p>\n\n\n\n<p>Por \u00faltimo, los organizadores se reservan el derecho a proponer a los solicitantes la presentaci\u00f3n conjunta y\/o colectiva de obras\/autores afines en el \u00e1mbito de una misma mesa.<\/p>\n","protected":false},"excerpt":{"rendered":"<p>La convocatoria se encuentra abierta hasta el viernes 12 de septiembre inclusive. Cupos limitados. Del 9 al 12 de octubre<\/p>\n","protected":false},"author":6,"featured_media":130053,"comment_status":"closed","ping_status":"closed","sticky":false,"template":"","format":"standard","meta":{"_jetpack_memberships_contains_paid_content":false,"footnotes":""},"categories":[9,1],"tags":[],"class_list":["post-180873","post","type-post","status-publish","format-standard","has-post-thumbnail","hentry","category-cultura","category-portada"],"jetpack_featured_media_url":"https:\/\/i0.wp.com\/cdnoticias.com\/wp-content\/uploads\/2024\/11\/feria-festival-libros.jpg?fit=800%2C445&ssl=1","jetpack_sharing_enabled":true,"_links":{"self":[{"href":"https:\/\/cdnoticias.com\/index.php\/wp-json\/wp\/v2\/posts\/180873","targetHints":{"allow":["GET"]}}],"collection":[{"href":"https:\/\/cdnoticias.com\/index.php\/wp-json\/wp\/v2\/posts"}],"about":[{"href":"https:\/\/cdnoticias.com\/index.php\/wp-json\/wp\/v2\/types\/post"}],"author":[{"embeddable":true,"href":"https:\/\/cdnoticias.com\/index.php\/wp-json\/wp\/v2\/users\/6"}],"replies":[{"embeddable":true,"href":"https:\/\/cdnoticias.com\/index.php\/wp-json\/wp\/v2\/comments?post=180873"}],"version-history":[{"count":0,"href":"https:\/\/cdnoticias.com\/index.php\/wp-json\/wp\/v2\/posts\/180873\/revisions"}],"wp:featuredmedia":[{"embeddable":true,"href":"https:\/\/cdnoticias.com\/index.php\/wp-json\/wp\/v2\/media\/130053"}],"wp:attachment":[{"href":"https:\/\/cdnoticias.com\/index.php\/wp-json\/wp\/v2\/media?parent=180873"}],"wp:term":[{"taxonomy":"category","embeddable":true,"href":"https:\/\/cdnoticias.com\/index.php\/wp-json\/wp\/v2\/categories?post=180873"},{"taxonomy":"post_tag","embeddable":true,"href":"https:\/\/cdnoticias.com\/index.php\/wp-json\/wp\/v2\/tags?post=180873"}],"curies":[{"name":"wp","href":"https:\/\/api.w.org\/{rel}","templated":true}]}}