{"id":180852,"date":"2025-08-29T20:17:45","date_gmt":"2025-08-29T23:17:45","guid":{"rendered":"https:\/\/cdnoticias.com\/?p=180852"},"modified":"2025-08-29T20:17:47","modified_gmt":"2025-08-29T23:17:47","slug":"presentaron-el-torneo-regional-de-rugby-femenino","status":"publish","type":"post","link":"https:\/\/cdnoticias.com\/index.php\/2025\/08\/29\/presentaron-el-torneo-regional-de-rugby-femenino\/","title":{"rendered":"Presentaron el Torneo Regional de Rugby Femenino"},"content":{"rendered":"\n<p>Ser\u00e1 este fin de semana en nuestra ciudad, con la llegada de clubes y jugadoras de toda la Provincia y otros puntos del pa\u00eds.<\/p>\n\n\n\n<hr class=\"wp-block-separator aligncenter has-alpha-channel-opacity\"\/>\n\n\n\n<p>Este viernes, en el Sal\u00f3n Blanco de la Municipalidad de Olavarr\u00eda, se concret\u00f3 la presentaci\u00f3n oficial del Torneo Regional de Rugby Femenino, una competencia que tendr\u00e1 lugar en la ciudad los d\u00edas 29, 30 y 31 de agosto y que promete reunir a deportistas de distintos puntos de la regi\u00f3n.<\/p>\n\n\n\n<p>El anuncio fue encabezado por representantes del Club Atl\u00e9tico Estudiantes \u2014entidad organizadora del certamen\u2014 junto a funcionarios municipales, quienes remarcaron la importancia de que Olavarr\u00eda se convierta en anfitriona de un evento de esta magnitud. Tambi\u00e9n participaron entrenadores y jugadoras que se preparan para competir, aportando su testimonio sobre la expectativa que genera el torneo.<\/p>\n\n\n\n<figure class=\"wp-block-image size-full\"><img data-recalc-dims=\"1\" loading=\"lazy\" decoding=\"async\" width=\"800\" height=\"534\" src=\"https:\/\/i0.wp.com\/cdnoticias.com\/wp-content\/uploads\/2025\/08\/Presentacion-Rugby-Femenino-08.jpg?resize=800%2C534&#038;ssl=1\" alt=\"\" class=\"wp-image-180860\" srcset=\"https:\/\/i0.wp.com\/cdnoticias.com\/wp-content\/uploads\/2025\/08\/Presentacion-Rugby-Femenino-08.jpg?w=1024&amp;ssl=1 1024w, https:\/\/i0.wp.com\/cdnoticias.com\/wp-content\/uploads\/2025\/08\/Presentacion-Rugby-Femenino-08.jpg?resize=300%2C200&amp;ssl=1 300w, https:\/\/i0.wp.com\/cdnoticias.com\/wp-content\/uploads\/2025\/08\/Presentacion-Rugby-Femenino-08.jpg?resize=768%2C513&amp;ssl=1 768w, https:\/\/i0.wp.com\/cdnoticias.com\/wp-content\/uploads\/2025\/08\/Presentacion-Rugby-Femenino-08.jpg?resize=272%2C182&amp;ssl=1 272w\" sizes=\"auto, (max-width: 800px) 100vw, 800px\" \/><\/figure>\n\n\n\n<figure class=\"wp-block-image size-full\"><img data-recalc-dims=\"1\" loading=\"lazy\" decoding=\"async\" width=\"800\" height=\"534\" src=\"https:\/\/i0.wp.com\/cdnoticias.com\/wp-content\/uploads\/2025\/08\/Presentacion-Rugby-Femenino-12.jpg?resize=800%2C534&#038;ssl=1\" alt=\"\" class=\"wp-image-180864\" srcset=\"https:\/\/i0.wp.com\/cdnoticias.com\/wp-content\/uploads\/2025\/08\/Presentacion-Rugby-Femenino-12.jpg?w=1024&amp;ssl=1 1024w, https:\/\/i0.wp.com\/cdnoticias.com\/wp-content\/uploads\/2025\/08\/Presentacion-Rugby-Femenino-12.jpg?resize=300%2C200&amp;ssl=1 300w, https:\/\/i0.wp.com\/cdnoticias.com\/wp-content\/uploads\/2025\/08\/Presentacion-Rugby-Femenino-12.jpg?resize=768%2C512&amp;ssl=1 768w, https:\/\/i0.wp.com\/cdnoticias.com\/wp-content\/uploads\/2025\/08\/Presentacion-Rugby-Femenino-12.jpg?resize=272%2C182&amp;ssl=1 272w\" sizes=\"auto, (max-width: 800px) 100vw, 800px\" \/><\/figure>\n\n\n\n<p>La propuesta deportiva convocar\u00e1 a m\u00e1s de 200 jugadoras distribuidas en tres categor\u00edas: prejuvenil, juvenil y mayores. Todas ellas integran equipos que llegar\u00e1n desde ciudades como Santa Rosa (La Pampa), General Villegas, Bol\u00edvar, Villa Gesell y Mar del Plata, entre otras localidades que ya confirmaron su presencia.<\/p>\n\n\n\n<figure class=\"wp-block-image size-full\"><img data-recalc-dims=\"1\" loading=\"lazy\" decoding=\"async\" width=\"800\" height=\"534\" src=\"https:\/\/i0.wp.com\/cdnoticias.com\/wp-content\/uploads\/2025\/08\/Presentacion-Rugby-Femenino-03.jpg?resize=800%2C534&#038;ssl=1\" alt=\"\" class=\"wp-image-180855\" srcset=\"https:\/\/i0.wp.com\/cdnoticias.com\/wp-content\/uploads\/2025\/08\/Presentacion-Rugby-Femenino-03.jpg?w=1024&amp;ssl=1 1024w, https:\/\/i0.wp.com\/cdnoticias.com\/wp-content\/uploads\/2025\/08\/Presentacion-Rugby-Femenino-03.jpg?resize=300%2C200&amp;ssl=1 300w, https:\/\/i0.wp.com\/cdnoticias.com\/wp-content\/uploads\/2025\/08\/Presentacion-Rugby-Femenino-03.jpg?resize=768%2C512&amp;ssl=1 768w, https:\/\/i0.wp.com\/cdnoticias.com\/wp-content\/uploads\/2025\/08\/Presentacion-Rugby-Femenino-03.jpg?resize=272%2C182&amp;ssl=1 272w\" sizes=\"auto, (max-width: 800px) 100vw, 800px\" \/><\/figure>\n\n\n\n<p>De este modo, Olavarr\u00eda se prepara para un fin de semana a puro rugby femenino, con partidos que no solo tendr\u00e1n un fuerte atractivo deportivo, sino que tambi\u00e9n consolidan a la ciudad como sede de eventos regionales de gran escala. La llegada de delegaciones desde diferentes puntos de la provincia y de provincias vecinas refuerza adem\u00e1s el car\u00e1cter integrador de la disciplina, que contin\u00faa en expansi\u00f3n y con mayor participaci\u00f3n en todas sus categor\u00edas.<\/p>\n","protected":false},"excerpt":{"rendered":"<p>Ser\u00e1 este fin de semana en nuestra ciudad, con la llegada de clubes y jugadoras de toda la Provincia y<\/p>\n","protected":false},"author":2,"featured_media":180863,"comment_status":"closed","ping_status":"closed","sticky":false,"template":"","format":"standard","meta":{"_jetpack_memberships_contains_paid_content":false,"footnotes":""},"categories":[29,30,1],"tags":[],"class_list":["post-180852","post","type-post","status-publish","format-standard","has-post-thumbnail","hentry","category-deportes","category-polideportivo","category-portada"],"jetpack_featured_media_url":"https:\/\/i0.wp.com\/cdnoticias.com\/wp-content\/uploads\/2025\/08\/Presentacion-Rugby-Femenino-11.jpg?fit=1024%2C683&ssl=1","jetpack_sharing_enabled":true,"_links":{"self":[{"href":"https:\/\/cdnoticias.com\/index.php\/wp-json\/wp\/v2\/posts\/180852","targetHints":{"allow":["GET"]}}],"collection":[{"href":"https:\/\/cdnoticias.com\/index.php\/wp-json\/wp\/v2\/posts"}],"about":[{"href":"https:\/\/cdnoticias.com\/index.php\/wp-json\/wp\/v2\/types\/post"}],"author":[{"embeddable":true,"href":"https:\/\/cdnoticias.com\/index.php\/wp-json\/wp\/v2\/users\/2"}],"replies":[{"embeddable":true,"href":"https:\/\/cdnoticias.com\/index.php\/wp-json\/wp\/v2\/comments?post=180852"}],"version-history":[{"count":0,"href":"https:\/\/cdnoticias.com\/index.php\/wp-json\/wp\/v2\/posts\/180852\/revisions"}],"wp:featuredmedia":[{"embeddable":true,"href":"https:\/\/cdnoticias.com\/index.php\/wp-json\/wp\/v2\/media\/180863"}],"wp:attachment":[{"href":"https:\/\/cdnoticias.com\/index.php\/wp-json\/wp\/v2\/media?parent=180852"}],"wp:term":[{"taxonomy":"category","embeddable":true,"href":"https:\/\/cdnoticias.com\/index.php\/wp-json\/wp\/v2\/categories?post=180852"},{"taxonomy":"post_tag","embeddable":true,"href":"https:\/\/cdnoticias.com\/index.php\/wp-json\/wp\/v2\/tags?post=180852"}],"curies":[{"name":"wp","href":"https:\/\/api.w.org\/{rel}","templated":true}]}}