{"id":180846,"date":"2025-08-31T17:30:12","date_gmt":"2025-08-31T20:30:12","guid":{"rendered":"https:\/\/cdnoticias.com\/?p=180846"},"modified":"2025-09-01T09:25:31","modified_gmt":"2025-09-01T12:25:31","slug":"este-lunes-defensa-al-consumidor-estara-en-loma-negra","status":"publish","type":"post","link":"https:\/\/cdnoticias.com\/index.php\/2025\/08\/31\/este-lunes-defensa-al-consumidor-estara-en-loma-negra\/","title":{"rendered":"Este lunes, Defensa al Consumidor estar\u00e1 en Loma Negra\u00a0"},"content":{"rendered":"\n<p>El objetivo es facilitar tr\u00e1mites y brindar asesoramiento a la comunidad, en todo lo referido a denuncias en materia de defensa al consumidor o solicitudes de mediaciones vecinales.\u00a0<\/p>\n\n\n\n<hr class=\"wp-block-separator aligncenter has-alpha-channel-opacity\"\/>\n\n\n\n<p>La <strong>Direcci\u00f3n de Defensa al Consumidor y Relaciones Vecinales <\/strong>contin\u00faa con el <strong>programa de atenci\u00f3n descentralizada en las localidades <\/strong>del Partido de Olavarr\u00eda, con la finalidad de brindar una mejor atenci\u00f3n para vecinos y vecinas.<\/p>\n\n\n\n<p><\/p>\n\n\n\n<blockquote class=\"wp-block-quote is-layout-flow wp-block-quote-is-layout-flow\">\n<p>El pr\u00f3ximo lunes 1\u00ba de septiembre el titular del \u00e1rea Jorge Garaiz y parte de su equipo estar\u00e1 en la sede de la Delegaci\u00f3n Municipal de Loma Negra (1\u00ba de Mayo 1448), de 9 a 11 horas.\u00a0<\/p>\n<\/blockquote>\n\n\n\n<p><\/p>\n\n\n\n<p>El objetivo es <strong>facilitar tr\u00e1mites y brindar asesoramiento a la comunidad,<\/strong> en todo lo referido a <strong>denuncias en materia de defensa al consumidor o solicitudes de mediaciones vecinales.<\/strong><\/p>\n\n\n\n<p><\/p>\n\n\n\n<blockquote class=\"wp-block-quote is-layout-flow wp-block-quote-is-layout-flow\">\n<p>Defensa del Consumidor puede actuar en casos en los que la compra del producto o servicio se realiz\u00f3 dentro de los l\u00edmites del Partido de Olavarr\u00eda, ya sea en forma domiciliaria, internet, en forma telef\u00f3nica o puerta a puerta. Tambi\u00e9n abarca, por ejemplo, incumplimientos de contratos, ofertas, baja de servicio, cambio de producto o tipo de servicio, d\u00e9bito indebido, anulaci\u00f3n de compra, error de facturaci\u00f3n, fallas en la calidad de productos o servicios, extrav\u00edo de encomienda, mala atenci\u00f3n entre otros.<\/p>\n<\/blockquote>\n\n\n\n<p><\/p>\n\n\n\n<p>En tanto que desde el<strong> \u00e1rea de Relaciones Vecinales <\/strong>se hace hincapi\u00e9 en la <strong>importancia de la mediaci\u00f3n comunitaria<\/strong> para promover reflexiones sobre la forma de relaci\u00f3n habitual y la<strong> importancia del di\u00e1logo constructivo<\/strong> para una sana convivencia entre vecinos.\u00a0<\/p>\n\n\n\n<p><\/p>\n\n\n\n<p>En el servicio de Mediaci\u00f3n Comunitaria se tratan por ejemplo temas como: <strong>desavenencias por filtraciones, medianeras, \u00e1rboles, ruidos molestos y de convivencia en general.<\/strong><\/p>\n\n\n\n<p><\/p>\n","protected":false},"excerpt":{"rendered":"<p>El objetivo es facilitar tr\u00e1mites y brindar asesoramiento a la comunidad, en todo lo referido a denuncias en materia de<\/p>\n","protected":false},"author":6,"featured_media":70795,"comment_status":"closed","ping_status":"closed","sticky":false,"template":"","format":"standard","meta":{"_jetpack_memberships_contains_paid_content":false,"footnotes":""},"categories":[5,1],"tags":[],"class_list":["post-180846","post","type-post","status-publish","format-standard","has-post-thumbnail","hentry","category-informacion-general","category-portada"],"jetpack_featured_media_url":"https:\/\/i0.wp.com\/cdnoticias.com\/wp-content\/uploads\/2022\/11\/defensaalconsumidor.jpg?fit=1024%2C683&ssl=1","jetpack_sharing_enabled":true,"_links":{"self":[{"href":"https:\/\/cdnoticias.com\/index.php\/wp-json\/wp\/v2\/posts\/180846","targetHints":{"allow":["GET"]}}],"collection":[{"href":"https:\/\/cdnoticias.com\/index.php\/wp-json\/wp\/v2\/posts"}],"about":[{"href":"https:\/\/cdnoticias.com\/index.php\/wp-json\/wp\/v2\/types\/post"}],"author":[{"embeddable":true,"href":"https:\/\/cdnoticias.com\/index.php\/wp-json\/wp\/v2\/users\/6"}],"replies":[{"embeddable":true,"href":"https:\/\/cdnoticias.com\/index.php\/wp-json\/wp\/v2\/comments?post=180846"}],"version-history":[{"count":0,"href":"https:\/\/cdnoticias.com\/index.php\/wp-json\/wp\/v2\/posts\/180846\/revisions"}],"wp:featuredmedia":[{"embeddable":true,"href":"https:\/\/cdnoticias.com\/index.php\/wp-json\/wp\/v2\/media\/70795"}],"wp:attachment":[{"href":"https:\/\/cdnoticias.com\/index.php\/wp-json\/wp\/v2\/media?parent=180846"}],"wp:term":[{"taxonomy":"category","embeddable":true,"href":"https:\/\/cdnoticias.com\/index.php\/wp-json\/wp\/v2\/categories?post=180846"},{"taxonomy":"post_tag","embeddable":true,"href":"https:\/\/cdnoticias.com\/index.php\/wp-json\/wp\/v2\/tags?post=180846"}],"curies":[{"name":"wp","href":"https:\/\/api.w.org\/{rel}","templated":true}]}}